{"id":1024902,"date":"2026-05-17T03:29:19","date_gmt":"2026-05-17T03:29:19","guid":{"rendered":"https:\/\/www.europesays.com\/de\/1024902\/"},"modified":"2026-05-17T03:29:19","modified_gmt":"2026-05-17T03:29:19","slug":"so-haelt-arminia-bielefeld-die-klasse-und-so-steigt-der-sc-paderborn-auf","status":"publish","type":"post","link":"https:\/\/www.europesays.com\/de\/1024902\/","title":{"rendered":"So h\u00e4lt Arminia Bielefeld die Klasse \u2013 und so steigt der SC Paderborn auf"},"content":{"rendered":"<p class=\"&#10;      nw-text-base&#10;      nw-text-gray-500&#10;      nw-font-medium&#10;    \">\n        2. Bundesliga\n    <\/p>\n<p>    <img decoding=\"async\" src=\"https:\/\/www.nw.de\/_apps\/nw\/plus.svg\" alt=\"NW+-Icon\" style=\"margin-bottom:4px\" height=\"14px\" data-cmp-info=\"10\"\/><\/p>\n<p>                So h\u00e4lt Arminia Bielefeld die Klasse \u2013 und so steigt der SC Paderborn auf<\/p>\n<p class=\"nw-text-lg nw-text-black md:nw-w-5\/6 nw-pb-7\">\n                W\u00e4hrend der DSC im Tabellenkeller zittern muss, hofft der SCP noch auf eine Bundesliga-R\u00fcckkehr. Das sind die m\u00f6glichen Szenarien f\u00fcr das Saisonfinale.\n            <\/p>\n<p class=\"nw-text-base nw-font-bold nw-text-gray-600 dark:nw-text-white nw-mb-0 nw-leading-snug\">\n                        Mehr Nachrichten aus OWL in Ihren Suchergebnissen\n                    <\/p>\n<p class=\"nw-text-base nw-text-gray-400 dark:nw-text-white\/60 nw-mb-0 nw-mt-1.5 nw-leading-snug\">\n                        Legen Sie NW.de als bevorzugte Quelle fest.\n                    <\/p>\n<p>                <a href=\"https:\/\/google.com\/preferences\/source?q=nw.de\" target=\"_blank\" rel=\"noopener noreferrer nofollow\" aria-label=\"NW.de bei Google als bevorzugte Nachrichtenquelle festlegen \u2013 \u00f6ffnet Google-Einstellungen in einem neuen Tab\" data-track=\"matomo\" data-track-category=\"preferred_source\" data-track-action=\"click\" data-track-name=\"preferred_source_google_click\" class=\"nw-flex nw-items-center nw-justify-center nw-w-full sm:nw-w-auto sm:nw-self-center sm:nw-shrink-0&#010;            nw-rounded-full nw-border nw-border-transparent&#010;            nw-bg-red-0&#010;            nw-shadow-sm&#010;            nw-px-5 nw-h-12 sm:nw-h-11 nw-text-base nw-font-semibold&#010;            nw-text-white&#010;            hover:nw-bg-red-100 hover:nw-shadow&#010;            focus-visible:nw-outline-2 focus-visible:nw-outline-offset-2 focus-visible:nw-outline-hk-blue-200 dark:focus-visible:nw-outline-white&#010;            nw-transition-all motion-reduce:nw-transition-none\"><br \/>\n                    Bei Google hinzuf\u00fcgen<br \/>\n                <\/a><\/p>\n","protected":false},"excerpt":{"rendered":"2. Bundesliga So h\u00e4lt Arminia Bielefeld die Klasse \u2013 und so steigt der SC Paderborn auf W\u00e4hrend der&hellip;\n","protected":false},"author":2,"featured_media":1024903,"comment_status":"","ping_status":"","sticky":false,"template":"","format":"standard","meta":{"footnotes":"","_share_on_mastodon":"0"},"categories":[1841],"tags":[7974,7973,2368,1605,6429,16785,3364,29,3405,3766,8704,3158,3132,4347,220098,30,46,2366,3140,10243,4281,1611,1608,16896,4063,198343,2381,164252,2380,16897,1209,22058,727,36503,3135,622,15351,8306,8305,5079,29715,30618],"class_list":["post-1024902","post","type-post","status-publish","format-standard","has-post-thumbnail","category-bielefeld","tag-1-fc-kaiserslautern","tag-1-fc-magdeburg","tag-arminia-bielefeld","tag-bielefeld","tag-braunschweig","tag-darmstadt","tag-de","tag-deutschland","tag-duesseldorf","tag-dynamo-dresden","tag-eintracht-braunschweig","tag-fc-schalke-04","tag-fortuna-duesseldorf","tag-fuerth","tag-fussballsonntag","tag-germany","tag-hannover","tag-hannover-96","tag-hertha-bsc-berlin","tag-holstein-kiel","tag-label_arminia","tag-label_informiere-mich","tag-label_top-news","tag-label_xl-160","tag-magdeburg","tag-meta_artikelklasse_aboanker","tag-meta_copyrights_rgowl_freier_mitarbeiter","tag-meta_eo_zusammenfassung","tag-meta_themen_arminia_bielefeld","tag-meta_userneeds_erklaeremir","tag-nordrhein-westfalen","tag-ostwestfalen-lippe","tag-paderborn","tag-saisonfinale","tag-sc-paderborn","tag-sc-paderborn-07","tag-scp","tag-spvgg-greuther-fuerth","tag-sv-darmstadt-98","tag-sv-elversberg","tag-szenarium","tag-zweitligaklub"],"share_on_mastodon":{"url":"","error":"Validation failed: Text character limit of 500 exceeded"},"_links":{"self":[{"href":"https:\/\/www.europesays.com\/de\/wp-json\/wp\/v2\/posts\/1024902","targetHints":{"allow":["GET"]}}],"collection":[{"href":"https:\/\/www.europesays.com\/de\/wp-json\/wp\/v2\/posts"}],"about":[{"href":"https:\/\/www.europesays.com\/de\/wp-json\/wp\/v2\/types\/post"}],"author":[{"embeddable":true,"href":"https:\/\/www.europesays.com\/de\/wp-json\/wp\/v2\/users\/2"}],"replies":[{"embeddable":true,"href":"https:\/\/www.europesays.com\/de\/wp-json\/wp\/v2\/comments?post=1024902"}],"version-history":[{"count":0,"href":"https:\/\/www.europesays.com\/de\/wp-json\/wp\/v2\/posts\/1024902\/revisions"}],"wp:featuredmedia":[{"embeddable":true,"href":"https:\/\/www.europesays.com\/de\/wp-json\/wp\/v2\/media\/1024903"}],"wp:attachment":[{"href":"https:\/\/www.europesays.com\/de\/wp-json\/wp\/v2\/media?parent=1024902"}],"wp:term":[{"taxonomy":"category","embeddable":true,"href":"https:\/\/www.europesays.com\/de\/wp-json\/wp\/v2\/categories?post=1024902"},{"taxonomy":"post_tag","embeddable":true,"href":"https:\/\/www.europesays.com\/de\/wp-json\/wp\/v2\/tags?post=1024902"}],"curies":[{"name":"wp","href":"https:\/\/api.w.org\/{rel}","templated":true}]}}