{"id":102515,"date":"2025-05-11T16:05:09","date_gmt":"2025-05-11T16:05:09","guid":{"rendered":"https:\/\/www.europesays.com\/de\/102515\/"},"modified":"2025-05-11T16:05:09","modified_gmt":"2025-05-11T16:05:09","slug":"bergische-expo-wirbt-um-fachkraefte","status":"publish","type":"post","link":"https:\/\/www.europesays.com\/de\/102515\/","title":{"rendered":"Bergische Expo wirbt um Fachkr\u00e4fte"},"content":{"rendered":"<p class=\"text_ohne_einzug richtext text-em-55 !leading-serif mx-6 desktop:mx-0\"> Vom Dienstleister bis zum Robotik-Anbieter reicht das Spektrum der Unternehmen, die die Besucher der Bergischen Expo \u00fcber ihr Angebot und Karrierem\u00f6glichkeiten informieren: Zum zweiten Mal nach 2023 geht die gro\u00dfe Berufs- und Ausbildungsmesse am Freitag, 16. und Samstag, 17. Mai \u00fcber die B\u00fchne. Schauplatz ist wie bei der Premiere vor zwei Jahren Wuppertal-Elberfeld: Am D\u00f6ppersberg zwischen Hauptbahnhof und City-Arkaden postieren sich die Aussteller in ihren Pavillons.<\/p>\n","protected":false},"excerpt":{"rendered":"Vom Dienstleister bis zum Robotik-Anbieter reicht das Spektrum der Unternehmen, die die Besucher der Bergischen Expo \u00fcber ihr&hellip;\n","protected":false},"author":2,"featured_media":102516,"comment_status":"","ping_status":"","sticky":false,"template":"","format":"standard","meta":{"footnotes":""},"categories":[1840],"tags":[6567,40604,9591,20276,16314,752,3364,29,40602,30,5665,54,40605,47,1209,21537,40603,4418],"class_list":{"0":"post-102515","1":"post","2":"type-post","3":"status-publish","4":"format-standard","5":"has-post-thumbnail","7":"category-wuppertal","8":"tag-anbieter","9":"tag-ausbildungsmesse","10":"tag-aussteller","11":"tag-bergische","12":"tag-bergischen","13":"tag-bildung","14":"tag-de","15":"tag-deutschland","16":"tag-expo","17":"tag-germany","18":"tag-ihk","19":"tag-industrie","20":"tag-industriemesser","21":"tag-messe","22":"tag-nordrhein-westfalen","23":"tag-remscheid","24":"tag-stottrop","25":"tag-wuppertal"},"share_on_mastodon":{"url":"https:\/\/pubeurope.com\/@de\/114490056614047792","error":""},"_links":{"self":[{"href":"https:\/\/www.europesays.com\/de\/wp-json\/wp\/v2\/posts\/102515","targetHints":{"allow":["GET"]}}],"collection":[{"href":"https:\/\/www.europesays.com\/de\/wp-json\/wp\/v2\/posts"}],"about":[{"href":"https:\/\/www.europesays.com\/de\/wp-json\/wp\/v2\/types\/post"}],"author":[{"embeddable":true,"href":"https:\/\/www.europesays.com\/de\/wp-json\/wp\/v2\/users\/2"}],"replies":[{"embeddable":true,"href":"https:\/\/www.europesays.com\/de\/wp-json\/wp\/v2\/comments?post=102515"}],"version-history":[{"count":0,"href":"https:\/\/www.europesays.com\/de\/wp-json\/wp\/v2\/posts\/102515\/revisions"}],"wp:featuredmedia":[{"embeddable":true,"href":"https:\/\/www.europesays.com\/de\/wp-json\/wp\/v2\/media\/102516"}],"wp:attachment":[{"href":"https:\/\/www.europesays.com\/de\/wp-json\/wp\/v2\/media?parent=102515"}],"wp:term":[{"taxonomy":"category","embeddable":true,"href":"https:\/\/www.europesays.com\/de\/wp-json\/wp\/v2\/categories?post=102515"},{"taxonomy":"post_tag","embeddable":true,"href":"https:\/\/www.europesays.com\/de\/wp-json\/wp\/v2\/tags?post=102515"}],"curies":[{"name":"wp","href":"https:\/\/api.w.org\/{rel}","templated":true}]}}