{"id":1025207,"date":"2026-05-17T06:52:28","date_gmt":"2026-05-17T06:52:28","guid":{"rendered":"https:\/\/www.europesays.com\/de\/1025207\/"},"modified":"2026-05-17T06:52:28","modified_gmt":"2026-05-17T06:52:28","slug":"parkeisenbahn-dresden-theo-11-lebt-dort-seinen-traum","status":"publish","type":"post","link":"https:\/\/www.europesays.com\/de\/1025207\/","title":{"rendered":"Parkeisenbahn Dresden: Theo (11) lebt dort seinen Traum"},"content":{"rendered":"<p>&#8222;Ich konnte es kaum noch aushalten&#8220; <\/p>\n<p>Der elfj\u00e4hrige Theo liebt seinen Job bei der Parkeisenbahn<\/p>\n<ul class=\"grid grid-flow-col gap-4\" aria-label=\"Autorenbilder\">\n<li class=\"leading-0\"><img data-tb-author-image=\"\"  loading=\"lazy\" src=\"https:\/\/www.europesays.com\/de\/wp-content\/uploads\/2025\/09\/1759019593_803_image.jpg\" alt=\"\" title=\"\" width=\"40\" height=\"40\" class=\"\" decoding=\"async\"\/><\/li>\n<\/ul>\n<p>Aktualisiert am 17.05.2026 &#8211; 07:30 UhrLesedauer: 3 Min.<\/p>\n<p><a href=\"#focus-0\" class=\"transition-colors duration-200 block text-current relative\" data-sctrack=\"FocusGalleryImage.Reference\"><img fetchpriority=\"high\" data-testid=\"Opener.Image\"   loading=\"eager\" src=\"https:\/\/www.europesays.com\/de\/wp-content\/uploads\/2026\/05\/1779000743_886_image.jpg\" alt=\"Theo in seinem Element: Bei der Parkeisenbahn im Gro\u00dfen Garten ist der Elfj\u00e4hrige meist als Erster im Dienst.\" title=\"Theo in seinem Element: Bei der Parkeisenbahn im Gro\u00dfen Garten ist der Elfj\u00e4hrige meist als Erster im Dienst.\" width=\"2843\" height=\"1599\" class=\"bg-[url:var(--lqipURL)] bg-cover bg-center flex h-full w-full max-w-full\" style=\"--lqipURL:url('https:\/\/images.t-online.de\/2026\/05\/LJsoVAS8JN09\/889x1139:2843x1599\/fit-in\/150x0\/filters:blur(25)\/image.jpg')\" decoding=\"async\"\/><img loading=\"lazy\" src=\"https:\/\/dresden.t-online.de\/s\/paper\/_next\/static\/media\/zoom-in.f7dae02f.svg\" alt=\"Vergr\u00f6\u00dfern des Bildes\" title=\"Vergr\u00f6\u00dfern des Bildes\" class=\"block h-[calc(var(--height)_\/_16_*_1rem)] w-[calc(var(--width)_\/_16_*_1rem)] max-w-none absolute bottom-8 right-8 rounded-4 bg-snow p-8\" style=\"--width:32;--height:32\" decoding=\"async\"\/><\/a><\/p>\n<p>Theo in seinem Element: Bei der Parkeisenbahn im Gro\u00dfen Garten ist der Elfj\u00e4hrige meist als Erster im Dienst. (Quelle: t-online)<\/p>\n<p><img loading=\"lazy\" src=\"https:\/\/dresden.t-online.de\/s\/paper\/_next\/static\/media\/audio-volume.6689034c.svg\" alt=\"\" title=\"\" class=\"block h-[calc(var(--height)_\/_16_*_1rem)] w-[calc(var(--width)_\/_16_*_1rem)] max-w-none group-hover:brightness-0 group-hover:invert\" style=\"--width:16;--height:16\" decoding=\"async\"\/>Vorlesen<\/p>\n<p>Aktuelle Zeit:0:00Gesamtdauer:0:00<\/p>\n<p>1x<\/p>\n<p class=\"text-center\">Jetzt neu bei t-online:<\/p>\n<p class=\"text-center\">Schriftgr\u00f6\u00dfe anpassen!<\/p>\n<p><img loading=\"lazy\" src=\"https:\/\/dresden.t-online.de\/s\/paper\/_next\/static\/media\/font-sizes.32942e33.svg\" alt=\"\" title=\"\" class=\"block h-[calc(var(--height)_\/_16_*_1rem)] w-[calc(var(--width)_\/_16_*_1rem)] max-w-none group-hover:hidden group-aria-expanded:hidden\" style=\"--width:16;--height:16\" decoding=\"async\"\/><img loading=\"lazy\" src=\"https:\/\/dresden.t-online.de\/s\/paper\/_next\/static\/media\/font-sizes-dark-mode.e382645c.svg\" alt=\"\" title=\"\" class=\"block h-[calc(var(--height)_\/_16_*_1rem)] w-[calc(var(--width)_\/_16_*_1rem)] max-w-none hidden group-hover:block group-aria-expanded:block\" style=\"--width:16;--height:16\" decoding=\"async\"\/><img loading=\"lazy\" src=\"https:\/\/dresden.t-online.de\/s\/paper\/_next\/static\/media\/sharing-menu-icon.1eb71368.svg\" alt=\"\" title=\"\" class=\"block h-[calc(var(--height)_\/_16_*_1rem)] w-[calc(var(--width)_\/_16_*_1rem)] max-w-none group-hover:brightness-0 group-hover:invert\" style=\"--width:16;--height:16\" decoding=\"async\"\/>Artikel teilen<\/p>\n<p class=\"font-bold text-18 leading-17 user-text-lg:text-22 user-text-xl:text-24\">Nach der Schule tr\u00e4gt der F\u00fcnftkl\u00e4ssler Verantwortung f\u00fcr Hunderte Fahrg\u00e4ste. Bei der Dresdner Parkeisenbahn macht er Ansagen, bedient Schranken und pfeift im Notfall dreimal schnell hintereinander.<\/p>\n<p class=\"text-18 leading-17 user-text-lg:text-22 user-text-xl:text-24\">Pl\u00f6tzlich schrillt eine Klingel im Stellwerk \u2013 das Signal, dass sich ein Zug n\u00e4hert. Theo l\u00e4sst sich davon nicht aus der Ruhe bringen. Erst als der Zug tats\u00e4chlich kurz vor der Station Carolasee auftaucht, springt er ins H\u00e4uschen und greift zum Mikrofon: &#8222;Bitte Vorsicht am Bahnsteig, der Zug zur Rundfahrt f\u00e4hrt ein.&#8220;<\/p>\n<p class=\"text-18 leading-17 user-text-lg:text-22 user-text-xl:text-24\">Theo rattert die Ansage herunter; erinnert an die Fahrscheinkontrolle und w\u00fcnscht eine angenehme Fahrt. Kein R\u00e4uspern, kein Versprecher \u2013 vorgetragen, als mache er schon sein ganzes Leben lang nichts anderes. Dabei ist Theo erst elf Jahre alt und geht in die f\u00fcnfte Klasse. Vor einer Stunde sa\u00df er noch im Unterricht.<\/p>\n<p class=\"text-18 leading-17 user-text-lg:text-22 user-text-xl:text-24\">Jetzt steht er mit blauem Polohemd, roter M\u00fctze und Befehlsstab am Bahngleis der Dresdner Parkeisenbahn \u2013 genauso wie vor ihm schon seine beiden gro\u00dfen Br\u00fcder und bereits sein Vater.<\/p>\n<p><a href=\"#focus-1\" class=\"transition-colors duration-200 block text-current relative\" data-sctrack=\"FocusGalleryImage.Reference\"><img   loading=\"lazy\" src=\"https:\/\/www.europesays.com\/de\/wp-content\/uploads\/2026\/05\/dresden-im-mai-1986-ein-pionier-pfeift-mit-trillerpfeife-zum-start-des-zuges.jpg\" alt=\"Dresden im Mai 1986: Ein Pionier pfeift mit Trillerpfeife zum Start des Zuges.\" title=\"Dresden im Mai 1986: Ein Pionier pfeift mit Trillerpfeife zum Start des Zuges.\" width=\"1806\" height=\"1016\" class=\"h-full w-full max-w-full rounded-8\" decoding=\"async\"\/><img loading=\"lazy\" src=\"https:\/\/dresden.t-online.de\/s\/paper\/_next\/static\/media\/zoom-in.f7dae02f.svg\" alt=\"Vergr\u00f6\u00dfern des Bildes\" title=\"Vergr\u00f6\u00dfern des Bildes\" class=\"block h-[calc(var(--height)_\/_16_*_1rem)] w-[calc(var(--width)_\/_16_*_1rem)] max-w-none absolute bottom-8 right-8 rounded-4 bg-snow p-8\" style=\"--width:32;--height:32\" decoding=\"async\"\/>Dresden im Mai 1986: Ein Pionier pfeift mit Trillerpfeife zum Start des Zuges. (Quelle: IMAGO\/OS14000_A0 #53802)<\/a><\/p>\n<p class=\"text-18 leading-17 user-text-lg:text-22 user-text-xl:text-24\">Gegr\u00fcndet wurde die Bahn 1950 als Kindereisenbahn im Gro\u00dfen Garten, eigentlich nur f\u00fcr einen Sommer. Doch die Begeisterung war so gro\u00df, dass Dresdner Schulkinder nach Berlin reisten und den damaligen DDR-Staatschef Walter Ulbricht pers\u00f6nlich \u00fcberzeugten, die Bahn zu erhalten: Seitdem betreiben Kinder und Jugendliche eine echte Schmalspurbahn: 5,6 Kilometer Strecke, f\u00fcnf Bahnh\u00f6fe, \u00fcber 200.000 Fahrg\u00e4ste im Jahr. Fast 200 junge Parkeisenbahner halten den Betrieb am Laufen.<\/p>\n<p class=\"text-18 leading-17 user-text-lg:text-22 user-text-xl:text-24\">Seit etwa einem Jahr ist Theo einer von ihnen. Seine Augen leuchten, wenn er von diesem Moment erz\u00e4hlt, als er endlich alt genug war. &#8222;Ich konnte es kaum noch aushalten&#8220;, erz\u00e4hlt Theo, w\u00e4hrend er die Schranke herunterkurbelt, damit der eingefahrene Zug den Haltepunkt verlassen kann, und seine Stimme \u00fcberschl\u00e4gt sich: &#8222;Als ich dann endlich zehn wurde, da war ich wirklich, wirklich fr\u00f6hlich.&#8220; Sein n\u00e4chstes gro\u00dfes Ziel ist es, am Stra\u00dfburger Platz t\u00e4tig zu werden; dem Hauptbahnhof der Parkeisenbahn. Dort warten mehr Weichen, mehr Z\u00fcge und noch mehr Verantwortung.<\/p>\n<p><a href=\"#focus-2\" class=\"transition-colors duration-200 block text-current relative\" data-sctrack=\"FocusGalleryImage.Reference\"><img   loading=\"lazy\" src=\"https:\/\/www.europesays.com\/de\/wp-content\/uploads\/2026\/05\/1779000748_850_image.jpg\" alt=\"Theo bedient die Schranke an der Haltestelle Carolasee im Gro\u00dfen Garten.\" title=\"Theo bedient die Schranke an der Haltestelle Carolasee im Gro\u00dfen Garten.\" width=\"3628\" height=\"2041\" class=\"h-full w-full max-w-full rounded-8\" decoding=\"async\"\/><img loading=\"lazy\" src=\"https:\/\/dresden.t-online.de\/s\/paper\/_next\/static\/media\/zoom-in.f7dae02f.svg\" alt=\"Vergr\u00f6\u00dfern des Bildes\" title=\"Vergr\u00f6\u00dfern des Bildes\" class=\"block h-[calc(var(--height)_\/_16_*_1rem)] w-[calc(var(--width)_\/_16_*_1rem)] max-w-none absolute bottom-8 right-8 rounded-4 bg-snow p-8\" style=\"--width:32;--height:32\" decoding=\"async\"\/>Theo bedient die Schranke an der Haltestelle Carolasee im Gro\u00dfen Garten. (Quelle: t-online)<\/a><\/p>\n<p>Pr\u00fcfungen wie bei der echten Bahn<\/p>\n<p class=\"text-18 leading-17 user-text-lg:text-22 user-text-xl:text-24\">Damit dabei nichts schiefgeht, absolvieren alle jungen Eisenbahner eine bis zu vierj\u00e4hrige Ausbildung. Jeden Winter, wenn die Parkeisenbahn pausiert, wechseln die Kinder an eine gro\u00dfe Modelleisenbahnanlage \u2013 und proben den Betrieb im Rollenspiel: Signale stellen, Z\u00fcge melden, Gefahrensituationen durchspielen.<\/p>\n","protected":false},"excerpt":{"rendered":"&#8222;Ich konnte es kaum noch aushalten&#8220; Der elfj\u00e4hrige Theo liebt seinen Job bei der Parkeisenbahn Aktualisiert am 17.05.2026&hellip;\n","protected":false},"author":2,"featured_media":1025208,"comment_status":"","ping_status":"","sticky":false,"template":"","format":"standard","meta":{"footnotes":"","_share_on_mastodon":"0"},"categories":[1835],"tags":[296,108422,129,3364,29,2386,30,6040,16960,859,66871,966,220135],"class_list":["post-1025207","post","type-post","status-publish","format-standard","has-post-thumbnail","category-dresden","tag-berlin","tag-carolasee","tag-ddr","tag-de","tag-deutschland","tag-dresden","tag-germany","tag-kinder-und-jugendliche","tag-parkeisenbahn","tag-sachsen","tag-schranke","tag-schule","tag-walter-ulbricht"],"share_on_mastodon":{"url":"https:\/\/pubeurope.com\/@de\/116588601633034664","error":""},"_links":{"self":[{"href":"https:\/\/www.europesays.com\/de\/wp-json\/wp\/v2\/posts\/1025207","targetHints":{"allow":["GET"]}}],"collection":[{"href":"https:\/\/www.europesays.com\/de\/wp-json\/wp\/v2\/posts"}],"about":[{"href":"https:\/\/www.europesays.com\/de\/wp-json\/wp\/v2\/types\/post"}],"author":[{"embeddable":true,"href":"https:\/\/www.europesays.com\/de\/wp-json\/wp\/v2\/users\/2"}],"replies":[{"embeddable":true,"href":"https:\/\/www.europesays.com\/de\/wp-json\/wp\/v2\/comments?post=1025207"}],"version-history":[{"count":0,"href":"https:\/\/www.europesays.com\/de\/wp-json\/wp\/v2\/posts\/1025207\/revisions"}],"wp:featuredmedia":[{"embeddable":true,"href":"https:\/\/www.europesays.com\/de\/wp-json\/wp\/v2\/media\/1025208"}],"wp:attachment":[{"href":"https:\/\/www.europesays.com\/de\/wp-json\/wp\/v2\/media?parent=1025207"}],"wp:term":[{"taxonomy":"category","embeddable":true,"href":"https:\/\/www.europesays.com\/de\/wp-json\/wp\/v2\/categories?post=1025207"},{"taxonomy":"post_tag","embeddable":true,"href":"https:\/\/www.europesays.com\/de\/wp-json\/wp\/v2\/tags?post=1025207"}],"curies":[{"name":"wp","href":"https:\/\/api.w.org\/{rel}","templated":true}]}}