{"id":1025374,"date":"2026-05-17T08:34:15","date_gmt":"2026-05-17T08:34:15","guid":{"rendered":"https:\/\/www.europesays.com\/de\/1025374\/"},"modified":"2026-05-17T08:34:15","modified_gmt":"2026-05-17T08:34:15","slug":"landkreis-muenchen-busunternehmen-investieren-millionensummen-in-elektromobilitaet-landkreis-muenchen","status":"publish","type":"post","link":"https:\/\/www.europesays.com\/de\/1025374\/","title":{"rendered":"Landkreis M\u00fcnchen: Busunternehmen investieren Millionensummen in Elektromobilit\u00e4t &#8211; Landkreis M\u00fcnchen"},"content":{"rendered":"<p data-manual=\"paragraph\" data-schema-org-speakable=\"true\" class=\"css-9njfp7\">Mit dem Bus quer durch den <a href=\"https:\/\/www.sueddeutsche.de\/thema\/Landkreis_M%C3%BCnchen\" rel=\"nofollow noopener\" target=\"_blank\">Landkreis M\u00fcnchen<\/a>? Kein Problem. Mit dem Expressbus X202 kommt man aus Unterschlei\u00dfheim zum Haarer Bahnhof, von dort mit dem X203 weiter nach Deisenhofen und schlie\u00dflich an die M\u00fcnchner Stadtgrenze in Neuperlach-S\u00fcd. Auf der Fahrt dorthin begegnen sich im Gewerbegebiet bei Ottobrunn und <a href=\"https:\/\/www.sueddeutsche.de\/thema\/Taufkirchen\" rel=\"nofollow noopener\" target=\"_blank\">Taufkirchen<\/a>, wo die Firmen Airbus, Hensoldt, IABG und Isar Aerospace liegen sowie die neue Fakult\u00e4t f\u00fcr Luft- und Raumfahrt entsteht, gleich f\u00fcnf Linienbusse. Und das immer seltener mit Diesel. Die beiden gro\u00dfen Busunternehmen Ettenhuber und Geldhauser, die das R\u00fcckgrat des Linienverkehrs im Landkreis bilden, bringen immer mehr Busse mit alternativen Antrieben auf die Stra\u00dfe.<\/p>\n","protected":false},"excerpt":{"rendered":"Mit dem Bus quer durch den Landkreis M\u00fcnchen? Kein Problem. Mit dem Expressbus X202 kommt man aus Unterschlei\u00dfheim&hellip;\n","protected":false},"author":2,"featured_media":1025375,"comment_status":"","ping_status":"","sticky":false,"template":"","format":"standard","meta":{"footnotes":"","_share_on_mastodon":"0"},"categories":[1827],"tags":[772,55327,29,11386,30,145383,37277,51723,2527,1268,2339,10024,27633,149,42298,601],"class_list":["post-1025374","post","type-post","status-publish","format-standard","has-post-thumbnail","category-muenchen","tag-bayern","tag-brunnthal","tag-deutschland","tag-feldkirchen","tag-germany","tag-glonn","tag-haar-bei-muenchen","tag-landkreis-ebersberg","tag-landkreis-muenchen","tag-muenchen","tag-oberbayern","tag-oberhaching","tag-oeffentlicher-nahverkehr","tag-sueddeutsche-zeitung","tag-taufkirchen","tag-verkehr"],"share_on_mastodon":{"url":"https:\/\/pubeurope.com\/@de\/116589000763836252","error":""},"_links":{"self":[{"href":"https:\/\/www.europesays.com\/de\/wp-json\/wp\/v2\/posts\/1025374","targetHints":{"allow":["GET"]}}],"collection":[{"href":"https:\/\/www.europesays.com\/de\/wp-json\/wp\/v2\/posts"}],"about":[{"href":"https:\/\/www.europesays.com\/de\/wp-json\/wp\/v2\/types\/post"}],"author":[{"embeddable":true,"href":"https:\/\/www.europesays.com\/de\/wp-json\/wp\/v2\/users\/2"}],"replies":[{"embeddable":true,"href":"https:\/\/www.europesays.com\/de\/wp-json\/wp\/v2\/comments?post=1025374"}],"version-history":[{"count":0,"href":"https:\/\/www.europesays.com\/de\/wp-json\/wp\/v2\/posts\/1025374\/revisions"}],"wp:featuredmedia":[{"embeddable":true,"href":"https:\/\/www.europesays.com\/de\/wp-json\/wp\/v2\/media\/1025375"}],"wp:attachment":[{"href":"https:\/\/www.europesays.com\/de\/wp-json\/wp\/v2\/media?parent=1025374"}],"wp:term":[{"taxonomy":"category","embeddable":true,"href":"https:\/\/www.europesays.com\/de\/wp-json\/wp\/v2\/categories?post=1025374"},{"taxonomy":"post_tag","embeddable":true,"href":"https:\/\/www.europesays.com\/de\/wp-json\/wp\/v2\/tags?post=1025374"}],"curies":[{"name":"wp","href":"https:\/\/api.w.org\/{rel}","templated":true}]}}