{"id":1025463,"date":"2026-05-17T09:27:14","date_gmt":"2026-05-17T09:27:14","guid":{"rendered":"https:\/\/www.europesays.com\/de\/1025463\/"},"modified":"2026-05-17T09:27:14","modified_gmt":"2026-05-17T09:27:14","slug":"bestaetigt-fc-chelsea-verpflichtet-xabi-alonso-als-neuen-traner","status":"publish","type":"post","link":"https:\/\/www.europesays.com\/de\/1025463\/","title":{"rendered":"Best\u00e4tigt: FC Chelsea verpflichtet Xabi Alonso als neuen Traner"},"content":{"rendered":"<p>Ex-Bayer-Coach\u00a0<\/p>\n<p>                                    <img decoding=\"async\" src=\"https:\/\/www.europesays.com\/de\/wp-content\/uploads\/2025\/05\/xabi-alonso-bayer-leverkusen-2025-1746385890-167169.jpg\" title=\"Best\u00e4tigt: FC Chelsea verpflichtet Xabi Alonso als neuen Traner\" alt=\"Best\u00e4tigt: FC Chelsea verpflichtet Xabi Alonso als neuen Traner\"\/><\/p>\n<p>\n                                       \u00a9IMAGO\n                                    <\/p>\n<p>Der Artikel erschien in erster Fassung am 16.Mai, 19:45 Uhr und wurde nach der Bekanntgabe aktualisiert<\/p>\n<p>Der <a title=\"FC Chelsea\" href=\"https:\/\/www.transfermarkt.de\/fc-chelsea\/startseite\/verein\/631\" target=\"_blank\" rel=\"nofollow noopener\">FC Chelsea<\/a> hat einen neuen Trainer f\u00fcr die kommende Saison gefunden. Nachdem in den vergangenen Tagen Medien wie \u201eThe Athletic\u201c, Fabrizio Romano und \u201eSky\u201c \u00fcbereinstimmend berichtet hatte, dass die Blues mit <a title=\"Xabi Alonso\" href=\"https:\/\/www.transfermarkt.de\/xabi-alonso\/profil\/trainer\/63052\" target=\"_blank\" rel=\"nofollow noopener\">Xabi Alonso<\/a> auf ein Engagement \u00fcber vier Jahre verst\u00e4ndigt haben, wurde dies am Sonntagvormittag best\u00e4tigt. Der fr\u00fchere Coach von Bayer Leverkusen \u00fcbernimmt im Sommer an der Stamford Bridge.<\/p>\n<p><\/p>\n<p><strong>Update 17. Mai:<\/strong> In einer Pressemitteilung der Londoner sagte Alonso: \u201eChelsea ist einer der gr\u00f6\u00dften Vereine im Weltfu\u00dfball, und es erf\u00fcllt mich mit gro\u00dfem Stolz, Trainer dieses gro\u00dfartigen Vereins zu werden. Aus meinen Gespr\u00e4chen mit der Eigent\u00fcmergruppe und der sportlichen F\u00fchrung geht klar hervor, dass wir denselben Ehrgeiz teilen. Wir wollen eine Mannschaft aufbauen, die in der Lage ist, konstant auf h\u00f6chstem Niveau zu spielen und um Titel zu k\u00e4mpfen. In diesem Kader steckt gro\u00dfes Talent und in diesem Fu\u00dfballverein enormes Potenzial, und es wird mir eine gro\u00dfe Ehre sein, ihn zu leiten. Jetzt liegt der Fokus auf harter Arbeit, dem Aufbau der richtigen Kultur und dem Gewinnen von Titeln.\u201c<\/p>\n<p><\/p>\n<p>Alonso soll Anfang der vergangenen Woche in London und w\u00e4hrend des gesamten Prozesses der Trainersuche der Wunschkandidat Chelseas gewesen. <a title=\"Liam Rosenior\" href=\"https:\/\/www.transfermarkt.de\/liam-rosenior\/profil\/trainer\/62134\" target=\"_blank\" rel=\"nofollow noopener\">Liam Rosenior<\/a> hatte den Posten als Nachfolger von <a title=\"Enzo Maresca\" href=\"https:\/\/www.transfermarkt.de\/enzo-maresca\/profil\/trainer\/53749\" target=\"_blank\" rel=\"nofollow noopener\">Enzo Maresca<\/a> nur f\u00fcr 23 Partien inne und musste im April wieder gehen. Interimsweise tr\u00e4gt derzeit erneut <a title=\"Calum McFarlane\" href=\"https:\/\/www.transfermarkt.de\/calum-mcfarlane\/profil\/trainer\/94579\" target=\"_blank\" rel=\"nofollow noopener\">Calum McFarlane<\/a> die Verantwortung.<\/p>\n<p>Der 44-j\u00e4hrige Spanier Alonso wurde bei <a title=\"Real Madrid\" href=\"https:\/\/www.transfermarkt.de\/real-madrid\/startseite\/verein\/418\" target=\"_blank\" rel=\"nofollow noopener\">Real Madrid<\/a> nach nur einem halben Jahr im Januar freigestellt und ist seitdem ohne Klub. Zuvor hatte der Ex-Mittelfeldstratege <a title=\"Bayer 04 Leverkusen\" href=\"https:\/\/www.transfermarkt.de\/bayer-04-leverkusen\/startseite\/verein\/15\" target=\"_blank\" rel=\"nofollow noopener\">Bayer 04 Leverkusen<\/a> sensationell zum Double gef\u00fchrt, was ihn interessant f\u00fcr zahlreiche internationale Top-Klubs werden lie\u00df. Chelsea unterlag am Samstag im FA-Cup-Finale gegen Manchester City (<a href=\"https:\/\/www.transfermarkt.de\/man-city-holt-fa-cup-vor-90-000-fans-semenyo-matchwinner-gegen-chelsea\/view\/news\/479540\" target=\"_blank\" rel=\"nofollow noopener\">zum Spielbericht<\/a>).<\/p>\n<p><\/p>\n<p><strong>Hinweis:<\/strong> Wenn du etwas googelst, bekommst du neben den normalen Ergebnissen auch eine Box mit aktuellen News angezeigt. Wenn du Transfermarkt als bevorzugte Quelle hinterlegst, tauchen unsere Inhalte dort h\u00e4ufiger f\u00fcr dich auf. <a href=\"https:\/\/www.google.com\/preferences\/source?q=transfermarkt.de&amp;utm_source=Transfermarkt&amp;utm_medium=Transfermarkt_DE&amp;utm_campa\" target=\"_blank\" rel=\"nofollow noopener\">F\u00fcge TM hier als bevorzugte Quelle hinzu<\/a>.<\/p>\n","protected":false},"excerpt":{"rendered":"Ex-Bayer-Coach\u00a0 \u00a9IMAGO Der Artikel erschien in erster Fassung am 16.Mai, 19:45 Uhr und wurde nach der Bekanntgabe aktualisiert&hellip;\n","protected":false},"author":2,"featured_media":96463,"comment_status":"","ping_status":"","sticky":false,"template":"","format":"standard","meta":{"footnotes":"","_share_on_mastodon":"0"},"categories":[5],"tags":[331,332,220164,3364,29,153783,4771,30,13,201392,14,15,957,12,10057],"class_list":["post-1025463","post","type-post","status-publish","format-standard","has-post-thumbnail","category-nachrichten","tag-aktuelle-nachrichten","tag-aktuelle-news","tag-calum-mcfarlane","tag-de","tag-deutschland","tag-enzo-maresca","tag-fc-chelsea","tag-germany","tag-headlines","tag-liam-rosenior","tag-nachrichten","tag-news","tag-premier-league","tag-schlagzeilen","tag-xabi-alonso"],"share_on_mastodon":{"url":"https:\/\/pubeurope.com\/@de\/116589209998896287","error":""},"_links":{"self":[{"href":"https:\/\/www.europesays.com\/de\/wp-json\/wp\/v2\/posts\/1025463","targetHints":{"allow":["GET"]}}],"collection":[{"href":"https:\/\/www.europesays.com\/de\/wp-json\/wp\/v2\/posts"}],"about":[{"href":"https:\/\/www.europesays.com\/de\/wp-json\/wp\/v2\/types\/post"}],"author":[{"embeddable":true,"href":"https:\/\/www.europesays.com\/de\/wp-json\/wp\/v2\/users\/2"}],"replies":[{"embeddable":true,"href":"https:\/\/www.europesays.com\/de\/wp-json\/wp\/v2\/comments?post=1025463"}],"version-history":[{"count":0,"href":"https:\/\/www.europesays.com\/de\/wp-json\/wp\/v2\/posts\/1025463\/revisions"}],"wp:featuredmedia":[{"embeddable":true,"href":"https:\/\/www.europesays.com\/de\/wp-json\/wp\/v2\/media\/96463"}],"wp:attachment":[{"href":"https:\/\/www.europesays.com\/de\/wp-json\/wp\/v2\/media?parent=1025463"}],"wp:term":[{"taxonomy":"category","embeddable":true,"href":"https:\/\/www.europesays.com\/de\/wp-json\/wp\/v2\/categories?post=1025463"},{"taxonomy":"post_tag","embeddable":true,"href":"https:\/\/www.europesays.com\/de\/wp-json\/wp\/v2\/tags?post=1025463"}],"curies":[{"name":"wp","href":"https:\/\/api.w.org\/{rel}","templated":true}]}}