{"id":1025765,"date":"2026-05-17T12:28:20","date_gmt":"2026-05-17T12:28:20","guid":{"rendered":"https:\/\/www.europesays.com\/de\/1025765\/"},"modified":"2026-05-17T12:28:20","modified_gmt":"2026-05-17T12:28:20","slug":"museumskonzerte-sind-erfolgreich-gestartet-mit-katja-riemann","status":"publish","type":"post","link":"https:\/\/www.europesays.com\/de\/1025765\/","title":{"rendered":"Museumskonzerte sind erfolgreich gestartet mit Katja Riemann"},"content":{"rendered":"<p>Die Liesborner Museumskonzerte sind am Wochenende er\u00f6ffnet worden. Es wurde ein neues Format pr\u00e4sentiert mit Schauspielerin Katja Riemann.<\/p>\n<p>Liesborn (gl) &#8211; Die 55. Saison des Kammermusik-Festivals der Liesborner Museumskonzerte hat der k\u00fcnstlerische Leiter J\u00f6rg Lopper am Wochenende feierlich er\u00f6ffnet. Wie gewohnt wird auch in diesem Jahr ein buntes Programm angeboten.<\/p>\n<p>Ein neues Format konnte laut Pressemitteilung bereits beim ersten Konzert pr\u00e4sentiert werden: eine Kombination von Literatur und Musik. J\u00f6rg Lopper bemerkte, dass seit f\u00fcnf Jahren Kammermusikkonzerte in dieser Form erfolgreich angeboten w\u00fcrden \u2013 dies k\u00f6nne nun auch in Liesborn Premiere feiern. Das Programm \u201eKarneval des Gl\u00fccks\u201c am Freitagabend bot im Museum eine besondere Mischung f\u00fcr Schauspiel und klassische Musik und erinnerte an den 2016 verstorbenen Autor, Moderator und Denker Roger Willemsen.<\/p>\n<p class=\"contextmenu caption\">Bekannte deutsche Schauspielerin Katja Riemann<\/p>\n<p>Die bekannte deutsche Schauspielerin Katja Riemann moderierte den Abend mit Franziska H\u00f6lscher an der Violine und Marianna Shirinyan am Klavier. Es gelang ihnen, das Publikum mit ihren Interpretationen und ihrem faszinierenden Zusammenwirken zu begeistern. Franziska H\u00f6lscher ist als vielseitige Musikerin und Festspielleiterin zu Gast in den gro\u00dfen Konzerth\u00e4usern Mitteleuropas. Die armenische Pianistin Marianna Shirinyan ist eine international gefragte Solistin und Kammermusikerin und lehrt derzeit als Professorin in D\u00e4nemark. Seit sechs Jahren treten die K\u00fcnstlerinnen als Trio auf.<\/p>\n<p>Der Abend wurde stark von den Texten gepr\u00e4gt \u2013 und so wirkte auch die Musik als Mittel und Sprache. Katja Riemann kommentierte, wie sie ein solches Konzert von der B\u00fchne aus empfinde: \u201eIch sp\u00fcre das Publikum, wie der Humor sich entfaltet.\u201c Die gereimte Fassung Willemsens zu dem bekannten Werk \u201eLe Carnaval des animaux\u201c \/ \u201eDer Karneval der Tiere\u201c von Camille Saint-Sa\u00ebns bildete den literarischen Mittelpunkt des Abends. Dieses St\u00fcck erklang in einer gek\u00fcrzten Bearbeitung von Jarkko Riihim\u00e4ki. Durch Programmmusik wurden mit Violine und Klavier die verschiedenen Tiere und ihre Charaktere imitiert, dazu mit den Texten humorvoll interpretiert.<\/p>\n<p>So erklangen eindrucksvoll Szenen wie der \u201eMarsch des L\u00f6wen\u201c, \u201eDer Elefant\u201c, \u201eDer Kuckuck\u201c, aber auch \u201ePianisten\u201c, die \u201emit falschen Noten\u201c ihr K\u00f6nnen darboten sowie der bekannte lyrische Satz \u201eDer Schwan\u201c.<\/p>\n<p class=\"contextmenu caption\">\u201eHumor l\u00e4sst uns \u00fcberleben\u201c<\/p>\n<p>In einigen St\u00fccken spielte Katja Riemann mit ihrer Tenorfl\u00f6te, mit kleinem Glockenspiel und Xylophon mit und unterstrich die Szenen mit humorvoller Mimik wie beim \u201eKuckuck\u201c-Spiel. An dieser Stelle konnte Riemann ihr vielf\u00e4ltiges K\u00f6nnen unter Beweis stellen, denn w\u00e4hrend ihres Studiums lernte sie Klavier, Gitarre, Blockfl\u00f6te und Schlagzeug.<\/p>\n<p>F\u00fcr die musikalische Dramaturgie und Auswahl der Werke sorgte Katja Riemann. \u201eSo \u00f6ffnen sich T\u00fcren f\u00fcr die klassische Musik\u201c, die zur Interpretation der Literatur beitragen\u201c, bemerkte sie begeistert. Besondere Vorliebe hat sie f\u00fcr die Strawinky- und Prokofjew-Werke. So erklangen zu dem Werk \u201eDas m\u00fcde Gl\u00fcck\u201c die f\u00fcr Klavier und Violine komponierten St\u00fccke: der \u201eTango\u201c, die \u201eZircus-Polka\u201c und die \u201eSuite italienne\u201c von Igor Strawinky, ein Auszug aus der \u201eSonate f-Moll\u201c op. 80 von Sergey Prokofjew, die \u201eSonate e-Moll\u201c KV 304 von Wolfgang Amadeus Mozart, das sehr bekannte St\u00fcck \u201eSalut d\u2019amour\u201c op. 12 von Edward Elger und die \u201eSuite im alten Stil\u201c von Alfred Schnittke.<\/p>\n<p>Das 90-min\u00fctige Programm war rundum gelungen und der Saal ausverkauft. Das musikalische Theaterspiel war von einer besonderen Atmosph\u00e4re gepr\u00e4gt. So schloss Katja Riemann mit einem Lob an das Publikum: \u201eIhr seid ein gutes Publikum, nur war es nicht so einfach zu spielen, da das Publikum sehr nah war, sa\u00df uns fast auf dem Scho\u00df.\u201c Doch mit einem Augenzwinkern f\u00fcgte sie hinzu: \u201eHumor l\u00e4sst uns \u00fcberleben.\u201c<\/p>\n<p>Texte und Fotos von die-glocke.de sind urheberrechtlich gesch\u00fctzt.<br \/>\n            Weiterverwendung nur mit Genehmigung der Chefredaktion.<\/p>\n","protected":false},"excerpt":{"rendered":"Die Liesborner Museumskonzerte sind am Wochenende er\u00f6ffnet worden. Es wurde ein neues Format pr\u00e4sentiert mit Schauspielerin Katja Riemann.&hellip;\n","protected":false},"author":2,"featured_media":1025766,"comment_status":"","ping_status":"","sticky":false,"template":"","format":"standard","meta":{"footnotes":"","_share_on_mastodon":"0"},"categories":[1834],"tags":[170433,3364,29,3688,30,77583,220220,220221,38785,1209,473],"class_list":["post-1025765","post","type-post","status-publish","format-standard","has-post-thumbnail","category-essen","tag-abteikonzerte","tag-de","tag-deutschland","tag-essen","tag-germany","tag-katja-riemann","tag-liesborn","tag-museum-abtei","tag-museumskonzerte","tag-nordrhein-westfalen","tag-schauspielerin"],"share_on_mastodon":{"url":"https:\/\/pubeurope.com\/@de\/116589920685892192","error":""},"_links":{"self":[{"href":"https:\/\/www.europesays.com\/de\/wp-json\/wp\/v2\/posts\/1025765","targetHints":{"allow":["GET"]}}],"collection":[{"href":"https:\/\/www.europesays.com\/de\/wp-json\/wp\/v2\/posts"}],"about":[{"href":"https:\/\/www.europesays.com\/de\/wp-json\/wp\/v2\/types\/post"}],"author":[{"embeddable":true,"href":"https:\/\/www.europesays.com\/de\/wp-json\/wp\/v2\/users\/2"}],"replies":[{"embeddable":true,"href":"https:\/\/www.europesays.com\/de\/wp-json\/wp\/v2\/comments?post=1025765"}],"version-history":[{"count":0,"href":"https:\/\/www.europesays.com\/de\/wp-json\/wp\/v2\/posts\/1025765\/revisions"}],"wp:featuredmedia":[{"embeddable":true,"href":"https:\/\/www.europesays.com\/de\/wp-json\/wp\/v2\/media\/1025766"}],"wp:attachment":[{"href":"https:\/\/www.europesays.com\/de\/wp-json\/wp\/v2\/media?parent=1025765"}],"wp:term":[{"taxonomy":"category","embeddable":true,"href":"https:\/\/www.europesays.com\/de\/wp-json\/wp\/v2\/categories?post=1025765"},{"taxonomy":"post_tag","embeddable":true,"href":"https:\/\/www.europesays.com\/de\/wp-json\/wp\/v2\/tags?post=1025765"}],"curies":[{"name":"wp","href":"https:\/\/api.w.org\/{rel}","templated":true}]}}