{"id":1025792,"date":"2026-05-17T12:43:16","date_gmt":"2026-05-17T12:43:16","guid":{"rendered":"https:\/\/www.europesays.com\/de\/1025792\/"},"modified":"2026-05-17T12:43:16","modified_gmt":"2026-05-17T12:43:16","slug":"maskierte-attackieren-bewohner-in-moosacher-arbeiterunterkunft-mit-messern-und-stangen-muenchen","status":"publish","type":"post","link":"https:\/\/www.europesays.com\/de\/1025792\/","title":{"rendered":"Maskierte attackieren Bewohner in Moosacher Arbeiterunterkunft mit Messern und Stangen &#8211; M\u00fcnchen"},"content":{"rendered":"<p data-manual=\"paragraph\" data-schema-org-speakable=\"true\" class=\"css-1eosz7k\">Mehrere mit T\u00fcchern und Sturmhauben maskierte M\u00e4nner sind am Freitagabend in eine Arbeiterunterkunft in <a href=\"https:\/\/www.sueddeutsche.de\/thema\/Moosach\" rel=\"nofollow noopener\" target=\"_blank\">Moosach<\/a> eingedrungen und haben dort Bewohner angegriffen. Die T\u00e4ter sollen unter anderem mit Messern und Eisenstangen bewaffnet gewesen sein. Dabei wurden vier M\u00e4nner mit bulgarischer Staatsangeh\u00f6rigkeit im Alter von 29 bis 36 Jahren verletzt. Einer von ihnen erlitt schwere Verletzungen, unter anderem durch einen \u201escharfkantigen Gegenstand\u201c, wie die Polizei mitteilte. Er kam zur station\u00e4ren Behandlung in ein Krankenhaus.<\/p>\n<p data-manual=\"paragraph\" data-schema-org-speakable=\"true\" class=\"css-1eosz7k\">Die Angreifer werden als circa 20 Jahre alt und \u201ehellh\u00e4utig\u201c beschrieben, einer soll mit \u00f6sterreichischem Akzent gesprochen haben. Ob es sich um eine fremdenfeindliche Tat gehandelt hat, konnte die Polizei am Sonntag nicht sagen, die Motivlage sei unklar. Die T\u00e4ter sind nach Angaben der Polizei vermutlich mit einem Auto gefl\u00fcchtet. Auswertungen der \u00dcberwachungskameras im U- und S-Bahnhof Moosach h\u00e4tten keine Hinweise ergeben.<\/p>\n<p data-manual=\"paragraph\" data-schema-org-speakable=\"true\" class=\"css-1eosz7k\">Die M\u00fcnchner Kriminalpolizei ermittelt wegen gef\u00e4hrlicher K\u00f6rperverletzung und schweren Landfriedensbruchs und sucht nach Zeugen:\u00a0 Wer am Freitagabend zum Tatzeitpunkt in der Bunzlauer Stra\u00dfe Wahrnehmungen gemacht hat, die im Zusammenhang mit diesem Vorfall stehen k\u00f6nnten, kann sich beim Polizeipr\u00e4sidium <a href=\"https:\/\/www.sueddeutsche.de\/thema\/M%C3%BCnchen\" rel=\"nofollow noopener\" target=\"_blank\">M\u00fcnchen<\/a>, Kommissariat 23, unter Telefon 089\/29100 oder bei jeder anderen Polizeidienststelle melden.<\/p>\n","protected":false},"excerpt":{"rendered":"Mehrere mit T\u00fcchern und Sturmhauben maskierte M\u00e4nner sind am Freitagabend in eine Arbeiterunterkunft in Moosach eingedrungen und haben&hellip;\n","protected":false},"author":2,"featured_media":1025793,"comment_status":"","ping_status":"","sticky":false,"template":"","format":"standard","meta":{"footnotes":"","_share_on_mastodon":"0"},"categories":[1827],"tags":[772,29,30,1584,6533,1268,2813,3093,149],"class_list":["post-1025792","post","type-post","status-publish","format-standard","has-post-thumbnail","category-muenchen","tag-bayern","tag-deutschland","tag-germany","tag-kriminalitaet","tag-moosach","tag-muenchen","tag-muenchen-stadtteile","tag-polizei-und-feuerwehr-in-muenchen","tag-sueddeutsche-zeitung"],"share_on_mastodon":{"url":"https:\/\/pubeurope.com\/@de\/116589979737214992","error":""},"_links":{"self":[{"href":"https:\/\/www.europesays.com\/de\/wp-json\/wp\/v2\/posts\/1025792","targetHints":{"allow":["GET"]}}],"collection":[{"href":"https:\/\/www.europesays.com\/de\/wp-json\/wp\/v2\/posts"}],"about":[{"href":"https:\/\/www.europesays.com\/de\/wp-json\/wp\/v2\/types\/post"}],"author":[{"embeddable":true,"href":"https:\/\/www.europesays.com\/de\/wp-json\/wp\/v2\/users\/2"}],"replies":[{"embeddable":true,"href":"https:\/\/www.europesays.com\/de\/wp-json\/wp\/v2\/comments?post=1025792"}],"version-history":[{"count":0,"href":"https:\/\/www.europesays.com\/de\/wp-json\/wp\/v2\/posts\/1025792\/revisions"}],"wp:featuredmedia":[{"embeddable":true,"href":"https:\/\/www.europesays.com\/de\/wp-json\/wp\/v2\/media\/1025793"}],"wp:attachment":[{"href":"https:\/\/www.europesays.com\/de\/wp-json\/wp\/v2\/media?parent=1025792"}],"wp:term":[{"taxonomy":"category","embeddable":true,"href":"https:\/\/www.europesays.com\/de\/wp-json\/wp\/v2\/categories?post=1025792"},{"taxonomy":"post_tag","embeddable":true,"href":"https:\/\/www.europesays.com\/de\/wp-json\/wp\/v2\/tags?post=1025792"}],"curies":[{"name":"wp","href":"https:\/\/api.w.org\/{rel}","templated":true}]}}