{"id":1026094,"date":"2026-05-17T15:33:16","date_gmt":"2026-05-17T15:33:16","guid":{"rendered":"https:\/\/www.europesays.com\/de\/1026094\/"},"modified":"2026-05-17T15:33:16","modified_gmt":"2026-05-17T15:33:16","slug":"gunnar-schupelius-fdp-nennt-wegner-einen-sozialisten-was-ist-da-dran-regional","status":"publish","type":"post","link":"https:\/\/www.europesays.com\/de\/1026094\/","title":{"rendered":"Gunnar Schupelius: FDP nennt Wegner einen Sozialisten \u2013 was ist da dran?\u00a0 | Regional"},"content":{"rendered":"<p><a class=\"skip-content skip-content--link\" href=\"#in-content-skip-link-target-v-0-0\">TTS-Player \u00fcberspringen\u21b5<\/a><a id=\"in-content-skip-link-target-v-0-0\" class=\"skip-content--target-link-hidden skip-content skip-content--target-link\" href=\"#in-content-skip-link-target-v-0-0\">Artikel weiterlesen<\/a><\/p>\n<p><b>Berlin \u2013 Die CDU wehrt sich gegen eine neue Verm\u00f6genssteuer. Berlins Regierender B\u00fcrgermeister Wegner schert aus und n\u00e4hert sich den linken Parteien an. Das ist der falsche Weg.<\/b><\/p>\n<p>Der Regierende B\u00fcrgermeister Kai Wegner (<a href=\"https:\/\/www.bild.de\/politik\/inland\/cdu\/cdu-csu-alle-infos-76661590.bild.html\" class=\"text-link\" rel=\"nofollow noopener\" target=\"_blank\">CDU<\/a>) forderte am vergangenen Dienstag in einem Interview mit RTL, dass die Verm\u00f6genssteuer wieder eingef\u00fchrt werden m\u00fcsse. Menschen, die \u201ewirklich hohe Verm\u00f6gen\u201c h\u00e4tten, sollten sich \u201est\u00e4rker einbringen\u201c.\u00a0<\/p>\n<p><a href=\"https:\/\/www.bild.de\/regional\/berlin\/berlin-regional\/home-15823246.bild.html\" class=\"text-link\" rel=\"nofollow noopener\" target=\"_blank\">Berlins<\/a> FDP-Chef Christoph Meyer wies die Forderung umgehend zur\u00fcck: \u201eBetroffen w\u00e4ren am Ende nicht nur einzelne Verm\u00f6gende, sondern auch viele mittelst\u00e4ndische Unternehmen und Familienbetriebe, die Arbeitspl\u00e4tze schaffen und in Berlin investieren\u201c, sagte Meyer und behauptete: \u201eKai Wegner ist ein Sozialist.\u201c<\/p>\n<p>Das mag \u00fcbertrieben sein, tats\u00e4chlich aber springt Wegner auf den Zug der Linken, der Gr\u00fcnen und der SPD auf. Alle drei versprechen ihren W\u00e4hlern die Verm\u00f6genssteuer nach dem Motto, die \u201eReichen\u201c sollten auch mal etwas abgeben. \u00a0<\/p>\n<p>Industrie warnt vor Verm\u00f6genssteuer<\/p>\n<p>Doch die Verm\u00f6genssteuer, die in Deutschland seit 29 Jahren nicht mehr erhoben wird, trifft auch Kapitalgesellschaften. Sie w\u00fcrde \u201edie Wirtschaft massiv belasten, Investitionen in Deutschland verringern und damit Arbeits- und Ausbildungspl\u00e4tze gef\u00e4hrden\u201c, warnt der Bundesverband der Deutschen Industrie.<\/p>\n<p>In einer Zeit, in der massenhaft Arbeitspl\u00e4tze abgebaut werden, in der wegen hoher Personal- und Energiekosten immer mehr Produktion ins Ausland verlagert wird, wirkt der Ruf nach noch mehr Abgaben wie Gift auf die Unternehmen im Land. <\/p>\n<p>Die CDU hatte sich deshalb bisher, wie auch FDP und AfD, gegen die Verm\u00f6genssteuer gewehrt. Wegner schert jetzt aus. Er bewegt sich immer weiter auf SPD und Gr\u00fcne zu, die von grenzenloser Umverteilung und Verstaatlichung tr\u00e4umen. Mit ihnen will er nach dem 20. September regieren und weicht daf\u00fcr das b\u00fcrgerliche Profil der CDU immer weiter auf. <\/p>\n<p>Das Ergebnis ist verheerend: Die W\u00e4hler laufen zur AfD und zur FDP \u00fcber. In der INSA-Sonntagsfrage von \u201eNius\u201c f\u00fcr Berlin steht die Union nur noch bei 20 Prozent, die AfD aber schon bei 18 Prozent. Die FDP kann sich immerhin von zwei auf vier Prozent verdoppeln. <\/p>\n<p>Der Weg nach links f\u00fchrt f\u00fcr die CDU ins Abseits.<\/p>\n<p>Hat Gunnar Schupelius recht? Schreiben Sie an: <a href=\"https:\/\/www.bild.de\/regional\/berlin\/mailto:gunnar.schupelius@axelspringer.de\" rel=\"noopener nofollow\" class=\"text-link\" target=\"_blank\">gunnar.schupelius@axelspringer.de<\/a><\/p>\n","protected":false},"excerpt":{"rendered":"TTS-Player \u00fcberspringen\u21b5Artikel weiterlesen Berlin \u2013 Die CDU wehrt sich gegen eine neue Verm\u00f6genssteuer. Berlins Regierender B\u00fcrgermeister Wegner schert&hellip;\n","protected":false},"author":2,"featured_media":1026095,"comment_status":"","ping_status":"","sticky":false,"template":"","format":"standard","meta":{"footnotes":"","_share_on_mastodon":"0"},"categories":[1825],"tags":[83397,296,31,29,1152,30,184,72535],"class_list":["post-1026094","post","type-post","status-publish","format-standard","has-post-thumbnail","category-berlin","tag-abgeordnetenhauswahlen-berlin","tag-berlin","tag-cdu","tag-deutschland","tag-die-gruenen","tag-germany","tag-spd","tag-wegner-kai"],"share_on_mastodon":{"url":"https:\/\/pubeurope.com\/@de\/116590648539315554","error":""},"_links":{"self":[{"href":"https:\/\/www.europesays.com\/de\/wp-json\/wp\/v2\/posts\/1026094","targetHints":{"allow":["GET"]}}],"collection":[{"href":"https:\/\/www.europesays.com\/de\/wp-json\/wp\/v2\/posts"}],"about":[{"href":"https:\/\/www.europesays.com\/de\/wp-json\/wp\/v2\/types\/post"}],"author":[{"embeddable":true,"href":"https:\/\/www.europesays.com\/de\/wp-json\/wp\/v2\/users\/2"}],"replies":[{"embeddable":true,"href":"https:\/\/www.europesays.com\/de\/wp-json\/wp\/v2\/comments?post=1026094"}],"version-history":[{"count":0,"href":"https:\/\/www.europesays.com\/de\/wp-json\/wp\/v2\/posts\/1026094\/revisions"}],"wp:featuredmedia":[{"embeddable":true,"href":"https:\/\/www.europesays.com\/de\/wp-json\/wp\/v2\/media\/1026095"}],"wp:attachment":[{"href":"https:\/\/www.europesays.com\/de\/wp-json\/wp\/v2\/media?parent=1026094"}],"wp:term":[{"taxonomy":"category","embeddable":true,"href":"https:\/\/www.europesays.com\/de\/wp-json\/wp\/v2\/categories?post=1026094"},{"taxonomy":"post_tag","embeddable":true,"href":"https:\/\/www.europesays.com\/de\/wp-json\/wp\/v2\/tags?post=1026094"}],"curies":[{"name":"wp","href":"https:\/\/api.w.org\/{rel}","templated":true}]}}