{"id":102621,"date":"2025-05-11T17:03:10","date_gmt":"2025-05-11T17:03:10","guid":{"rendered":"https:\/\/www.europesays.com\/de\/102621\/"},"modified":"2025-05-11T17:03:10","modified_gmt":"2025-05-11T17:03:10","slug":"esc-stars-abor-tynna-wollen-nicht-zu-andrea-kiewel","status":"publish","type":"post","link":"https:\/\/www.europesays.com\/de\/102621\/","title":{"rendered":"ESC-Stars Abor &#038; Tynna wollen nicht zu Andrea Kiewel"},"content":{"rendered":"<p>Andrea Kiewel ver\u00e4rgert <\/p>\n<p>&#8222;Fernsehgarten&#8220;-Absage: Musiker wollen nicht auftreten<\/p>\n<p>11.05.2025 &#8211; 18:16 UhrLesedauer: 2 Min.<\/p>\n<p><a href=\"#focus-0\" class=\"transition-colors duration-200 focus-within:text-magenta block text-current relative\" data-sctrack=\"FocusGalleryImage.Reference\"><img fetchpriority=\"high\" data-testid=\"Opener.Image\" style=\"--lqipURL:url('https:\/\/images.t-online.de\/2025\/05\/4riR6337lEJf\/1086x5:2428x1365\/fit-in\/150x0\/filters:blur(25)\/andrea-kiewel-sie-moderiert-den-zdf-fernsehgarten.jpg')\"   loading=\"eager\" src=\"https:\/\/www.europesays.com\/de\/wp-content\/uploads\/2025\/05\/andrea-kiewel-sie-moderiert-den-zdf-fernsehgarten.jpg\" alt=\"Andrea Kiewel: Sie moderiert den &quot;ZDF-Fernsehgarten&quot;.\" title=\"Andrea Kiewel: Sie moderiert den &quot;ZDF-Fernsehgarten&quot;.\" width=\"2428\" height=\"1365\" class=\"bg-[url:var(--lqipURL)] bg-cover bg-center flex w-full max-w-full h-full\" decoding=\"async\"\/><img style=\"--width:32;--height:32\" loading=\"lazy\" src=\"https:\/\/www.europesays.com\/de\/wp-content\/uploads\/2025\/03\/zoom-in.f7dae02f.svg.svg+xml\" alt=\"Vergr\u00f6\u00dfern des Bildes\" title=\"Vergr\u00f6\u00dfern des Bildes\" class=\"&#10;        block&#10;        h-[calc(var(--height)_\/_16_*_1rem)]&#10;        w-[calc(var(--width)_\/_16_*_1rem)]&#10;        max-w-none&#10;        absolute bottom-8 right-8 rounded-4 bg-snow p-8\" decoding=\"async\"\/><\/a><\/p>\n<p>Andrea Kiewel: Sie moderiert den &#8222;ZDF-Fernsehgarten&#8220;. (Quelle: IMAGO\/Marco Steinbrenner\/DeFodi Images)<\/p>\n<p class=\"font-bold text-18 leading-17\">Andrea Kiewel h\u00e4tte den deutschen ESC-Act gerne in ihrer ZDF-Show gesehen. Doch Abor &amp; Tynna lehnen einen Auftritt im &#8222;Fernsehgarten&#8220; ab, wie die Moderatorin enth\u00fcllte.<\/p>\n<p class=\"text-18 leading-17\">Anfang Mai startete der &#8222;ZDF-Fernsehgarten&#8220; in die diesj\u00e4hrige Saison. Auch am Sonntagmittag f\u00fchrte <a class=\"transition-colors duration-200 cursor-pointer text-inherit no-underline text-salemsfur md:hover:text-magenta md:hover:border-magenta md:focus:text-magenta border-current border-b border-solid break-words\" href=\"https:\/\/www.t-online.de\/themen\/andrea-kiewel\/\" data-sctrack=\"BodyAnchor\" target=\"_blank\" rel=\"noopener\">Andrea Kiewel<\/a> wieder durch eine neue Ausgabe der beliebten Sendung, diesmal unter dem Motto &#8222;Hit-Marathon&#8220;. W\u00e4hrend der Show auf dem Mainzer Lerchenberg kam die Moderatorin aber bereits auf das Programm der kommenden Woche zu sprechen.<\/p>\n<p class=\"text-18 leading-17\">Da drehe sich alles um die Schweiz, denn am Abend zuvor findet in Basel der <a class=\"transition-colors duration-200 cursor-pointer text-inherit no-underline text-salemsfur md:hover:text-magenta md:hover:border-magenta md:focus:text-magenta border-current border-b border-solid break-words\" href=\"https:\/\/www.t-online.de\/themen\/eurovision-song-contest\/\" data-sctrack=\"BodyAnchor\" target=\"_blank\" rel=\"noopener\">Eurovision Song Contest<\/a> statt. F\u00fcr Deutschland tritt das Geschwister-Duo Abor &amp; Tynna mit dem Song &#8222;Baller&#8220; an, der Andrea Kiewel gut gef\u00e4llt. &#8222;Ich liebe diesen Hit, ich finde den saugut&#8220;, schw\u00e4rmte die 59-J\u00e4hrige und stimmte das Lied gleich vor laufenden Kameras an. &#8222;Ich h\u00f6re den rauf und runter und finde den richtig gro\u00dfartig.&#8220;<\/p>\n<p class=\"text-18 leading-17\">Eines passt der Moderatorin allerdings gar nicht: Abor &amp; Tynna wollen in ihrer ZDF-Show nicht auftreten. &#8222;Weil die sich im &#8218;Fernsehgarten&#8216; nicht sehen&#8220;, erkl\u00e4rte Andrea Kiewel dem Publikum und f\u00fcgte sichtlich pikiert mit zusammengebissenen Z\u00e4hnen hinzu: &#8222;Was ich zum Kotzen finde. Aber es ist eben so, du kannst ja niemanden zwingen.&#8220;<\/p>\n<p class=\"text-18 leading-17\">Daf\u00fcr kann sich die Moderation auf viele andere K\u00fcnstler freuen. Mit dabei sind unter anderem Luca H\u00e4nni, Francine Jordi, Aditotoro, paulomuc &amp; Paul Frege, Pegasus, Remo Forrer, Veronica Fusaro und Linda F\u00e4h.<\/p>\n<p class=\"text-18 leading-17\">Seit 25 Jahren f\u00fchrt Andrea Kiewel durch den &#8222;Fernsehgarten&#8220; im <a class=\"transition-colors duration-200 cursor-pointer text-inherit no-underline text-salemsfur md:hover:text-magenta md:hover:border-magenta md:focus:text-magenta border-current border-b border-solid break-words\" href=\"https:\/\/www.t-online.de\/themen\/zdf\/\" data-sctrack=\"BodyAnchor\" target=\"_blank\" rel=\"noopener\">ZDF<\/a>. Im Jahr 2000 hatte sie die Moderation von Ramona Lei\u00df \u00fcbernommen. Zwischen Mai und Oktober pr\u00e4sentiert die 59-J\u00e4hrige rund 20 Sendungen pro Jahr und lockt jeden Sonntagmittag Hunderte Zuschauer vor Ort und bis zu zwei Millionen Menschen vor den Bildschirmen an.<\/p>\n","protected":false},"excerpt":{"rendered":"Andrea Kiewel ver\u00e4rgert &#8222;Fernsehgarten&#8220;-Absage: Musiker wollen nicht auftreten 11.05.2025 &#8211; 18:16 UhrLesedauer: 2 Min. Andrea Kiewel: Sie moderiert&hellip;\n","protected":false},"author":2,"featured_media":102622,"comment_status":"","ping_status":"","sticky":false,"template":"","format":"standard","meta":{"footnotes":""},"categories":[155],"tags":[8519,29,214,4631,8518,30,40585,215,1448],"class_list":{"0":"post-102621","1":"post","2":"type-post","3":"status-publish","4":"format-standard","5":"has-post-thumbnail","7":"category-unterhaltung","8":"tag-andrea-kiewel","9":"tag-deutschland","10":"tag-entertainment","11":"tag-eurovision-song-contest","12":"tag-fernsehgarten","13":"tag-germany","14":"tag-lerchenberg","15":"tag-unterhaltung","16":"tag-zdf"},"share_on_mastodon":{"url":"https:\/\/pubeurope.com\/@de\/114490284897241439","error":""},"_links":{"self":[{"href":"https:\/\/www.europesays.com\/de\/wp-json\/wp\/v2\/posts\/102621","targetHints":{"allow":["GET"]}}],"collection":[{"href":"https:\/\/www.europesays.com\/de\/wp-json\/wp\/v2\/posts"}],"about":[{"href":"https:\/\/www.europesays.com\/de\/wp-json\/wp\/v2\/types\/post"}],"author":[{"embeddable":true,"href":"https:\/\/www.europesays.com\/de\/wp-json\/wp\/v2\/users\/2"}],"replies":[{"embeddable":true,"href":"https:\/\/www.europesays.com\/de\/wp-json\/wp\/v2\/comments?post=102621"}],"version-history":[{"count":0,"href":"https:\/\/www.europesays.com\/de\/wp-json\/wp\/v2\/posts\/102621\/revisions"}],"wp:featuredmedia":[{"embeddable":true,"href":"https:\/\/www.europesays.com\/de\/wp-json\/wp\/v2\/media\/102622"}],"wp:attachment":[{"href":"https:\/\/www.europesays.com\/de\/wp-json\/wp\/v2\/media?parent=102621"}],"wp:term":[{"taxonomy":"category","embeddable":true,"href":"https:\/\/www.europesays.com\/de\/wp-json\/wp\/v2\/categories?post=102621"},{"taxonomy":"post_tag","embeddable":true,"href":"https:\/\/www.europesays.com\/de\/wp-json\/wp\/v2\/tags?post=102621"}],"curies":[{"name":"wp","href":"https:\/\/api.w.org\/{rel}","templated":true}]}}