{"id":102642,"date":"2025-05-11T17:20:11","date_gmt":"2025-05-11T17:20:11","guid":{"rendered":"https:\/\/www.europesays.com\/de\/102642\/"},"modified":"2025-05-11T17:20:11","modified_gmt":"2025-05-11T17:20:11","slug":"kleinreparaturen-von-anti-rost-in-herten-5-euro-pro-einsatz","status":"publish","type":"post","link":"https:\/\/www.europesays.com\/de\/102642\/","title":{"rendered":"Kleinreparaturen von Anti Rost in Herten: 5 Euro pro Einsatz"},"content":{"rendered":"<p>\t\tKleinreparaturen in Herten<br \/>\n\t\t\t\t\tSenioren der Anti-Rost-Gruppe helfen unkompliziert und ehrenamtlich<\/p>\n<p>\t\t<img alt=\"\" src=\"https:\/\/www.europesays.com\/de\/wp-content\/uploads\/2025\/04\/Jonas-Alder.png\"  class=\"avatar avatar-36 photo avatar-default\" height=\"36\" width=\"36\" loading=\"lazy\" decoding=\"async\"\/>\t\t<a class=\"article-author__name\" href=\"https:\/\/www.hertener-allgemeine.de\/author\/flachbrotoutlook-de\/\" rel=\"author noopener\" target=\"_blank\">Jonas Alder<\/a><br \/>\n\t\tRedakteur<\/p>\n<p>\t11.05.2025 17:35 Uhr<\/p>\n<p>\t\tTeilen<\/p>\n<p>\n\tIn Merkliste \u00fcbernehmen\n<\/p>\n<p>    <a href=\"https:\/\/www.hertener-allgemeine.de\/wp-content\/uploads\/2025\/05\/09\/14\/630_0900_4701287_hal_Herten_Antirost_Back_Niewoehner-1648x824.jpg\" target=\"_blank\" rel=\"noopener\"><\/p>\n<p>            <img decoding=\"async\" fetchpriority=\"high\" src=\"https:\/\/www.europesays.com\/de\/wp-content\/uploads\/2025\/05\/630_0900_4701286_hal_Herten_Antirost_Back_Niewoehner-640x428.jpg\" width=\"640\" height=\"428\"  alt=\"Wilfried Niew\u00f6hner und Helmut Back stehen auf dem Kirchplatz von St. Martinus in Westerholt.\"\/><\/p>\n<p>    <\/a><br \/>\n    Ihre Anti-Rost-Initiative hat die Stadt Herten bereits mit dem B\u00fcrgerpreis ausgezeichnet: Helmut Back und Wilfried Niew\u00f6hner (r.) und die weiteren Engagierten der Gruppe helfen Senioren ehrenamtlich bei Reparaturen. \u00a9 Jonas Alder<\/p>\n<p class=\"article__teaser-text\">Handwerker gesucht? Zwei Ehrenamtler aus Herten erkl\u00e4ren, wie die Initiative Anti-Rost f\u00fcr eine Aufwandspauschale Kleinstreparaturen erledigt.<\/p>\n<p>2 Min Lesezeit<\/p>\n<p>\t\tWas ist die Anti-Rost-Gruppe <a target=\"_blank\" href=\"https:\/\/www.hertener-allgemeine.de\/\" data-imported=\"1\" rel=\"noopener\">Herten<\/a>?Welche Reparaturen \u00fcbernimmt die Initiative?Welche Arbeiten nimmt Anti-Rost nicht an?Wie viel kostet eine Kleinreparatur?F\u00fcr wen ist die Gruppe da?Wie vielen Leuten hat die Gruppe geholfen?Was plant die Gruppe zum zehnj\u00e4hrigen Bestehen?<\/p>\n<p>\n\t<a href=\"https:\/\/www.hertener-allgemeine.de\" class=\"button button--brand button--link home-button\" target=\"_blank\" rel=\"noopener\">Zur Startseite<\/a><\/p>\n","protected":false},"excerpt":{"rendered":"Kleinreparaturen in Herten Senioren der Anti-Rost-Gruppe helfen unkompliziert und ehrenamtlich Jonas Alder Redakteur 11.05.2025 17:35 Uhr Teilen In&hellip;\n","protected":false},"author":2,"featured_media":102643,"comment_status":"","ping_status":"","sticky":false,"template":"","format":"standard","meta":{"footnotes":""},"categories":[1848],"tags":[3364,29,548,663,3934,3658,30,13,14,15,1209,12,40648,625],"class_list":{"0":"post-102642","1":"post","2":"type-post","3":"status-publish","4":"format-standard","5":"has-post-thumbnail","7":"category-gelsenkirchen","8":"tag-de","9":"tag-deutschland","10":"tag-eu","11":"tag-europa","12":"tag-europe","13":"tag-gelsenkirchen","14":"tag-germany","15":"tag-headlines","16":"tag-nachrichten","17":"tag-news","18":"tag-nordrhein-westfalen","19":"tag-schlagzeilen","20":"tag-st-martinus-westerholt","21":"tag-verbraucher"},"share_on_mastodon":{"url":"https:\/\/pubeurope.com\/@de\/114490351635293001","error":""},"_links":{"self":[{"href":"https:\/\/www.europesays.com\/de\/wp-json\/wp\/v2\/posts\/102642","targetHints":{"allow":["GET"]}}],"collection":[{"href":"https:\/\/www.europesays.com\/de\/wp-json\/wp\/v2\/posts"}],"about":[{"href":"https:\/\/www.europesays.com\/de\/wp-json\/wp\/v2\/types\/post"}],"author":[{"embeddable":true,"href":"https:\/\/www.europesays.com\/de\/wp-json\/wp\/v2\/users\/2"}],"replies":[{"embeddable":true,"href":"https:\/\/www.europesays.com\/de\/wp-json\/wp\/v2\/comments?post=102642"}],"version-history":[{"count":0,"href":"https:\/\/www.europesays.com\/de\/wp-json\/wp\/v2\/posts\/102642\/revisions"}],"wp:featuredmedia":[{"embeddable":true,"href":"https:\/\/www.europesays.com\/de\/wp-json\/wp\/v2\/media\/102643"}],"wp:attachment":[{"href":"https:\/\/www.europesays.com\/de\/wp-json\/wp\/v2\/media?parent=102642"}],"wp:term":[{"taxonomy":"category","embeddable":true,"href":"https:\/\/www.europesays.com\/de\/wp-json\/wp\/v2\/categories?post=102642"},{"taxonomy":"post_tag","embeddable":true,"href":"https:\/\/www.europesays.com\/de\/wp-json\/wp\/v2\/tags?post=102642"}],"curies":[{"name":"wp","href":"https:\/\/api.w.org\/{rel}","templated":true}]}}