{"id":1026589,"date":"2026-05-17T20:15:50","date_gmt":"2026-05-17T20:15:50","guid":{"rendered":"https:\/\/www.europesays.com\/de\/1026589\/"},"modified":"2026-05-17T20:15:50","modified_gmt":"2026-05-17T20:15:50","slug":"wuelfrath-seniorenvertreter-planen-ein-pedelec-training","status":"publish","type":"post","link":"https:\/\/www.europesays.com\/de\/1026589\/","title":{"rendered":"W\u00fclfrath: Seniorenvertreter planen ein Pedelec-Training"},"content":{"rendered":"<p class=\"text_ohne_einzug richtext text-em-55 !leading-serif mx-6 desktop:mx-0\">  Die Seniorenvertretung \u201eAktiv f\u00fcr W\u00fclfrath\u201c l\u00e4dt alle Interessierten zur n\u00e4chsten \u00f6ffentlichen Sitzung am kommenden Mittwoch, 20. Mai, in den gro\u00dfen Ratssaal um 11 Uhr ein. Auf der Tagesordnung steht unter anderem die aktuelle Wunschliste, zu der auch ein geplantes Pedelec-Training geh\u00f6rt.<\/p>\n<p class=\"richtext text-em-55 !leading-serif mx-6 desktop:mx-0\">Au\u00dferdem hat das Thema \u201eErben und Vererben\u201c f\u00fcr viele Menschen zunehmend Bedeutung. Eine fr\u00fchzeitige Regelung des Nachlasses hilft dabei, pers\u00f6nliche W\u00fcnsche festzuhalten, Angeh\u00f6rige abzusichern und m\u00f6gliche Streitigkeiten innerhalb der Familie zu vermeiden. Themen wie Testament, Vorsorgevollmacht oder gesetzliche Erbfolge werfen h\u00e4ufig Fragen auf. Der Notar Julian Klein aus <a href=\"https:\/\/rp-online.de\/thema\/velbert\/\" rel=\"nofollow noopener\" target=\"_blank\">Velbert<\/a> gibt in der Sitzung eine \u00dcbersicht zu diesem Thema und beantwortet Fragen rund um Nachlass und Vorsorge.<\/p>\n<p class=\"richtext text-em-55 !leading-serif mx-6 desktop:mx-0\">Dar\u00fcber hinaus berichtet die Seniorenvertretung von der Landesseniorenvertretung in Soest sowie aus den verschiedenen Aussch\u00fcssen.<\/p>\n","protected":false},"excerpt":{"rendered":"Die Seniorenvertretung \u201eAktiv f\u00fcr W\u00fclfrath\u201c l\u00e4dt alle Interessierten zur n\u00e4chsten \u00f6ffentlichen Sitzung am kommenden Mittwoch, 20. Mai, in&hellip;\n","protected":false},"author":2,"featured_media":1026590,"comment_status":"","ping_status":"","sticky":false,"template":"","format":"standard","meta":{"footnotes":"","_share_on_mastodon":"0"},"categories":[1840],"tags":[15894,3364,29,30,89553,1209,6583,53060,24234,39146,14454,27167,4418],"class_list":["post-1026589","post","type-post","status-publish","format-standard","has-post-thumbnail","category-wuppertal","tag-aktuelle","tag-de","tag-deutschland","tag-germany","tag-landesseniorenvertretung","tag-nordrhein-westfalen","tag-senioren","tag-seniorenvertretung","tag-sitzung","tag-thema","tag-themen","tag-wuelfrath","tag-wuppertal"],"share_on_mastodon":{"url":"https:\/\/pubeurope.com\/@de\/116591760992923593","error":""},"_links":{"self":[{"href":"https:\/\/www.europesays.com\/de\/wp-json\/wp\/v2\/posts\/1026589","targetHints":{"allow":["GET"]}}],"collection":[{"href":"https:\/\/www.europesays.com\/de\/wp-json\/wp\/v2\/posts"}],"about":[{"href":"https:\/\/www.europesays.com\/de\/wp-json\/wp\/v2\/types\/post"}],"author":[{"embeddable":true,"href":"https:\/\/www.europesays.com\/de\/wp-json\/wp\/v2\/users\/2"}],"replies":[{"embeddable":true,"href":"https:\/\/www.europesays.com\/de\/wp-json\/wp\/v2\/comments?post=1026589"}],"version-history":[{"count":0,"href":"https:\/\/www.europesays.com\/de\/wp-json\/wp\/v2\/posts\/1026589\/revisions"}],"wp:featuredmedia":[{"embeddable":true,"href":"https:\/\/www.europesays.com\/de\/wp-json\/wp\/v2\/media\/1026590"}],"wp:attachment":[{"href":"https:\/\/www.europesays.com\/de\/wp-json\/wp\/v2\/media?parent=1026589"}],"wp:term":[{"taxonomy":"category","embeddable":true,"href":"https:\/\/www.europesays.com\/de\/wp-json\/wp\/v2\/categories?post=1026589"},{"taxonomy":"post_tag","embeddable":true,"href":"https:\/\/www.europesays.com\/de\/wp-json\/wp\/v2\/tags?post=1026589"}],"curies":[{"name":"wp","href":"https:\/\/api.w.org\/{rel}","templated":true}]}}