{"id":1026635,"date":"2026-05-17T20:48:17","date_gmt":"2026-05-17T20:48:17","guid":{"rendered":"https:\/\/www.europesays.com\/de\/1026635\/"},"modified":"2026-05-17T20:48:17","modified_gmt":"2026-05-17T20:48:17","slug":"illegales-rennen-aus-autoraser-laesst-schwer-verletzte-frau-zurueck-regional","status":"publish","type":"post","link":"https:\/\/www.europesays.com\/de\/1026635\/","title":{"rendered":"Illegales Rennen aus: Autoraser l\u00e4sst schwer verletzte Frau zur\u00fcck | Regional"},"content":{"rendered":"<p><a class=\"skip-content skip-content--link\" href=\"#in-content-skip-link-target-v-0-0\">TTS-Player \u00fcberspringen\u21b5<\/a><a id=\"in-content-skip-link-target-v-0-0\" class=\"skip-content--target-link-hidden skip-content skip-content--target-link\" href=\"#in-content-skip-link-target-v-0-0\">Artikel weiterlesen<\/a><\/p>\n<p>Dortmund \u2013 <b>Schock-Unfall am fr\u00fchen Morgen: Bei einem mutma\u00dflich illegalen Autorennen ist eine 25-j\u00e4hrige Dortmunderin schwer verletzt worden. Der Fahrer des Unfallwagens fl\u00fcchtete anschlie\u00dfend zu Fu\u00df und lie\u00df die verletzte Frau einfach zur\u00fcck.<\/b><\/p>\n<p>Der Unfall ereignete sich gegen 6.30 Uhr an der Kreuzung K\u00f6rner Hellweg\/Berliner Stra\u00dfe in <a href=\"https:\/\/www.bild.de\/regional\/dortmund\/home-tEfE9FBcspDqbA9qV8Aj\" class=\"text-link\" rel=\"nofollow noopener\" target=\"_blank\">Dortmund<\/a>. Laut Polizei raste ein Fiat Punto mit hoher Geschwindigkeit \u00fcber die Kreuzung und krachte in den schwarzen Renault Twingo der 25-J\u00e4hrigen. <\/p>\n<p>Schwer verletzte Frau musste aus Auto befreit werden<\/p>\n<p>Durch die enorme Wucht des Aufpralls \u00fcberschlug sich der Kleinwagen und blieb auf der Seite liegen. W\u00e4hrend Rettungskr\u00e4fte die Verletzte versorgten, machte sich der mutma\u00dfliche Unfallverursacher aus dem Staub. Die <a href=\"https:\/\/www.bild.de\/themen\/organisationen\/feuerwehr\/politik-nachrichten-news-fotos-videos-20421624.bild.html\" class=\"text-link\" rel=\"nofollow noopener\" target=\"_blank\">Feuerwehr<\/a> musste die Frau aus dem zerst\u00f6rten Auto befreien. Sie kam schwer verletzt ins Krankenhaus. Lebensgefahr besteht nach Polizeiangaben zum Gl\u00fcck nicht.<\/p>\n<p><img decoding=\"async\" width=\"992\" height=\"558\" alt=\"Rettungskr\u00e4fte sind vor Ort. Die Kreuzung musste gesperrt werden\" src=\"https:\/\/www.europesays.com\/de\/wp-content\/uploads\/2026\/05\/646d39931c7e3d425be46eb50dcd0ca7,e21be372.jpeg\"   class=\"landscape\" loading=\"lazy\" useforarticleimagegallerylightbox=\"true\"\/><\/p>\n<p class=\"fig__caption__text\">Rettungskr\u00e4fte sind vor Ort. Die Kreuzung musste gesperrt werden<\/p>\n<p>Foto: W\u00fcllner\/News 4 Video-Line TV<\/p>\n<p>Fahrer fl\u00fcchtet \u2013 Kennzeichen bleibt zur\u00fcck<\/p>\n<p>Das Auto des Unfallverursachers wurde wenig sp\u00e4ter verlassen in der N\u00e4he des Unfallortes entdeckt. \u201eEs war ein Fiat Punto, mit dem der vermeintliche Unfallverursacher \u00fcber die Kreuzung gerast war und den Unfall verursacht hatte\u201c, sagte ein Sprecher der <a href=\"https:\/\/www.bild.de\/regional\/aktuelles\/polizei\/polizeieinsatz-alle-infos-76681760.bild.html\" class=\"text-link\" rel=\"nofollow noopener\" target=\"_blank\">Polizei<\/a> zu BILD.<\/p>\n<p>Besonders dumm: Bei dem <a href=\"https:\/\/www.bild.de\/themen\/ereignisse\/unfaelle\/auto-news-fotos-videos-17004002.bild.html\" class=\"text-link\" rel=\"nofollow noopener\" target=\"_blank\">Unfall<\/a> verlor der Fiat eines seiner Kennzeichen direkt neben dem Unfallwagen. Das Fahrzeug ist im Kreis Warendorf, genauer in Beckum, zugelassen.<\/p>\n<p><img decoding=\"async\" width=\"992\" height=\"558\" alt=\"Der Verursacher des Unfalls verlor eins seiner Autokennzeichen, direkt neben dem Kleinwagen\" src=\"https:\/\/www.europesays.com\/de\/wp-content\/uploads\/2026\/05\/8b1d2a3a597103d8f746ad44cb08d19c,fb84f9df.jpeg\"   class=\"landscape\" loading=\"lazy\" useforarticleimagegallerylightbox=\"true\"\/><\/p>\n<p class=\"fig__caption__text\">Der Verursacher des Unfalls verlor eines seiner Autokennzeichen direkt neben dem Kleinwagen<\/p>\n<p>Foto: W\u00fcllner\/News 4 Video-Line TV<\/p>\n<p>Polizei ermittelt wegen illegalen Rennens<\/p>\n<p>Die Ermittler gehen derzeit von einem verbotenen Kraftfahrzeugrennen aus. Nach der aktuellen Gesetzeslage kann bereits extrem schnelles Fahren als illegales Rennen gewertet werden \u2013 selbst wenn der Fahrer allein unterwegs war und \u201egegen die Zeit\u201c raste. Weil es Hinweise auf ein verbotenes Rennen gab, r\u00fcckte ein spezialisiertes Verkehrsunfallaufnahme-Team an. Mit moderner Messtechnik sicherten Experten stundenlang Spuren f\u00fcr ein m\u00f6gliches <a href=\"https:\/\/www.bild.de\/themen\/ereignisse\/straftaten\/news-fotos-videos-17026252.bild.html\" class=\"text-link\" rel=\"nofollow noopener\" target=\"_blank\">Strafverfahren<\/a>.<\/p>\n<p>Der K\u00f6rner Hellweg wurde ab 6.37 Uhr in beide Fahrtrichtungen gesperrt. Wegen der aufwendigen Unfallaufnahme kam es \u00fcber Stunden zu erheblichen Verkehrsbehinderungen. Die Fahndung nach dem fl\u00fcchtigen Fahrer l\u00e4uft weiterhin.<\/p>\n","protected":false},"excerpt":{"rendered":"TTS-Player \u00fcberspringen\u21b5Artikel weiterlesen Dortmund \u2013 Schock-Unfall am fr\u00fchen Morgen: Bei einem mutma\u00dflich illegalen Autorennen ist eine 25-j\u00e4hrige Dortmunderin&hellip;\n","protected":false},"author":2,"featured_media":1026636,"comment_status":"","ping_status":"","sticky":false,"template":"","format":"standard","meta":{"footnotes":"","_share_on_mastodon":"0"},"categories":[1833],"tags":[2623,3364,29,217,5516,30,8244,1209,121,138370,2624,3260],"class_list":["post-1026635","post","type-post","status-publish","format-standard","has-post-thumbnail","category-dortmund","tag-bianca-weiner","tag-de","tag-deutschland","tag-dortmund","tag-fahrerflucht","tag-germany","tag-illegale-autorennen","tag-nordrhein-westfalen","tag-polizei","tag-team-first","tag-unfaelle","tag-verkehrsunfall"],"share_on_mastodon":{"url":"https:\/\/pubeurope.com\/@de\/116591886934565865","error":""},"_links":{"self":[{"href":"https:\/\/www.europesays.com\/de\/wp-json\/wp\/v2\/posts\/1026635","targetHints":{"allow":["GET"]}}],"collection":[{"href":"https:\/\/www.europesays.com\/de\/wp-json\/wp\/v2\/posts"}],"about":[{"href":"https:\/\/www.europesays.com\/de\/wp-json\/wp\/v2\/types\/post"}],"author":[{"embeddable":true,"href":"https:\/\/www.europesays.com\/de\/wp-json\/wp\/v2\/users\/2"}],"replies":[{"embeddable":true,"href":"https:\/\/www.europesays.com\/de\/wp-json\/wp\/v2\/comments?post=1026635"}],"version-history":[{"count":0,"href":"https:\/\/www.europesays.com\/de\/wp-json\/wp\/v2\/posts\/1026635\/revisions"}],"wp:featuredmedia":[{"embeddable":true,"href":"https:\/\/www.europesays.com\/de\/wp-json\/wp\/v2\/media\/1026636"}],"wp:attachment":[{"href":"https:\/\/www.europesays.com\/de\/wp-json\/wp\/v2\/media?parent=1026635"}],"wp:term":[{"taxonomy":"category","embeddable":true,"href":"https:\/\/www.europesays.com\/de\/wp-json\/wp\/v2\/categories?post=1026635"},{"taxonomy":"post_tag","embeddable":true,"href":"https:\/\/www.europesays.com\/de\/wp-json\/wp\/v2\/tags?post=1026635"}],"curies":[{"name":"wp","href":"https:\/\/api.w.org\/{rel}","templated":true}]}}