{"id":1026731,"date":"2026-05-17T21:39:35","date_gmt":"2026-05-17T21:39:35","guid":{"rendered":"https:\/\/www.europesays.com\/de\/1026731\/"},"modified":"2026-05-17T21:39:35","modified_gmt":"2026-05-17T21:39:35","slug":"kommentar-zu-herthas-16-schande-von-bielefeld-zeigt-leitls-und-webers-versagen-sport","status":"publish","type":"post","link":"https:\/\/www.europesays.com\/de\/1026731\/","title":{"rendered":"Kommentar zu Herthas 1:6: Schande von Bielefeld zeigt Leitls und Webers Versagen | Sport"},"content":{"rendered":"<p><a class=\"skip-content skip-content--link\" href=\"#in-content-skip-link-target-v-0-0\">TTS-Player \u00fcberspringen\u21b5<\/a><a id=\"in-content-skip-link-target-v-0-0\" class=\"skip-content--target-link-hidden skip-content skip-content--target-link\" href=\"#in-content-skip-link-target-v-0-0\">Artikel weiterlesen<\/a><\/p>\n<p><b>Hertha hat den n\u00e4chsten Tiefpunkt erreicht. Das 1:6 in Bielefeld ist eine sportliche Schande! Der vermeintliche Aufstiegskandidat wurde beim Fast-Absteiger 1:6 auseinander genommen. Trainer Stefan Leitl wurde von seiner Mannschaft gnadenlos im Stich gelassen. Eine Abstimmung mit den F\u00fc\u00dfen war es &#8211; gegen Leitl.<\/b><\/p>\n<p>60 Minuten nach Abpfiff waren im Social-Media-Pranger Instagram rekordverd\u00e4chtige 1.500 Kommentare eingegangen. Die Mehrheit der User forderte: \u201eLeitl raus! Sportdirektor Benjamin Weber raus!\u201c Wer will es den Fans verdenken? Die Schande von Bielefeld zeigt schmerzhaft Leitls und Webers Versagen.<\/p>\n<p>Mehr zum Thema<\/p>\n<p>Deutlich wurde: Kein Spieler geht f\u00fcr Leitl durchs Feuer. Die Profis spielen mal besser, meistens allerdings schlechter \u2013 und eine grundlegende Entwicklung zum Besseren ist nicht zu erkennen. Wie will Hertha mit dieser Substanz und derart spielerischer Armut jemals aufsteigen?<\/p>\n<p>Den strukturlosen Kader hat Sportdirektor Weber \u00fcber drei Jahre zusammengebastelt. Mit welcher Idee? Nicht zu erkennen! Ein paar teure Altgediente, ein paar Spieler, die ihre Karriere bei Hertha beenden d\u00fcrfen, ein paar Leihspieler, die keinen Unterschied ausmachen, ein paar ehemalige Hertha-Talente, die aber, sobald sie ein paar gute Ans\u00e4tze zeigen, m\u00f6glichst schnell den Klub verlassen wollen.<\/p>\n<p>Im Trainer-Jargon gibt es den Spruch: \u201eDer sieht den ersten Schnee nicht.\u201c Damit sind Coaches gemeint, die noch vor Oktober\/November rausfliegen. Leitl steht auf dieser Liste seit dem Bielefeld-K.o. auf Platz 1. Wie Hertha im Sommer Aufbruchsstimmung erzeugen will, eine bessere Zukunft mit Leitl und Weber gestalten m\u00f6chte, ist schleierhaft. CEO Peter G\u00f6rlich hat diesem Duo fr\u00fch die Weiterbesch\u00e4ftigung garantiert. Zu fr\u00fch?<\/p>\n","protected":false},"excerpt":{"rendered":"TTS-Player \u00fcberspringen\u21b5Artikel weiterlesen Hertha hat den n\u00e4chsten Tiefpunkt erreicht. Das 1:6 in Bielefeld ist eine sportliche Schande! Der&hellip;\n","protected":false},"author":2,"featured_media":1026732,"comment_status":"","ping_status":"","sticky":false,"template":"","format":"standard","meta":{"footnotes":"","_share_on_mastodon":"0"},"categories":[1841],"tags":[1605,3364,29,30,106019,1209,5011,806,15381],"class_list":["post-1026731","post","type-post","status-publish","format-standard","has-post-thumbnail","category-bielefeld","tag-bielefeld","tag-de","tag-deutschland","tag-germany","tag-matiebel-robert","tag-nordrhein-westfalen","tag-regio-sport-berlin","tag-sport-leuchtturm-berlin","tag-stefan-leitl"],"share_on_mastodon":{"url":"https:\/\/pubeurope.com\/@de\/116592087330295982","error":""},"_links":{"self":[{"href":"https:\/\/www.europesays.com\/de\/wp-json\/wp\/v2\/posts\/1026731","targetHints":{"allow":["GET"]}}],"collection":[{"href":"https:\/\/www.europesays.com\/de\/wp-json\/wp\/v2\/posts"}],"about":[{"href":"https:\/\/www.europesays.com\/de\/wp-json\/wp\/v2\/types\/post"}],"author":[{"embeddable":true,"href":"https:\/\/www.europesays.com\/de\/wp-json\/wp\/v2\/users\/2"}],"replies":[{"embeddable":true,"href":"https:\/\/www.europesays.com\/de\/wp-json\/wp\/v2\/comments?post=1026731"}],"version-history":[{"count":0,"href":"https:\/\/www.europesays.com\/de\/wp-json\/wp\/v2\/posts\/1026731\/revisions"}],"wp:featuredmedia":[{"embeddable":true,"href":"https:\/\/www.europesays.com\/de\/wp-json\/wp\/v2\/media\/1026732"}],"wp:attachment":[{"href":"https:\/\/www.europesays.com\/de\/wp-json\/wp\/v2\/media?parent=1026731"}],"wp:term":[{"taxonomy":"category","embeddable":true,"href":"https:\/\/www.europesays.com\/de\/wp-json\/wp\/v2\/categories?post=1026731"},{"taxonomy":"post_tag","embeddable":true,"href":"https:\/\/www.europesays.com\/de\/wp-json\/wp\/v2\/tags?post=1026731"}],"curies":[{"name":"wp","href":"https:\/\/api.w.org\/{rel}","templated":true}]}}