{"id":102688,"date":"2025-05-11T17:43:09","date_gmt":"2025-05-11T17:43:09","guid":{"rendered":"https:\/\/www.europesays.com\/de\/102688\/"},"modified":"2025-05-11T17:43:09","modified_gmt":"2025-05-11T17:43:09","slug":"handball-tor-gala-mit-kapitaen-koester-deutschland-zerlegt-die-tuerkei-sport","status":"publish","type":"post","link":"https:\/\/www.europesays.com\/de\/102688\/","title":{"rendered":"Handball: Tor-Gala mit Kapit\u00e4n K\u00f6ster! Deutschland zerlegt die T\u00fcrkei | Sport"},"content":{"rendered":"<p><b>Das war mehr als deutlich. <\/b><\/p>\n<p>Die deutsche <a href=\"https:\/\/sportbild.bild.de\/sportmix\/handball\/handball\/home-49760070.sport.html\" target=\"_blank\" rel=\"noopener\" class=\"text-link--external text-link\">Handball<\/a>-Nationalmannschaft siegt zum Abschluss der EM-Qualifikation in Stuttgart 44:26 (21:11) gegen die T\u00fcrkei. Deutschland stand zuvor bereits als Gruppensieger fest. Die T\u00fcrkei, die noch nie bei einem Gro\u00dfturnier dabei war, wurde punktlos Letzter.<\/p>\n<p>Handball: Deutschland siegt mit Kapit\u00e4n Julian K\u00f6ster<\/p>\n<p>Ein starker Start bis hin zum 7:0, was Julian K\u00f6ster erzielte. Der Star des VfL Gummersbach  war diesmal Kapit\u00e4n, weil Johannes Golla geschont wurde. Auch Andreas Wolff und Franz Semper fehlten aus Gr\u00fcnden der Belastungssteuerung. Mit 24,4 Jahren im Schnitt war der deutsche Kader deshalb jung wie nie. <\/p>\n<p><a class=\"article-image__anchor\" href=\"https:\/\/www.dyn.sport\/sport_handball\" target=\"_blank\" rel=\"noopener\"><img decoding=\"async\" width=\"992\" height=\"84\" alt=\"Teaser-Bild\" src=\"https:\/\/www.europesays.com\/de\/wp-content\/uploads\/2025\/05\/b3b848c06cf3a9d3b03f0628d9ae8e24,b08530d1\"   class=\"dynamic\" loading=\"lazy\"\/><\/a><\/p>\n<p>Foto: BILD<\/p>\n<p><a href=\"https:\/\/sportbild.bild.de\/sportmix\/handball\/kein-witz-handballer-aus-dresden-fuer-zwei-wochen-nach-katar-68206a499166b6044ba054a5\" target=\"_blank\" rel=\"noopener\" class=\"text-link--external text-link\">Als Doruk Pehlivan, der f\u00fcr Dresden in der 2. Liga spielt<\/a>, das erste Tor f\u00fcr die T\u00fcrken erzielt, sind schon 8 Minuten und 20 Sekunden gespielt. Fortan schleichen sich allerdings ein paar Fehler mehr ins deutsche Spiel ein.<\/p>\n<p>Lesen Sie auch<\/p>\n<p>Und pl\u00f6tzlich hat Deutschland zwei Nationalspieler mehr! Bundestrainer Alfred Gislason bringt mit Aron Seesing (22) einen Deb\u00fctanten, der noch in der 2. Liga spielt. Allerdings hat der Kreisl\u00e4ufer mit dem Bergischen HC bereits den Aufstieg geschafft und wird kommende Saison erstklassig sein. Seesing trifft gleich mal zum 17:10 (26.). Zudem kommt auch Matthes Langhoff (23, F\u00fcchse) zu seiner Deutschland-Premiere.<\/p>\n<p>Kommentator fassungslos: Ist DAS der schlechteste Wurf der Handball-Saison?<a href=\"https:\/\/sportbild.bild.de\/sportmix\/handball\/handball-ist-das-der-schlechteste-wurf-der-saison-681889c193978f22600242e5\" class=\"anchor\" target=\"_blank\" rel=\"noopener\"><img decoding=\"async\" width=\"992\" height=\"558\" alt=\"Handball: Ist DAS der schlechteste Wurf der Saison?\" src=\"https:\/\/www.europesays.com\/de\/wp-content\/uploads\/2025\/05\/1746985389_905_c1e452da9b40a9fe1e8ff381ba1539c4,735c959\"   class=\"landscape teaser__image\" loading=\"lazy\"\/><\/a><\/p>\n<p>Quelle: BILD05.05.2025<\/p>\n<p>Locker wird der Vorsprung nach der Pause ausgebaut. Melsungens Timo Kastening, mit 29 Jahren der \u00e4lteste Spieler im Kader, macht das 30:17 (41.), Langhoff sein erstes L\u00e4nderspieltor zum 36:19 (47.). Rechtsau\u00dfen Kastening ist es dann vorbehalten, das 40. Tor zu erzielen. Marko Grgic (Eisenach) trifft zum Endstand.<\/p>\n<p><b>Die EM im Januar 2026 wird in D\u00e4nemark, Schweden und Norwegen gespielt. <\/b><\/p>\n","protected":false},"excerpt":{"rendered":"Das war mehr als deutlich. Die deutsche Handball-Nationalmannschaft siegt zum Abschluss der EM-Qualifikation in Stuttgart 44:26 (21:11) gegen&hellip;\n","protected":false},"author":2,"featured_media":102689,"comment_status":"","ping_status":"","sticky":false,"template":"","format":"standard","meta":{"footnotes":""},"categories":[2],"tags":[331,3924,332,3922,3364,29,11662,1932,30,39209,1391,5009,13,14,3923,15,3921,9662,12,4580,3460,4581,45],"class_list":{"0":"post-102688","1":"post","2":"type-post","3":"status-publish","4":"format-standard","5":"has-post-thumbnail","7":"category-deutschland","8":"tag-aktuelle-nachrichten","9":"tag-aktuelle-nachrichten-aus-deutschland","10":"tag-aktuelle-news","11":"tag-aktuelle-news-aus-deutschland","12":"tag-de","13":"tag-deutschland","14":"tag-dhb","15":"tag-dyn-handball","16":"tag-germany","17":"tag-gislason-alfred","18":"tag-handball","19":"tag-hbl","20":"tag-headlines","21":"tag-nachrichten","22":"tag-nachrichten-aus-deutschland","23":"tag-news","24":"tag-news-aus-deutschland","25":"tag-no-sport-app","26":"tag-schlagzeilen","27":"tag-schmidt-andre","28":"tag-sport-leuchtturm-leipzig","29":"tag-sport-tag-im-ticker","30":"tag-texttospeech"},"share_on_mastodon":{"url":"https:\/\/pubeurope.com\/@de\/114490442250112230","error":""},"_links":{"self":[{"href":"https:\/\/www.europesays.com\/de\/wp-json\/wp\/v2\/posts\/102688","targetHints":{"allow":["GET"]}}],"collection":[{"href":"https:\/\/www.europesays.com\/de\/wp-json\/wp\/v2\/posts"}],"about":[{"href":"https:\/\/www.europesays.com\/de\/wp-json\/wp\/v2\/types\/post"}],"author":[{"embeddable":true,"href":"https:\/\/www.europesays.com\/de\/wp-json\/wp\/v2\/users\/2"}],"replies":[{"embeddable":true,"href":"https:\/\/www.europesays.com\/de\/wp-json\/wp\/v2\/comments?post=102688"}],"version-history":[{"count":0,"href":"https:\/\/www.europesays.com\/de\/wp-json\/wp\/v2\/posts\/102688\/revisions"}],"wp:featuredmedia":[{"embeddable":true,"href":"https:\/\/www.europesays.com\/de\/wp-json\/wp\/v2\/media\/102689"}],"wp:attachment":[{"href":"https:\/\/www.europesays.com\/de\/wp-json\/wp\/v2\/media?parent=102688"}],"wp:term":[{"taxonomy":"category","embeddable":true,"href":"https:\/\/www.europesays.com\/de\/wp-json\/wp\/v2\/categories?post=102688"},{"taxonomy":"post_tag","embeddable":true,"href":"https:\/\/www.europesays.com\/de\/wp-json\/wp\/v2\/tags?post=102688"}],"curies":[{"name":"wp","href":"https:\/\/api.w.org\/{rel}","templated":true}]}}