{"id":1026926,"date":"2026-05-17T23:42:21","date_gmt":"2026-05-17T23:42:21","guid":{"rendered":"https:\/\/www.europesays.com\/de\/1026926\/"},"modified":"2026-05-17T23:42:21","modified_gmt":"2026-05-17T23:42:21","slug":"kittichai-in-neuss-nachfolger-fuer-restaurant-auf-dem-markt-gesucht","status":"publish","type":"post","link":"https:\/\/www.europesays.com\/de\/1026926\/","title":{"rendered":"Kittichai in Neuss: Nachfolger f\u00fcr Restaurant auf dem Markt gesucht"},"content":{"rendered":"<p class=\"text_ohne_einzug richtext text-em-55 !leading-serif mx-6 desktop:mx-0\">  Droht dem Neusser Markt etwa der n\u00e4chste gastronomische Abgang? Diese Frage steht zumindest mit Blick auf eine Immobilienanzeige im Raum, die jetzt online gestellt wurde. Konkret geht es dabei um das Objekt, in dem sich seit 2011 das Kittichai befindet \u2013 ein Restaurant, das sich vor allem auf thail\u00e4ndische K\u00fcche inklusive Barkonzept spezialisiert hat. F\u00fcr die 167 Quadratmeter gro\u00dfe Fl\u00e4che wird mithilfe eines beauftragten Maklers nun ein neuer Mieter gesucht.<\/p>\n","protected":false},"excerpt":{"rendered":"Droht dem Neusser Markt etwa der n\u00e4chste gastronomische Abgang? Diese Frage steht zumindest mit Blick auf eine Immobilienanzeige&hellip;\n","protected":false},"author":2,"featured_media":1026927,"comment_status":"","ping_status":"","sticky":false,"template":"","format":"standard","meta":{"footnotes":"","_share_on_mastodon":"0"},"categories":[1831],"tags":[3364,29,3405,30,220407,10430,1209,56787,220406],"class_list":["post-1026926","post","type-post","status-publish","format-standard","has-post-thumbnail","category-duesseldorf","tag-de","tag-deutschland","tag-duesseldorf","tag-germany","tag-kittichai","tag-neuss","tag-nordrhein-westfalen","tag-objekt","tag-tzabari"],"share_on_mastodon":{"url":"","error":""},"_links":{"self":[{"href":"https:\/\/www.europesays.com\/de\/wp-json\/wp\/v2\/posts\/1026926","targetHints":{"allow":["GET"]}}],"collection":[{"href":"https:\/\/www.europesays.com\/de\/wp-json\/wp\/v2\/posts"}],"about":[{"href":"https:\/\/www.europesays.com\/de\/wp-json\/wp\/v2\/types\/post"}],"author":[{"embeddable":true,"href":"https:\/\/www.europesays.com\/de\/wp-json\/wp\/v2\/users\/2"}],"replies":[{"embeddable":true,"href":"https:\/\/www.europesays.com\/de\/wp-json\/wp\/v2\/comments?post=1026926"}],"version-history":[{"count":0,"href":"https:\/\/www.europesays.com\/de\/wp-json\/wp\/v2\/posts\/1026926\/revisions"}],"wp:featuredmedia":[{"embeddable":true,"href":"https:\/\/www.europesays.com\/de\/wp-json\/wp\/v2\/media\/1026927"}],"wp:attachment":[{"href":"https:\/\/www.europesays.com\/de\/wp-json\/wp\/v2\/media?parent=1026926"}],"wp:term":[{"taxonomy":"category","embeddable":true,"href":"https:\/\/www.europesays.com\/de\/wp-json\/wp\/v2\/categories?post=1026926"},{"taxonomy":"post_tag","embeddable":true,"href":"https:\/\/www.europesays.com\/de\/wp-json\/wp\/v2\/tags?post=1026926"}],"curies":[{"name":"wp","href":"https:\/\/api.w.org\/{rel}","templated":true}]}}