{"id":102742,"date":"2025-05-11T18:11:11","date_gmt":"2025-05-11T18:11:11","guid":{"rendered":"https:\/\/www.europesays.com\/de\/102742\/"},"modified":"2025-05-11T18:11:11","modified_gmt":"2025-05-11T18:11:11","slug":"tragischer-bahn-unfall-in-muenchen-16-jaehrigem-wurde-rechter-fuss-abgetrennt","status":"publish","type":"post","link":"https:\/\/www.europesays.com\/de\/102742\/","title":{"rendered":"Tragischer Bahn-Unfall in M\u00fcnchen: 16-J\u00e4hrigem wurde rechter Fu\u00df abgetrennt"},"content":{"rendered":"<p>\t\t\t<a href=\"https:\/\/pfaffenhofen-today.de\/97722-muenchen-110525\" target=\"_blank\" rel=\"noopener\"><img decoding=\"async\" class=\"caption\" title=\"Symbolbild. \" src=\"https:\/\/www.europesays.com\/de\/wp-content\/uploads\/2025\/05\/einsatz-nacht00001.jpg\" alt=\"\" itemprop=\"thumbnailUrl\"\/><\/a><\/p>\n<dl class=\"article-info muted\">\n<dt class=\"article-info-term\">\n\t\t\t\t\t\t\t\t\tDetails\t\t\t\t\t\t\t<\/dt>\n<dd class=\"published\">\n<p>\t\t\t\t\tSo, 11.05.2025 \u00a0 19:53 Uhr\n\t\t\t<\/dd>\n<\/dl>\n<p><strong>Laut Polizei kletterten\u00a0zwei Teenager aus Abenteuerlust auf einen G\u00fcterzug. Als dieser anfuhr, sprangen sie\u00a0in Panik ab. Einer geriet dabei unter ein Zugrad.<\/strong><\/p>\n<p>(ty) Zu einem folgenschweren Unfall ist es in der Nacht zum gestrigen Samstag auf einer\u00a0G\u00fcterverkehrs-Bahnstrecke nahe dem Ostbahnhof in M\u00fcnchen\u00a0gekommen. Wie die \u00f6rtliche Bundespolizei-Inspektion heute\u00a0berichtet, verlor ein 16-J\u00e4hriger dabei seinen rechten\u00a0Fu\u00df: Dieser war dem Jugendlichen abgetrennt worden, als\u00a0er von einem anfahrenden G\u00fcterzug sprang und unter ein Rad des Zugs geriet. &#8222;Mit einem Ableben des Jugendlichen ist nicht zu rechnen&#8220;, meldet die Bundespolizei, &#8222;sein Fu\u00df konnte jedoch nicht gerettet werden.&#8220;<\/p>\n<p>\t\t\t\t\t\t\t\t\t\t\t\t\t\t\t\t\t\t\t\t\t\t\t\t\t\t\t\t\t\t\t\t\t\t\t\t\t\t\t\t\t\t\t\t\t\t\t\t\t\t\t\t\t\t\t\t\t\t\t\t\t\t\t\t<a href=\"https:\/\/pfaffenhofen-today.de\/component\/banners\/click\/213\" target=\"_blank\" title=\"hechinger\" rel=\"noopener\"><\/p>\n<p>    <img decoding=\"async\" src=\"https:\/\/www.europesays.com\/de\/wp-content\/uploads\/2025\/05\/300420a.jpg\" alt=\"hechinger\"\/><\/p>\n<p>\t\t\t\t\t\t\t<\/a><\/p>\n<p>Gegen 2 Uhr sei\u00a0bei der Integrierten Leitstelle der Berufsfeuerwehr von M\u00fcnchen ein Notruf \u00fcber einen Unfall mit Personenschaden im Gleis-Bereich eingegangen. Ein Zeuge habe\u00a0gemeldet, dass einer Person ein Fu\u00df abgetrennt worden sei.\u00a0Einsatzkr\u00e4fte des\u00a0Polizeipr\u00e4sidiums der bayerischen Landeshauptstadt, der Berufsfeuerwehr von M\u00fcnchen sowie\u00a0der\u00a0Bundespolizei suchten das Gebiet ab. Laut Schilderung der Polizei fanden sie schlie\u00dflich unter einer Stra\u00dfenbr\u00fccke nahe der Strecke den Mitteiler sowie den schwer verletzten 16-J\u00e4hrigen.\u00a0Der Verungl\u00fcckte\u00a0habe\u00a0in einer B\u00f6schung neben den Gleisen gelegen.<\/p>\n<p>\t\t\t\t\t\t\t\t\t\t\t\t\t\t\t\t\t\t\t\t\t\t\t\t\t\t\t\t\t\t\t\t\t\t\t\t\t\t\t\t\t\t\t\t\t\t\t\t\t\t\t\t\t\t\t\t\t\t\t\t\t\t\t\t<a href=\"https:\/\/pfaffenhofen-today.de\/component\/banners\/click\/148\" target=\"_blank\" title=\"Stahl\" rel=\"noopener\"><\/p>\n<p>    <img decoding=\"async\" src=\"https:\/\/www.europesays.com\/de\/wp-content\/uploads\/2025\/05\/050525a.jpg\" alt=\"Stahl\"\/><\/p>\n<p>\t\t\t\t\t\t\t<\/a><\/p>\n<p>Sein rechter Fu\u00df sei\u00a0oberhalb des Kn\u00f6chels abgetrennt gewesen. &#8222;Die Unfallstelle war schwer zug\u00e4nglich und konnte nur \u00fcber die B\u00f6schung erreicht werden&#8220;, erkl\u00e4rt die Bundespolizei.\u00a0Dennoch sei es den Einsatzkr\u00e4ften gelungen, den Jugendlichen rasch und sicher zu retten sowie medizinisch zu versorgen. Nach ersten Ermittlungen der Bundespolizei &#8222;waren die beiden 16-J\u00e4hrigen aus Abenteuerlust auf einen abgestellten G\u00fcterzug geklettert&#8220;. Als dieser angefahren sei, seien die beiden Teenager in Panik abgesprungen.\u00a0Dabei geriet der Fu\u00df des einen\u00a0Jugendlichen laut Polizei\u00a0unter ein Zugrad.\u00a0<\/p>\n<p>\t\t\t\t\t\t\t\t\t\t\t\t\t\t\t\t\t\t\t\t\t\t\t\t\t\t\t\t\t\t\t\t\t\t\t\t\t\t\t\t\t\t\t\t\t\t\t\t\t\t\t\t\t\t\t\t\t\t\t\t\t\t\t\t<a href=\"https:\/\/pfaffenhofen-today.de\/component\/banners\/click\/159\" target=\"_blank\" title=\"inde-consult\" rel=\"noopener\"><\/p>\n<p>    <img decoding=\"async\" src=\"https:\/\/www.europesays.com\/de\/wp-content\/uploads\/2025\/05\/inde-consult1a.jpg\" alt=\"inde-consult\"\/><\/p>\n<p>\t\t\t\t\t\t\t<\/a><\/p>\n<p>Bei der Suche nach dem abgetrennten K\u00f6rperteil seien ein\u00a0Diensthund des Polizeipr\u00e4sidiums von M\u00fcnchen sowie eine Drohne der bayerischen Bereitschaftspolizei zum Einsatz gekommen. Der Hund habe das Amputat nach einem Drohnen-Hinweise schlie\u00dflich lokalisieren k\u00f6nnen.\u00a0Es sei daraufhin medizinisch korrekt geborgen und mit dem schwer verletzten Teenager in ein Krankenhaus gebracht worden.\u00a0Der zweite Jugendliche habe lediglich leichte Verletzungen erlitten; er sei vor Ort versorgt worden.\u00a0Ein Krisen-Interventions-Team habe\u00a0die psychologische Betreuung \u00fcbernommen, hei\u00dft es weiter.<\/p>\n<p>\t\t\t\t\t\t\t\t\t\t\t\t\t\t\t\t\t\t\t\t\t\t\t\t\t\t\t\t\t\t\t\t\t\t\t\t\t\t\t\t\t\t\t\t\t\t\t\t\t\t\t\t\t\t\t\t\t\t\t\t\t\t\t\t<a href=\"https:\/\/pfaffenhofen-today.de\/component\/banners\/click\/137\" target=\"_blank\" title=\"halser\" rel=\"noopener\"><\/p>\n<p>    <img decoding=\"async\" src=\"https:\/\/www.europesays.com\/de\/wp-content\/uploads\/2025\/05\/stellen1a.jpg\" alt=\"halser\"\/><\/p>\n<p>\t\t\t\t\t\t\t<\/a><\/p>\n<p>Die Bundespolizei-Inspektion von M\u00fcnchen warnt einmal mehr vor den Gefahren im Bahn-Bereich: &#8222;Z\u00fcge sind keine Abenteuer-Spielpl\u00e4tze! Klettern auf Waggons, Selfies auf Gleisen oder Mutproben im Bahn-Bereich sind kein Spa\u00df \u2013 sie enden oft t\u00f6dlich oder mit schwersten Verletzungen. Bitte sprechen Sie mit Ihren Kindern \u00fcber die Gefahren im Bahn-Bereich. Jede Aktion auf oder an der Bahn kann fatale Folgen haben.&#8220;<\/p>\n<p>\t\t\t\t\t\t\t<br class=\"clear\"\/><\/p>\n","protected":false},"excerpt":{"rendered":"Details So, 11.05.2025 \u00a0 19:53 Uhr Laut Polizei kletterten\u00a0zwei Teenager aus Abenteuerlust auf einen G\u00fcterzug. Als dieser anfuhr,&hellip;\n","protected":false},"author":2,"featured_media":102743,"comment_status":"","ping_status":"","sticky":false,"template":"","format":"standard","meta":{"footnotes":""},"categories":[1827],"tags":[772,29,30,23990,963,1268,14,15,6989,23989,1986],"class_list":{"0":"post-102742","1":"post","2":"type-post","3":"status-publish","4":"format-standard","5":"has-post-thumbnail","7":"category-muenchen","8":"tag-bayern","9":"tag-deutschland","10":"tag-germany","11":"tag-ilm","12":"tag-lokales","13":"tag-muenchen","14":"tag-nachrichten","15":"tag-news","16":"tag-online","17":"tag-pfaffenhofen","18":"tag-zeitung"},"share_on_mastodon":{"url":"https:\/\/pubeurope.com\/@de\/114490552129798989","error":""},"_links":{"self":[{"href":"https:\/\/www.europesays.com\/de\/wp-json\/wp\/v2\/posts\/102742","targetHints":{"allow":["GET"]}}],"collection":[{"href":"https:\/\/www.europesays.com\/de\/wp-json\/wp\/v2\/posts"}],"about":[{"href":"https:\/\/www.europesays.com\/de\/wp-json\/wp\/v2\/types\/post"}],"author":[{"embeddable":true,"href":"https:\/\/www.europesays.com\/de\/wp-json\/wp\/v2\/users\/2"}],"replies":[{"embeddable":true,"href":"https:\/\/www.europesays.com\/de\/wp-json\/wp\/v2\/comments?post=102742"}],"version-history":[{"count":0,"href":"https:\/\/www.europesays.com\/de\/wp-json\/wp\/v2\/posts\/102742\/revisions"}],"wp:featuredmedia":[{"embeddable":true,"href":"https:\/\/www.europesays.com\/de\/wp-json\/wp\/v2\/media\/102743"}],"wp:attachment":[{"href":"https:\/\/www.europesays.com\/de\/wp-json\/wp\/v2\/media?parent=102742"}],"wp:term":[{"taxonomy":"category","embeddable":true,"href":"https:\/\/www.europesays.com\/de\/wp-json\/wp\/v2\/categories?post=102742"},{"taxonomy":"post_tag","embeddable":true,"href":"https:\/\/www.europesays.com\/de\/wp-json\/wp\/v2\/tags?post=102742"}],"curies":[{"name":"wp","href":"https:\/\/api.w.org\/{rel}","templated":true}]}}