{"id":1027486,"date":"2026-05-18T05:27:12","date_gmt":"2026-05-18T05:27:12","guid":{"rendered":"https:\/\/www.europesays.com\/de\/1027486\/"},"modified":"2026-05-18T05:27:12","modified_gmt":"2026-05-18T05:27:12","slug":"flughafen-frankfurt-aufgepasst-diese-airlines-fliegen-seit-dem-5-mai-am-neuen-terminal-3-ab","status":"publish","type":"post","link":"https:\/\/www.europesays.com\/de\/1027486\/","title":{"rendered":"Flughafen Frankfurt: Aufgepasst \u2013 diese Airlines fliegen seit dem 5. Mai am neuen Terminal 3 ab"},"content":{"rendered":"<p class=\"mb-6 text-xs md:text-m lg:text-l font-serif group-[.font-sans]:font-sans \">\n    Aufgrund des stetig wachsenden Flugverkehrs musste am <a href=\"https:\/\/www.mainpost.de\/panorama\/kennen-sie-die-groessten-flughaefen-deutschlands-102576503\" target=\"_self\" class=\"underline \" rel=\"nofollow noopener\">gr\u00f6\u00dften deutschen Flughafen<\/a> aufgestockt werden. Die bisher betriebenen Terminals 1 und 2 wurden um das neue Terminal 3 erweitert, das sich seit Oktober 2015 im Bau befand. Seit dem 23. April 2026 ist der regul\u00e4re Flugbetrieb am <a href=\"https:\/\/www.mainpost.de\/panorama\/flughafen-frankfurt-wann-wird-terminal-3-eroeffnet-das-sind-die-auswirkungen-fuer-reisende-28-4-26-113679559\" target=\"_self\" class=\"underline \" rel=\"nofollow noopener\">neuen Terminal des Frankfurter Flughafens gestartet<\/a>, wie der Flughafenbetreiber\u00a0<a href=\"https:\/\/www.fraport.com\/de\/newsroom\/pressemitteilungen\/2026\/q2\/erstlandung-am-terminal-3.html\" rel=\"nofollow noopener\" target=\"_blank\" class=\"underline \">Fraport<\/a>\u00a0mitteilte.\n  <\/p>\n<p class=\"mb-6 text-xs md:text-m lg:text-l font-serif group-[.font-sans]:font-sans \">\n    Nach Angaben des <a href=\"https:\/\/www.fraport.com\/de\/newsroom\/pressemappe\/pressemappen\/t3-pressetermin.html\" rel=\"nofollow noopener\" target=\"_blank\" class=\"underline \">Flughafenbetreibers<\/a>\u00a0ziehen seit Mitte April und noch bis Anfang Juni 2026 die insgesamt 57 Fluggesellschaften gestaffelt um: vom bisher genutzten Terminal 2 geht es dauerhaft ins Terminal 3 im S\u00fcden des Flughafens. Laut dem Online-Portal\u00a0<a href=\"https:\/\/reisetopia.de\/news\/terminal-3-flughafen-frankfurt-planmaessig-2026\/\" rel=\"nofollow noopener\" target=\"_blank\" class=\"underline \">reisetopia.de<\/a> soll im Anschluss das Terminal 2 in den Ruhemodus versetzt und generalsaniert werden.\n  <\/p>\n<p class=\"mb-6 text-xs md:text-m lg:text-l font-serif group-[.font-sans]:font-sans \">\n    Der Umzug soll laut Fraport in vier Wellen vonstattengehen. Seit der Er\u00f6ffnung am Donnerstag, 23. April 2026, starten bereits gr\u00f6\u00dfere Airlines wie Emirates, Qatar Airways, Etihad Airways sowie mehrere asiatische Fluggesellschaften von Terminal 3, informiert <a href=\"https:\/\/www.frankfurt-airport.com\/de\/fluege-und-airlines\/terminal-3.html\" rel=\"nofollow noopener\" target=\"_blank\" class=\"underline \">Frankfurt Airport<\/a>. Welche Airlines seit dem 5. Mai 2026 vom neuen Terminal 3 abfliegen und auf welche <a href=\"https:\/\/www.mainpost.de\/panorama\/pilotenstreik-am-flughafen-frankfurt-hunderte-flugausfaelle-drohen-was-reisende-wissen-muessen-16-4-26-113968881\" target=\"_self\" class=\"underline \" rel=\"nofollow noopener\">\u00c4nderungen sich Reisende einstellen m\u00fcssen<\/a>, erfahren Sie hier.\n  <\/p>\n<p>            Flughafen Frankfurt: Welche Airlines fliegen seit dem 5. Mai am neuen Terminal 3 ab?<\/p>\n<p class=\"mb-6 text-xs md:text-m lg:text-l font-serif group-[.font-sans]:font-sans \">\n    Laut <a href=\"https:\/\/www.mainpost.de\/orte\/mp-frankfurt\" target=\"_self\" class=\"underline \" rel=\"nofollow noopener\">Frankfurt<\/a> Airport handelt es sich bei den betroffenen Fluggesellschaften, die seit Dienstag, den 5. Mai 2026, an Terminal 3 zu finden sind, um folgende:\n  <\/p>\n<ul rel=\"\" class=\"[&amp;&gt;li]:relative list-none  [&amp;&gt;li]:pl-[1.2em] [&amp;&gt;li]:marker:text-[0] [&amp;&gt;li]:relative [&amp;&gt;li]:before:absolute [&amp;&gt;li]:before:w-3 [&amp;&gt;li]:before:h-3 [&amp;&gt;li]:before:bg-brand [&amp;&gt;li]:before:left-0 [&amp;&gt;li]:before:top-[8px] [&amp;&gt;li]:before:rounded-full  my-5\">\n<li class=\" mb-3 text-xs md:text-m lg:text-l\">Air Alg\u00e9rie<\/li>\n<li class=\" mb-3 text-xs md:text-m lg:text-l\">Air Astana<\/li>\n<li class=\" mb-3 text-xs md:text-m lg:text-l\">Air Cairo<\/li>\n<li class=\" mb-3 text-xs md:text-m lg:text-l\">Air Montenegro<\/li>\n<li class=\" mb-3 text-xs md:text-m lg:text-l\">Air Serbia<\/li>\n<li class=\" mb-3 text-xs md:text-m lg:text-l\">Centrum Air<\/li>\n<li class=\" mb-3 text-xs md:text-m lg:text-l\">FlyErbil<\/li>\n<li class=\" mb-3 text-xs md:text-m lg:text-l\">MEA Middle East Airlines<\/li>\n<li class=\" mb-3 text-xs md:text-m lg:text-l\">Nesma Airlines<\/li>\n<li class=\" mb-3 text-xs md:text-m lg:text-l\">Nouvelair<\/li>\n<li class=\" mb-3 text-xs md:text-m lg:text-l\">Qanot Sharq<\/li>\n<li class=\" mb-3 text-xs md:text-m lg:text-l\">Royal Air Maroc<\/li>\n<li class=\" mb-3 text-xs md:text-m lg:text-l\">Royal Jordanian Airlines<\/li>\n<li class=\" mb-3 text-xs md:text-m lg:text-l\">SkyUp Airlines\u00a0\u00a0<\/li>\n<li class=\" mb-3 text-xs md:text-m lg:text-l\">Tunisair<\/li>\n<li class=\" mb-3 text-xs md:text-m lg:text-l\">Turkmenistan Airlines\u00a0\u00a0<\/li>\n<li class=\" mb-3 text-xs md:text-m lg:text-l\">Uzbekistan Airways<\/li>\n<\/ul>\n<p class=\"mb-6 text-xs md:text-m lg:text-l font-serif group-[.font-sans]:font-sans \">\n    Flugreisende, die bei einer dieser Airlines gebucht haben, sollten also am Terminal 3 einchecken. Um sicherzugehen, finden Sie laut Frankfurt Airport die aktuellsten Informationen zu Terminal, Check-in-Halle, Gate und Status \u00fcber die\u00a0<a href=\"https:\/\/www.frankfurt-airport.com\/de\/fluege-und-airlines\/abfluege.html\" rel=\"nofollow noopener\" target=\"_blank\" class=\"underline \">Flugsuche auf der Flughafen-Webseite<\/a>. Kurzfristige \u00c4nderungen sind demnach m\u00f6glich.\n  <\/p>\n<p class=\"mb-6 text-xs md:text-m lg:text-l font-serif group-[.font-sans]:font-sans \">\n    Die n\u00e4chsten Termine, ab denen Airlines ins Terminal 3 umziehen, sind laut Frankfurt Airport <a href=\"https:\/\/www.mainpost.de\/panorama\/flughafen-frankfurt-diese-airlines-starten-ab-dem-19-mai-vom-neuen-terminal-3-2-114203750\" target=\"_self\" class=\"underline \" rel=\"nofollow noopener\">Dienstag, der 19. Mai<\/a> und Dienstag, der 9. Juni 2026. Zudem sollen im weiteren Jahresverlauf noch die Airlines Air Anka, Corendon Airlines, Nile Air und Star East Airlines folgen.\n  <\/p>\n<p>            Anreise und Kontrollen am Terminal 3 des Flughafens Frankfurt: Welche \u00c4nderungen m\u00fcssen Flugg\u00e4ste beachten?<\/p>\n<p class=\"mb-6 text-xs md:text-m lg:text-l font-serif group-[.font-sans]:font-sans \">\n    F\u00fcr viele <a href=\"https:\/\/www.mainpost.de\/panorama\/flughafen-frankfurt-und-streik-in-spanien-welche-auswirkungen-sind-fuer-fluggaeste-zu-erwarten-2-4-26-113871121\" target=\"_self\" class=\"underline \" rel=\"nofollow noopener\">Reisende \u00e4ndert sich<\/a> vorwiegend die <strong class=\"font-bold\">Anreise<\/strong>: Terminal 3 hat keinen eigenen Bahnanschluss. Wer mit dem Zug \u00fcber den Regional- oder Fernbahnhof des Flughafens ankommt, kann anschlie\u00dfend vom Terminal 1 mit der neuen Sky-Line zum Terminal 3 fahren, informiert Frankfurt Airport. Die Abfahrt erfolgt demzufolge etwa alle zwei Minuten, die Fahrt zwischen den Terminals dauert acht bis zehn Minuten. <a href=\"https:\/\/www.mainpost.de\/panorama\/flughafen-frankfurt-zwei-neue-direktverbindungen-diese-staedte-werden-bald-angeflogen-23-3-26-113782112\" target=\"_self\" class=\"underline \" rel=\"nofollow noopener\">Umstiege<\/a> k\u00f6nnten dadurch aufwendiger werden \u2013 besonders zwischen Terminal 1 und 3. Bei kurzen Anschlusszeiten sollten Passagiere mehr Puffer einplanen.\n  <\/p>\n<p class=\"mb-6 text-xs md:text-m lg:text-l font-serif group-[.font-sans]:font-sans \">\n    Eine Anreise mit dem Auto ist laut Frankfurt Airport gut m\u00f6glich: Terminal 3 wurde an das bestehende Verkehrsnetz angebunden. Ein neues Parkhaus gegen\u00fcber dem Terminal 3 bietet auf acht Etagen Platz f\u00fcr 8500 Pkw.\n  <\/p>\n<p class=\"mb-6 text-xs md:text-m lg:text-l font-serif group-[.font-sans]:font-sans \">\n    Eine weitere Neuerung, die Flugreisende kennen sollten, betrifft die <strong class=\"font-bold\">Sicherheitskontrollen<\/strong>: Im neuen Terminal 3 werden ausschlie\u00dflich moderne CT-Scanner genutzt, informiert der Flughafen auf seiner <a href=\"https:\/\/www.frankfurt-airport.com\/de\/reisevorbereitung\/check-in-gepaeck-und-kontrollen\/sicherheitskontrolle.html#Terminal_3-tab\" rel=\"nofollow noopener\" target=\"_blank\" class=\"underline \">Webseite<\/a>. Fl\u00fcssigkeiten und Laptops k\u00f6nnen deshalb meist <a href=\"https:\/\/www.mainpost.de\/panorama\/auch-am-flughafen-frankfurt-airline-fuehrt-neue-handgepaeck-regel-ein-was-das-fuer-reisende-bedeutet-2-114136008\" target=\"_self\" class=\"underline \" rel=\"nofollow noopener\">im Handgep\u00e4ck<\/a> verbleiben. Au\u00dferdem sind bis zu zwei Liter Fl\u00fcssigkeit erlaubt \u2013 der bisherige transparente, wiederverschlie\u00dfbare Ein\u2011Liter-Beutel und die Grenze von 100 Millilitern pro Beh\u00e4lter entfallen.\n  <\/p>\n<p class=\"mb-6 text-xs md:text-m lg:text-l font-serif group-[.font-sans]:font-sans \">\n    Diese neuen Regelungen haben allerdings einen Haken: Beim R\u00fcckflug gelten die Sicherheitsbestimmungen eines anderen Flughafens und damit gegebenenfalls auch wieder die strengeren Fl\u00fcssigkeitsvorgaben. Wer das vergisst, k\u00f6nnte <a href=\"https:\/\/www.mainpost.de\/panorama\/probleme-beim-rueckflug-diese-neue-regel-am-flughafen-frankfurt-soll-eigentlich-vorteile-bringen-30-4-26-114103807\" target=\"_self\" class=\"underline \" rel=\"nofollow noopener\">Probleme an der Sicherheitskontrolle des R\u00fcckflughafens<\/a> bekommen. Wie <a href=\"https:\/\/de.euronews.com\/my-europe\/2026\/01\/31\/flussigkeiten-an-bord-flughafen\" rel=\"nofollow noopener\" target=\"_blank\" class=\"underline \">Euronews<\/a> berichtet, r\u00fcsten zwar immer mehr Flugh\u00e4fen auf CT-Scanner um und erlauben damit bis zu zwei Liter Fl\u00fcssigkeit pro Beh\u00e4lter im Handgep\u00e4ck. Die Umstellung l\u00e4uft jedoch je nach Airport unterschiedlich schnell und ist l\u00e4ngst nicht \u00fcberall umgesetzt. Teils gelten f\u00fcr verschiedene Terminals desselben Flughafens unterschiedliche Regeln \u2013 wie am Frankfurter Flughafen.\n  <\/p>\n","protected":false},"excerpt":{"rendered":"Aufgrund des stetig wachsenden Flugverkehrs musste am gr\u00f6\u00dften deutschen Flughafen aufgestockt werden. Die bisher betriebenen Terminals 1 und&hellip;\n","protected":false},"author":2,"featured_media":1027487,"comment_status":"","ping_status":"","sticky":false,"template":"","format":"standard","meta":{"footnotes":"","_share_on_mastodon":"0"},"categories":[1829],"tags":[513,116018,29,220563,118991,3089,2050,2051,8351,30,2052,174046,26355],"class_list":["post-1027486","post","type-post","status-publish","format-standard","has-post-thumbnail","category-frankfurt-am-main","tag-auto","tag-corendon-airlines","tag-deutschland","tag-east-airline","tag-etihad-airways","tag-flughafen-frankfurt","tag-frankfurt","tag-frankfurt-am-main","tag-fraport","tag-germany","tag-hessen","tag-qatar-airways","tag-terminal"],"share_on_mastodon":{"url":"https:\/\/pubeurope.com\/@de\/116593927702006892","error":""},"_links":{"self":[{"href":"https:\/\/www.europesays.com\/de\/wp-json\/wp\/v2\/posts\/1027486","targetHints":{"allow":["GET"]}}],"collection":[{"href":"https:\/\/www.europesays.com\/de\/wp-json\/wp\/v2\/posts"}],"about":[{"href":"https:\/\/www.europesays.com\/de\/wp-json\/wp\/v2\/types\/post"}],"author":[{"embeddable":true,"href":"https:\/\/www.europesays.com\/de\/wp-json\/wp\/v2\/users\/2"}],"replies":[{"embeddable":true,"href":"https:\/\/www.europesays.com\/de\/wp-json\/wp\/v2\/comments?post=1027486"}],"version-history":[{"count":0,"href":"https:\/\/www.europesays.com\/de\/wp-json\/wp\/v2\/posts\/1027486\/revisions"}],"wp:featuredmedia":[{"embeddable":true,"href":"https:\/\/www.europesays.com\/de\/wp-json\/wp\/v2\/media\/1027487"}],"wp:attachment":[{"href":"https:\/\/www.europesays.com\/de\/wp-json\/wp\/v2\/media?parent=1027486"}],"wp:term":[{"taxonomy":"category","embeddable":true,"href":"https:\/\/www.europesays.com\/de\/wp-json\/wp\/v2\/categories?post=1027486"},{"taxonomy":"post_tag","embeddable":true,"href":"https:\/\/www.europesays.com\/de\/wp-json\/wp\/v2\/tags?post=1027486"}],"curies":[{"name":"wp","href":"https:\/\/api.w.org\/{rel}","templated":true}]}}