{"id":1027754,"date":"2026-05-18T08:19:18","date_gmt":"2026-05-18T08:19:18","guid":{"rendered":"https:\/\/www.europesays.com\/de\/1027754\/"},"modified":"2026-05-18T08:19:18","modified_gmt":"2026-05-18T08:19:18","slug":"unfall-in-stuttgart-moehringen-auto-kracht-in-mittelleitplanke-b27-richtung-tuebingen-voll-gesperrt","status":"publish","type":"post","link":"https:\/\/www.europesays.com\/de\/1027754\/","title":{"rendered":"Unfall in Stuttgart-M\u00f6hringen: Auto kracht in Mittelleitplanke \u2013 B27 Richtung T\u00fcbingen voll gesperrt"},"content":{"rendered":"<p>\t\t\t\t\t\t\t\t\t\t\t\t\t\t\t\t\t\t\t\t\t\t\t\t\t\t\t\t      \t\t            \t\t             \t\t\t\t   \t\t\t\t\t   <img decoding=\"async\" id=\"article-image\" fetchpriority=\"high\" alt=\"Unfall in Stuttgart-M\u00f6hringen: Auto kracht in Mittelleitplanke \u2013 B27 Richtung T\u00fcbingen voll gesperrt\" onclick=\"var pA=document.createElement('a');pA.setAttribute('href','https:\/\/www.stuttgarter-nachrichten.de\/gallery.unfall-in-stuttgart-moehringen-auto-kracht-in-mittelleitplanke-b27-richtung-tuebingen-voll-gesperrt.ef9a0e30-0f86-422b-a1f2-95d8a51156b2.html'),pA.click();\" title=\"Unfall in Stuttgart-M\u00f6hringen: Auto kracht in Mittelleitplanke \u2013 B27 Richtung T\u00fcbingen voll gesperrt\" src=\"https:\/\/www.europesays.com\/de\/wp-content\/uploads\/2026\/05\/media.media.6b8e635f-1c0d-49a4-8bea-cfdcc3db464e.16x9_700.jpg\" data-linkto=\"https:\/\/www.stuttgarter-nachrichten.de\/gallery.unfall-in-stuttgart-moehringen-auto-kracht-in-mittelleitplanke-b27-richtung-tuebingen-voll-gesperrt.ef9a0e30-0f86-422b-a1f2-95d8a51156b2.html\"\/>\t\t\t\t\t\t\t\t\t\t\t\t\t\t\t\t\t\t\t\t\t\t\t\tAuf der B27 kam es zu einem Unfall (Symbolbild).\u00a0Foto: Stefan Puchner\/dpa\t\t\t<\/p>\n<p>Ein 42-J\u00e4hriger kracht mit seinem Skoda am Montagmorgen auf der B27 in die Mittelleitplanke. Aktuell ist die Fahrbahn in Richtung T\u00fcbingen voll gesperrt.<\/p>\n<p>Ein 42-J\u00e4hriger ist mit seinem Skoda am Montagmorgen gegen 8.40 Uhr auf der <a href=\"https:\/\/www.stuttgarter-nachrichten.de\/thema\/B27\" title=\"B27\" class=\"art_thema\" rel=\"nofollow noopener\" target=\"_blank\">B27<\/a> in <a href=\"https:\/\/www.stuttgarter-nachrichten.de\/thema\/Stuttgart\" title=\"Stuttgart\" class=\"art_thema\" rel=\"nofollow noopener\" target=\"_blank\">Stuttgart<\/a>-M\u00f6hringen in die Mittelleitplanke gekracht. Wie eine Sprecherin der Polizei auf Nachfrage mitteilt, ereignete sich der <a href=\"https:\/\/www.stuttgarter-nachrichten.de\/thema\/Unfall\" title=\"Unfall\" class=\"art_thema\" rel=\"nofollow noopener\" target=\"_blank\">Unfall<\/a> in Fahrtrichtung <a href=\"https:\/\/www.stuttgarter-nachrichten.de\/thema\/T%C3%BCbingen\" title=\"T\u00fcbingen\" class=\"art_thema\" rel=\"nofollow noopener\" target=\"_blank\">T\u00fcbingen<\/a> auf H\u00f6he Degerloch-Tr\u00e4nke. <\/p>\n<p>Derzeit l\u00e4uft die Unfallaufnahme und die B27 ist in diese Fahrtrichtung vollgesperrt, die Polizei leitet den Verkehr ab. Sie gehe davon aus, dass es Stau gebe, sagt die Sprecherin.<\/p>\n<p>Der 42-J\u00e4hrige sei alleinbeteiligt in die Leitplanke gekracht, so die Sprecherin. Zu Unfallursache und zu m\u00f6glichen Verletzten konnte die Polizei zun\u00e4chst keine Angaben machen. Ein Rettungswagen sei vor Ort. Der entstandene Schaden liegt laut ersten Sch\u00e4tzungen der Polizei bei circa 50.000 Euro. Die B27 sei in Fahrtrichtung Stuttgart frei.<\/p>\n","protected":false},"excerpt":{"rendered":"Auf der B27 kam es zu einem Unfall (Symbolbild).\u00a0Foto: Stefan Puchner\/dpa Ein 42-J\u00e4hriger kracht mit seinem Skoda am&hellip;\n","protected":false},"author":2,"featured_media":1027755,"comment_status":"","ping_status":"","sticky":false,"template":"","format":"standard","meta":{"footnotes":"","_share_on_mastodon":"0"},"categories":[1830],"tags":[46875,1634,3364,29,30,2224,1441,11714,1284],"class_list":["post-1027754","post","type-post","status-publish","format-standard","has-post-thumbnail","category-stuttgart","tag-b27","tag-baden-wuerttemberg","tag-de","tag-deutschland","tag-germany","tag-sperrung","tag-stuttgart","tag-tuebingen","tag-unfall"],"share_on_mastodon":{"url":"https:\/\/pubeurope.com\/@de\/116594604051483214","error":""},"_links":{"self":[{"href":"https:\/\/www.europesays.com\/de\/wp-json\/wp\/v2\/posts\/1027754","targetHints":{"allow":["GET"]}}],"collection":[{"href":"https:\/\/www.europesays.com\/de\/wp-json\/wp\/v2\/posts"}],"about":[{"href":"https:\/\/www.europesays.com\/de\/wp-json\/wp\/v2\/types\/post"}],"author":[{"embeddable":true,"href":"https:\/\/www.europesays.com\/de\/wp-json\/wp\/v2\/users\/2"}],"replies":[{"embeddable":true,"href":"https:\/\/www.europesays.com\/de\/wp-json\/wp\/v2\/comments?post=1027754"}],"version-history":[{"count":0,"href":"https:\/\/www.europesays.com\/de\/wp-json\/wp\/v2\/posts\/1027754\/revisions"}],"wp:featuredmedia":[{"embeddable":true,"href":"https:\/\/www.europesays.com\/de\/wp-json\/wp\/v2\/media\/1027755"}],"wp:attachment":[{"href":"https:\/\/www.europesays.com\/de\/wp-json\/wp\/v2\/media?parent=1027754"}],"wp:term":[{"taxonomy":"category","embeddable":true,"href":"https:\/\/www.europesays.com\/de\/wp-json\/wp\/v2\/categories?post=1027754"},{"taxonomy":"post_tag","embeddable":true,"href":"https:\/\/www.europesays.com\/de\/wp-json\/wp\/v2\/tags?post=1027754"}],"curies":[{"name":"wp","href":"https:\/\/api.w.org\/{rel}","templated":true}]}}