{"id":1027781,"date":"2026-05-18T08:33:21","date_gmt":"2026-05-18T08:33:21","guid":{"rendered":"https:\/\/www.europesays.com\/de\/1027781\/"},"modified":"2026-05-18T08:33:21","modified_gmt":"2026-05-18T08:33:21","slug":"es-blitzt-und-donnert-gewitter-in-berlin-und-brandenburg-erwartet","status":"publish","type":"post","link":"https:\/\/www.europesays.com\/de\/1027781\/","title":{"rendered":"Es blitzt und donnert: Gewitter in Berlin und Brandenburg erwartet"},"content":{"rendered":"<p class=\"tspA5jq tspA5jr\">Leichter Tiefdruckeinfluss bringt w\u00e4rmere Luftmassen und sorgt in den n\u00e4chsten Tagen in Berlin und Brandenburg f\u00fcr Gewitter. Am Abend kommt es laut Deutschem Wetterdienst (DWD) in der Prignitz zu einzelnen Gewittern und Schauern. Am Dienstagnachmittag und -abend werden von der Uckermark bis zur Lausitz einzelne Gewitter erwartet.\u00a0<\/p>\n<p><a href=\"https:\/\/www.tagesspiegel.de\/wissen\/hohe-ozean-temperaturen-experten-weltmeere-konnten-auf-neue-warmerekorde-zusteuern-15596813.html?icid=single-topic_15606315___\" data-gtm-class=\"article-mzt-link\" class=\"tspDBry\" rel=\"nofollow noopener\" target=\"_blank\">Hohe Ozean-Temperaturen Experten: Weltmeere k\u00f6nnten auf neue W\u00e4rmerekorde zusteuern <\/a><\/p>\n<p class=\"tspA5jq\">Sowohl am Montag als auch am Dienstag kann es lokal zu Starkregen kommen\u00a0\u2013 mit bis zu 20 Litern pro Quadratmeter in kurzer Zeit. Au\u00dferdem sind nach der Vorhersage st\u00fcrmische B\u00f6en mit bis zu 75 Kilometern pro Stunde sowie kleink\u00f6rniger Hagel m\u00f6glich.<\/p>\n<p class=\"tspA5jq\">Die Wetterexperten sagen auch f\u00fcr Mittwochnachmittag und -abend \u00f6rtliche Gewitter und gelegentlichen Regen voraus. Demnach liegen die H\u00f6chstwerte wie am Montag bei 22 Grad, am Dienstag bei 20 Grad. In den N\u00e4chten auf Montag und auf Dienstag ist mit Tiefstwerten zwischen 4 und 10 Grad zu rechnen. (dpa)<\/p>\n","protected":false},"excerpt":{"rendered":"Leichter Tiefdruckeinfluss bringt w\u00e4rmere Luftmassen und sorgt in den n\u00e4chsten Tagen in Berlin und Brandenburg f\u00fcr Gewitter. Am&hellip;\n","protected":false},"author":2,"featured_media":1027782,"comment_status":"","ping_status":"","sticky":false,"template":"","format":"standard","meta":{"footnotes":"","_share_on_mastodon":"0"},"categories":[1825],"tags":[296,1890,29,30,12088],"class_list":["post-1027781","post","type-post","status-publish","format-standard","has-post-thumbnail","category-berlin","tag-berlin","tag-brandenburg","tag-deutschland","tag-germany","tag-uckermark"],"share_on_mastodon":{"url":"https:\/\/pubeurope.com\/@de\/116594659123606485","error":""},"_links":{"self":[{"href":"https:\/\/www.europesays.com\/de\/wp-json\/wp\/v2\/posts\/1027781","targetHints":{"allow":["GET"]}}],"collection":[{"href":"https:\/\/www.europesays.com\/de\/wp-json\/wp\/v2\/posts"}],"about":[{"href":"https:\/\/www.europesays.com\/de\/wp-json\/wp\/v2\/types\/post"}],"author":[{"embeddable":true,"href":"https:\/\/www.europesays.com\/de\/wp-json\/wp\/v2\/users\/2"}],"replies":[{"embeddable":true,"href":"https:\/\/www.europesays.com\/de\/wp-json\/wp\/v2\/comments?post=1027781"}],"version-history":[{"count":0,"href":"https:\/\/www.europesays.com\/de\/wp-json\/wp\/v2\/posts\/1027781\/revisions"}],"wp:featuredmedia":[{"embeddable":true,"href":"https:\/\/www.europesays.com\/de\/wp-json\/wp\/v2\/media\/1027782"}],"wp:attachment":[{"href":"https:\/\/www.europesays.com\/de\/wp-json\/wp\/v2\/media?parent=1027781"}],"wp:term":[{"taxonomy":"category","embeddable":true,"href":"https:\/\/www.europesays.com\/de\/wp-json\/wp\/v2\/categories?post=1027781"},{"taxonomy":"post_tag","embeddable":true,"href":"https:\/\/www.europesays.com\/de\/wp-json\/wp\/v2\/tags?post=1027781"}],"curies":[{"name":"wp","href":"https:\/\/api.w.org\/{rel}","templated":true}]}}