{"id":1028237,"date":"2026-05-18T12:56:16","date_gmt":"2026-05-18T12:56:16","guid":{"rendered":"https:\/\/www.europesays.com\/de\/1028237\/"},"modified":"2026-05-18T12:56:16","modified_gmt":"2026-05-18T12:56:16","slug":"angela-merkel-auf-republica-kein-einziges-europaeisches-land-wird-dagegen-ankommen-sagt-die-altkanzlerin","status":"publish","type":"post","link":"https:\/\/www.europesays.com\/de\/1028237\/","title":{"rendered":"Angela Merkel auf Republica: \u201eKein einziges europ\u00e4isches Land wird dagegen ankommen\u201c, sagt die Altkanzlerin"},"content":{"rendered":"<p class=\"is-first-paragraph\" data-external=\"Article.FirstParagraph\">Die fr\u00fchere Bundeskanzlerin Angela Merkel hat den Zusammenhalt Europas angemahnt. \u201eDas Recht des St\u00e4rkeren wird aktuell versucht, zum Teil brutal durchzusetzen. Gerade deshalb ist Europa ja so wichtig, dass wir diese Maxime nicht gelten lassen\u201c, sagte die Altkanzlerin auf der Digitalkonferenz Republica vor einem prall gef\u00fcllten Plenum. <\/p>\n<p>Das habe schon w\u00e4hrend ihrer Zeit als Kanzlerin begonnen. Die USA h\u00e4tten exterritoriale Sanktionen einfach verk\u00fcndet, auch China lasse das nicht aus. \u201eWer Macht hat, nutzt sie zurzeit ziemlich hart aus. Und es ist sonnenklar: Kein einziges einzelnes europ\u00e4isches Land wird dagegen ankommen\u201c, sagte sie weiter. Deshalb sei es wichtig, wenn sich Europa zusammenschlie\u00dfe. <\/p>\n<p>Die Republica steht in diesem Jahr unter dem Motto \u201eNever gonna give you up\u201c, der Titel eines beliebten Popsongs von Rick Astley aus dem Jahr 1987. \u00dcbersetzt bedeutet das Motto \u201eIch werde dich niemals aufgeben\u201c. <\/p>\n<p>Die Digitalkonferenz findet in diesem Jahr vom 18. bis zum 20. Mai statt. In \u00fcber 670 Veranstaltungen sprechen \u00fcber 1200 Experten aus Wissenschaft, Medien, Wirtschaft, Politik und Zivilgesellschaft \u00fcber verschiedene Aspekte der Digitalisierung. <\/p>\n<p>Als G\u00e4ste werden neben Merkel auch der deutsche Digitalminister Karsten Wildberger, der fr\u00fchere Au\u00dfenminister Joschka Fischer, die Autorin Alice Hasters, der Mediziner und Fernsehjournalist Eckart von Hirschhausen und die Gr\u00fcnen-Chefin Franziska Brantner erwartet. Ein Standardticket kostet 239 Euro.<\/p>\n","protected":false},"excerpt":{"rendered":"Die fr\u00fchere Bundeskanzlerin Angela Merkel hat den Zusammenhalt Europas angemahnt. \u201eDas Recht des St\u00e4rkeren wird aktuell versucht, zum&hellip;\n","protected":false},"author":2,"featured_media":1028238,"comment_status":"","ping_status":"","sticky":false,"template":"","format":"standard","meta":{"footnotes":"","_share_on_mastodon":"0"},"categories":[5],"tags":[34097,31,13,19814,14,15,110,220692,12,45,10,8,9,11],"class_list":["post-1028237","post","type-post","status-publish","format-standard","has-post-thumbnail","category-nachrichten","tag-angela","tag-cdu","tag-headlines","tag-merkel","tag-nachrichten","tag-news","tag-newsteam","tag-republica","tag-schlagzeilen","tag-texttospeech","tag-top-news","tag-top-meldungen","tag-topmeldungen","tag-topnews"],"share_on_mastodon":{"url":"https:\/\/pubeurope.com\/@de\/116595693271572441","error":""},"_links":{"self":[{"href":"https:\/\/www.europesays.com\/de\/wp-json\/wp\/v2\/posts\/1028237","targetHints":{"allow":["GET"]}}],"collection":[{"href":"https:\/\/www.europesays.com\/de\/wp-json\/wp\/v2\/posts"}],"about":[{"href":"https:\/\/www.europesays.com\/de\/wp-json\/wp\/v2\/types\/post"}],"author":[{"embeddable":true,"href":"https:\/\/www.europesays.com\/de\/wp-json\/wp\/v2\/users\/2"}],"replies":[{"embeddable":true,"href":"https:\/\/www.europesays.com\/de\/wp-json\/wp\/v2\/comments?post=1028237"}],"version-history":[{"count":0,"href":"https:\/\/www.europesays.com\/de\/wp-json\/wp\/v2\/posts\/1028237\/revisions"}],"wp:featuredmedia":[{"embeddable":true,"href":"https:\/\/www.europesays.com\/de\/wp-json\/wp\/v2\/media\/1028238"}],"wp:attachment":[{"href":"https:\/\/www.europesays.com\/de\/wp-json\/wp\/v2\/media?parent=1028237"}],"wp:term":[{"taxonomy":"category","embeddable":true,"href":"https:\/\/www.europesays.com\/de\/wp-json\/wp\/v2\/categories?post=1028237"},{"taxonomy":"post_tag","embeddable":true,"href":"https:\/\/www.europesays.com\/de\/wp-json\/wp\/v2\/tags?post=1028237"}],"curies":[{"name":"wp","href":"https:\/\/api.w.org\/{rel}","templated":true}]}}