{"id":1028372,"date":"2026-05-18T14:14:24","date_gmt":"2026-05-18T14:14:24","guid":{"rendered":"https:\/\/www.europesays.com\/de\/1028372\/"},"modified":"2026-05-18T14:14:24","modified_gmt":"2026-05-18T14:14:24","slug":"tabletten-gegen-schlafapnoe-studie-zu-atemaussetzern","status":"publish","type":"post","link":"https:\/\/www.europesays.com\/de\/1028372\/","title":{"rendered":"Tabletten gegen Schlafapnoe? Studie zu Atemaussetzern"},"content":{"rendered":"<p>Hoffnung f\u00fcr Millionen Patienten <\/p>\n<p>L\u00e4sst sich Schlafapnoe bald mit Tabletten behandeln?<\/p>\n<p>18.05.2026 &#8211; 15:09 UhrLesedauer: 2 Min.<\/p>\n<p><a href=\"#focus-0\" class=\"transition-colors duration-200 block text-current relative\" data-sctrack=\"FocusGalleryImage.Reference\"><img fetchpriority=\"high\" data-testid=\"Opener.Image\"   loading=\"eager\" src=\"https:\/\/www.europesays.com\/de\/wp-content\/uploads\/2026\/05\/jedes-jahr-werden-tausende-atemgeraete-gegen-schlafapnoe-verordnet-nicht-immer-gewoehnen-sich-betrof.jpeg\" alt=\"Jedes Jahr werden Tausende Atemger\u00e4te gegen Schlafapnoe verordnet. Nicht immer gew\u00f6hnen sich Betroffene daran, damit zu schlafen (Symbolbild).\" title=\"Jedes Jahr werden Tausende Atemger\u00e4te gegen Schlafapnoe verordnet. Nicht immer gew\u00f6hnen sich Betroffene daran, damit zu schlafen (Symbolbild).\" width=\"3749\" height=\"2109\" class=\"bg-[url:var(--lqipURL)] bg-cover bg-center flex h-full w-full max-w-full\" style=\"--lqipURL:url('https:\/\/images.t-online.de\/2026\/05\/RpZnshqJHQ-4\/125x0:3749x2109\/fit-in\/150x0\/filters:blur(25)\/jedes-jahr-werden-tausende-atemgeraete-gegen-schlafapnoe-verordnet-nicht-immer-gewoehnen-sich-betroffene-daran-damit-zu-schlafen-symbolbild.jpg')\" decoding=\"async\"\/><img loading=\"lazy\" src=\"https:\/\/www.t-online.de\/s\/paper\/_next\/static\/media\/zoom-in.f7dae02f.svg\" alt=\"Vergr\u00f6\u00dfern des Bildes\" title=\"Vergr\u00f6\u00dfern des Bildes\" class=\"block h-[calc(var(--height)_\/_16_*_1rem)] w-[calc(var(--width)_\/_16_*_1rem)] max-w-none absolute bottom-8 right-8 rounded-4 bg-snow p-8\" style=\"--width:32;--height:32\" decoding=\"async\"\/><\/a><\/p>\n<p>Jedes Jahr werden Tausende Atemger\u00e4te gegen Schlafapnoe verordnet. Nicht immer gew\u00f6hnen sich Betroffene daran, damit zu schlafen (Symbolbild). (Quelle: AndreyPopov\/getty-images-bilder)<\/p>\n<p><img loading=\"lazy\" src=\"https:\/\/www.t-online.de\/s\/paper\/_next\/static\/media\/audio-volume.6689034c.svg\" alt=\"\" title=\"\" class=\"block h-[calc(var(--height)_\/_16_*_1rem)] w-[calc(var(--width)_\/_16_*_1rem)] max-w-none group-hover:brightness-0 group-hover:invert\" style=\"--width:16;--height:16\" decoding=\"async\"\/>Vorlesen<\/p>\n<p>Aktuelle Zeit:0:00Gesamtdauer:0:00<\/p>\n<p>1x<\/p>\n<p class=\"text-center\">Jetzt neu bei t-online:<\/p>\n<p class=\"text-center\">Schriftgr\u00f6\u00dfe anpassen!<\/p>\n<p><img loading=\"lazy\" src=\"https:\/\/www.t-online.de\/s\/paper\/_next\/static\/media\/font-sizes.32942e33.svg\" alt=\"\" title=\"\" class=\"block h-[calc(var(--height)_\/_16_*_1rem)] w-[calc(var(--width)_\/_16_*_1rem)] max-w-none group-hover:hidden group-aria-expanded:hidden\" style=\"--width:16;--height:16\" decoding=\"async\"\/><img loading=\"lazy\" src=\"https:\/\/www.t-online.de\/s\/paper\/_next\/static\/media\/font-sizes-dark-mode.e382645c.svg\" alt=\"\" title=\"\" class=\"block h-[calc(var(--height)_\/_16_*_1rem)] w-[calc(var(--width)_\/_16_*_1rem)] max-w-none hidden group-hover:block group-aria-expanded:block\" style=\"--width:16;--height:16\" decoding=\"async\"\/><img loading=\"lazy\" src=\"https:\/\/www.t-online.de\/s\/paper\/_next\/static\/media\/sharing-menu-icon.1eb71368.svg\" alt=\"\" title=\"\" class=\"block h-[calc(var(--height)_\/_16_*_1rem)] w-[calc(var(--width)_\/_16_*_1rem)] max-w-none group-hover:brightness-0 group-hover:invert\" style=\"--width:16;--height:16\" decoding=\"async\"\/>Artikel teilen<\/p>\n<p class=\"font-bold text-18 leading-17 user-text-lg:text-22 user-text-xl:text-24\"><strong class=\"font-bold\">Bei Schlafapnoe kommt es nachts zu Atemaussetzern, gegen die eine Atemmaske helfen kann. Eine neue Studie stellt nun eine deutlich einfachere Therapie in Aussicht.<\/strong><\/p>\n<p class=\"text-18 leading-17 user-text-lg:text-22 user-text-xl:text-24\">Allein in Deutschland leiden etwa 30 Millionen Menschen an <a class=\"transition-colors duration-200 cursor-pointer text-inherit no-underline text-salemsfur md:hover:text-magenta md:hover:border-magenta md:focus:text-magenta border-current border-b border-solid break-words\" data-tracking=\"{&quot;action&quot;:&quot;click&quot;,&quot;category&quot;:&quot;intextLink&quot;,&quot;label&quot;:&quot;\/gesundheit\/krankheiten-symptome\/schlafstoerungen\/id_91127992\/schlafapnoe-symptome-ursachen-behandlung.html&quot;}\" href=\"https:\/\/www.t-online.de\/gesundheit\/krankheiten-symptome\/schlafstoerungen\/id_91127992\/schlafapnoe-symptome-ursachen-behandlung.html\" data-sctrack=\"BodyAnchor\" rel=\"nofollow noopener\" target=\"_blank\">obstruktiver Schlafapnoe<\/a>. Dabei erschlafft im Schlaf die Muskulatur im Rachen, die Atemwege kollabieren und die Atmung setzt immer wieder aus, teils mehr als eine Minute lang. Das ruft im Gehirn einen Alarmzustand hervor. Die Folgen reichen von starker Tagesm\u00fcdigkeit bis zu einem erh\u00f6hten Risiko f\u00fcr Herz-Kreislauf-Erkrankungen wie <a class=\"transition-colors duration-200 cursor-pointer text-inherit no-underline text-salemsfur md:hover:text-magenta md:hover:border-magenta md:focus:text-magenta border-current border-b border-solid break-words\" data-tracking=\"{&quot;action&quot;:&quot;click&quot;,&quot;category&quot;:&quot;intextLink&quot;,&quot;label&quot;:&quot;\/gesundheit\/krankheiten-symptome\/schlaganfall\/id_57694844\/schlaganfall-ursachen-symptome-behandlung.html&quot;}\" href=\"https:\/\/www.t-online.de\/gesundheit\/krankheiten-symptome\/schlaganfall\/id_57694844\/schlaganfall-ursachen-symptome-behandlung.html\" data-sctrack=\"BodyAnchor\" rel=\"nofollow noopener\" target=\"_blank\">Schlaganfall<\/a>.<\/p>\n<p class=\"text-18 leading-17 user-text-lg:text-22 user-text-xl:text-24\">Bislang gilt die sogenannte CPAP-Maske als Standardtherapie. Sie leitet Raumluft mit leichtem \u00dcberdruck in die Atemwege, um diese freizuhalten. Doch viele Betroffene kommen damit nicht zurecht. Nun macht eine neue Studie Hoffnung auf eine einfachere Behandlung: Wom\u00f6glich gen\u00fcgt bald eine Tablette vor dem Schlafengehen.<\/p>\n<p>Gut zu wissen<\/p>\n<p class=\"pt-8 text-14 md:pt-8 leading-17 user-text-lg:text-22 user-text-xl:text-24\">CPAP ist die Abk\u00fcrzung f\u00fcr &#8222;continuous positive airway pressure&#8220; und bedeutet so viel wie &#8222;kontinuierlicher Atemwegs\u00fcberdruck&#8220;. Empfohlen wird die Atemmaske ab einer mittelgradigen Schlafapnoe, also wenn es nachts zu mindestens 16 bis 30 Aussetzern pro Stunde kommt.<\/p>\n<ul class=\"text-18 leading-17 block pl-24 *:pb-16 *:before:inline-block *:before:size-8 *:before:bg-magenta *:before:-ml-[20px] *:before:mb-2 *:before:mr-12 *:before:mt-0\">\n<li><strong class=\"font-bold\">Schlafapnoe:<\/strong> <a class=\"transition-colors duration-200 cursor-pointer text-inherit no-underline text-salemsfur md:hover:text-magenta md:hover:border-magenta md:focus:text-magenta border-current border-b border-solid break-words\" data-tracking=\"{&quot;action&quot;:&quot;click&quot;,&quot;category&quot;:&quot;intextLink&quot;,&quot;label&quot;:&quot;\/gesundheit\/aktuelles\/id_101007238\/schlafapnoe-gefaehrliche-schlafstoerung-nimmt-zu.html&quot;}\" href=\"https:\/\/www.t-online.de\/gesundheit\/aktuelles\/id_101007238\/schlafapnoe-gefaehrliche-schlafstoerung-nimmt-zu.html\" data-sctrack=\"BodyAnchor\" rel=\"nofollow noopener\" target=\"_blank\">Gef\u00e4hrliche Schlafst\u00f6rung nimmt zu<\/a><\/li>\n<li><strong class=\"font-bold\">Atemaussetzer:<\/strong> <a class=\"transition-colors duration-200 cursor-pointer text-inherit no-underline text-salemsfur md:hover:text-magenta md:hover:border-magenta md:focus:text-magenta border-current border-b border-solid break-words\" data-tracking=\"{&quot;action&quot;:&quot;click&quot;,&quot;category&quot;:&quot;intextLink&quot;,&quot;label&quot;:&quot;\/gesundheit\/aktuelles\/id_101165768\/schlafapnoe-und-schnarchen-schlafstoerungen-fuehren-zu-schnellerem-altern.html&quot;}\" href=\"https:\/\/www.t-online.de\/gesundheit\/aktuelles\/id_101165768\/schlafapnoe-und-schnarchen-schlafstoerungen-fuehren-zu-schnellerem-altern.html\" data-sctrack=\"BodyAnchor\" rel=\"nofollow noopener\" target=\"_blank\">Schlafapnoe l\u00e4sst schneller altern<\/a><\/li>\n<\/ul>\n<p>Neuer Wirkansatz gegen Atemaussetzer<\/p>\n<p class=\"text-18 leading-17 user-text-lg:text-22 user-text-xl:text-24\">Auf dem aktuell laufenden Kongress der American Thoracic Society in Orlando stellten Forscher Ergebnisse einer gro\u00dfen Phase-3-Studie mit dem Medikament AD109 vor, die bald im Fachmagazin &#8222;American Journal of Respiratory and Critical Care Medicine&#8220; ver\u00f6ffentlicht wird.<\/p>\n<p>Gut zu wissen<\/p>\n<p class=\"pt-8 text-14 md:pt-8 leading-17 user-text-lg:text-22 user-text-xl:text-24\">Die American Thoracic Society (&#8222;Amerikanische Thoraxgesellschaft&#8220;) ist eine international f\u00fchrende medizinische Fachgesellschaft, die sich auf die Bereiche Lungenheilkunde (Pneumologie), Intensivmedizin und Schlafmedizin spezialisiert hat.<\/p>\n<p class=\"text-18 leading-17 user-text-lg:text-22 user-text-xl:text-24\">Die Tablette kombiniert die Wirkstoffe Aroxybutynin und Atomoxetin, welche die Muskulatur im Rachen stabilisieren und so verhindern sollen, dass die Atemwege im Schlaf zusammenfallen.<\/p>\n<p class=\"text-18 leading-17 user-text-lg:text-22 user-text-xl:text-24\">Anders als bisherige Ans\u00e4tze setzt das neue Mittel damit direkt an einer Ursache der Erkrankung an, n\u00e4mlich der gest\u00f6rten neuromuskul\u00e4ren Kontrolle der oberen Atemwege.<\/p>\n<p>Deutlich weniger Atemaussetzer<\/p>\n<p class=\"text-18 leading-17 user-text-lg:text-22 user-text-xl:text-24\">An der Studie nahmen 646 Erwachsene mit leichter bis schwerer <a class=\"transition-colors duration-200 cursor-pointer text-inherit no-underline text-salemsfur md:hover:text-magenta md:hover:border-magenta md:focus:text-magenta border-current border-b border-solid break-words\" data-tracking=\"{&quot;action&quot;:&quot;click&quot;,&quot;category&quot;:&quot;intextLink&quot;,&quot;label&quot;:&quot;\/gesundheit\/krankheiten-symptome\/schlafstoerungen\/id_91127992\/schlafapnoe-symptome-ursachen-behandlung.html&quot;}\" href=\"https:\/\/www.t-online.de\/gesundheit\/krankheiten-symptome\/schlafstoerungen\/id_91127992\/schlafapnoe-symptome-ursachen-behandlung.html\" data-sctrack=\"BodyAnchor\" rel=\"nofollow noopener\" target=\"_blank\">Schlafapnoe<\/a> teil, die eine CPAP-Therapie nicht vertrugen oder ablehnten. \u00dcber sechs Monate hinweg wurde das neue Medikament mit einem Placebo verglichen.<\/p>\n<p class=\"text-18 leading-17 user-text-lg:text-22 user-text-xl:text-24\">Das Ergebnis: Die Zahl der n\u00e4chtlichen Atemaussetzer sank mit dem neuen Mittel im Durchschnitt um rund 44 Prozent. Auch Sauerstoffabf\u00e4lle im Blut traten seltener auf. Bei mehr als 40 Prozent der Teilnehmer verbesserte sich der Schweregrad der Erkrankung deutlich. Rund 18 Prozent bekamen den Forschern zufolge die Schlafapnoe sogar vollst\u00e4ndig in den Griff.<\/p>\n<p>Nicht frei von Nebenwirkungen<\/p>\n<p class=\"text-18 leading-17 user-text-lg:text-22 user-text-xl:text-24\">Ganz ohne Nebenwirkungen blieb die Therapie allerdings nicht. H\u00e4ufig wurde etwa von Mundtrockenheit, \u00dcbelkeit, <a class=\"transition-colors duration-200 cursor-pointer text-inherit no-underline text-salemsfur md:hover:text-magenta md:hover:border-magenta md:focus:text-magenta border-current border-b border-solid break-words\" data-tracking=\"{&quot;action&quot;:&quot;click&quot;,&quot;category&quot;:&quot;intextLink&quot;,&quot;label&quot;:&quot;\/gesundheit\/krankheiten-symptome\/schlafstoerungen\/id_46474500\/schlafstoerungen-ursachen-symptome-therapie.html&quot;}\" href=\"https:\/\/www.t-online.de\/gesundheit\/krankheiten-symptome\/schlafstoerungen\/id_46474500\/schlafstoerungen-ursachen-symptome-therapie.html\" data-sctrack=\"BodyAnchor\" rel=\"nofollow noopener\" target=\"_blank\">Schlafst\u00f6rungen<\/a> und Problemen beim Wasserlassen berichtet. Etwa jeder f\u00fcnfte Teilnehmer brach die Behandlung deshalb ab.<\/p>\n<p><img loading=\"lazy\" src=\"https:\/\/www.t-online.de\/s\/paper\/_next\/static\/media\/ArticleExtenderStarIcon.6c5e474a.svg\" alt=\"Symbol f\u00fcr das Nutzen von K\u00fcnstlicher Intelligenz\" title=\"Symbol f\u00fcr das Nutzen von K\u00fcnstlicher Intelligenz\" class=\"block h-[calc(var(--height)_\/_16_*_1rem)] w-[calc(var(--width)_\/_16_*_1rem)] max-w-none undefined\" style=\"--width:22;--height:22\" decoding=\"async\"\/>t-online-Assistent<\/p>\n<p class=\"pb-16 text-18 text-trout\">Erhalten Sie Antworten aus Tausenden t-online-Artikeln.<\/p>\n","protected":false},"excerpt":{"rendered":"Hoffnung f\u00fcr Millionen Patienten L\u00e4sst sich Schlafapnoe bald mit Tabletten behandeln? 18.05.2026 &#8211; 15:09 UhrLesedauer: 2 Min. Jedes&hellip;\n","protected":false},"author":2,"featured_media":1028373,"comment_status":"","ping_status":"","sticky":false,"template":"","format":"standard","meta":{"footnotes":"","_share_on_mastodon":"0"},"categories":[137],"tags":[522,220743,38483,29,30,141,232,220744,12226,58264],"class_list":["post-1028372","post","type-post","status-publish","format-standard","has-post-thumbnail","category-gesundheit","tag-522","tag-atemmaske","tag-atemwege","tag-deutschland","tag-germany","tag-gesundheit","tag-health","tag-scharchen","tag-schlaf","tag-schlafapnoe"],"share_on_mastodon":{"url":"","error":""},"_links":{"self":[{"href":"https:\/\/www.europesays.com\/de\/wp-json\/wp\/v2\/posts\/1028372","targetHints":{"allow":["GET"]}}],"collection":[{"href":"https:\/\/www.europesays.com\/de\/wp-json\/wp\/v2\/posts"}],"about":[{"href":"https:\/\/www.europesays.com\/de\/wp-json\/wp\/v2\/types\/post"}],"author":[{"embeddable":true,"href":"https:\/\/www.europesays.com\/de\/wp-json\/wp\/v2\/users\/2"}],"replies":[{"embeddable":true,"href":"https:\/\/www.europesays.com\/de\/wp-json\/wp\/v2\/comments?post=1028372"}],"version-history":[{"count":0,"href":"https:\/\/www.europesays.com\/de\/wp-json\/wp\/v2\/posts\/1028372\/revisions"}],"wp:featuredmedia":[{"embeddable":true,"href":"https:\/\/www.europesays.com\/de\/wp-json\/wp\/v2\/media\/1028373"}],"wp:attachment":[{"href":"https:\/\/www.europesays.com\/de\/wp-json\/wp\/v2\/media?parent=1028372"}],"wp:term":[{"taxonomy":"category","embeddable":true,"href":"https:\/\/www.europesays.com\/de\/wp-json\/wp\/v2\/categories?post=1028372"},{"taxonomy":"post_tag","embeddable":true,"href":"https:\/\/www.europesays.com\/de\/wp-json\/wp\/v2\/tags?post=1028372"}],"curies":[{"name":"wp","href":"https:\/\/api.w.org\/{rel}","templated":true}]}}