{"id":1028611,"date":"2026-05-18T16:31:19","date_gmt":"2026-05-18T16:31:19","guid":{"rendered":"https:\/\/www.europesays.com\/de\/1028611\/"},"modified":"2026-05-18T16:31:19","modified_gmt":"2026-05-18T16:31:19","slug":"sieben-kilometer-durchs-gruene-kleingartenwanderweg-nord-ist-eroeffnet","status":"publish","type":"post","link":"https:\/\/www.europesays.com\/de\/1028611\/","title":{"rendered":"Sieben Kilometer durchs Gr\u00fcne: Kleingartenwanderweg Nord ist er\u00f6ffnet"},"content":{"rendered":"<p>\t\tSieben Kilometer durchs Gr\u00fcne<br \/>\n\t\t\t\t\tKleingartenwanderweg Nord ist er\u00f6ffnet<\/p>\n<p>\t\t<img alt=\"\" src=\"https:\/\/www.europesays.com\/de\/wp-content\/uploads\/2025\/05\/630_0036_48786_.jpg\"  class=\"avatar avatar-36 photo avatar-default\" height=\"36\" width=\"36\" loading=\"eager\" decoding=\"async\"\/>\t\t<a class=\"article-author__name\" href=\"https:\/\/www.ruhrnachrichten.de\/author\/andreas-schroeter\/\" rel=\"author nofollow noopener\" target=\"_blank\">Andreas Schr\u00f6ter<\/a><br \/>\n\t\tRedakteur<\/p>\n<p>    <a href=\"https:\/\/www.ruhrnachrichten.de\/wp-content\/uploads\/2026\/05\/18\/14\/630_0900_6227172_-1648x824.jpg\" rel=\"nofollow noopener\" target=\"_blank\"><\/p>\n<p>            <img decoding=\"async\" fetchpriority=\"high\" src=\"https:\/\/www.europesays.com\/de\/wp-content\/uploads\/2026\/05\/630_0900_6227169_-640x428.jpg\" width=\"640\" height=\"428\"  alt=\"Mehr als 100 Teilnehmer testeten am Sonntag (17.5.) den neuen Kleingartenwanderweg Nord.\"\/><\/p>\n<p>    <\/a><br \/>\n    Mehr als 100 Teilnehmer testeten am Sonntag (17.5.) den neuen Kleingartenwanderweg Nord. \u00a9 Leopold Achilles<\/p>\n<p class=\"article__teaser-text\">Dortmund hat den Kleingartenwanderweg Nord er\u00f6ffnet. Mehr als 100 Menschen testeten die sieben Kilometer lange Route beim ersten Rundgang.<\/p>\n<p>1 Min Lesezeit<\/p>\n","protected":false},"excerpt":{"rendered":"Sieben Kilometer durchs Gr\u00fcne Kleingartenwanderweg Nord ist er\u00f6ffnet Andreas Schr\u00f6ter Redakteur Mehr als 100 Teilnehmer testeten am Sonntag&hellip;\n","protected":false},"author":2,"featured_media":1028612,"comment_status":"","ping_status":"","sticky":false,"template":"","format":"standard","meta":{"footnotes":"","_share_on_mastodon":"0"},"categories":[1833],"tags":[3364,29,217,13484,30,10388,1209],"class_list":["post-1028611","post","type-post","status-publish","format-standard","has-post-thumbnail","category-dortmund","tag-de","tag-deutschland","tag-dortmund","tag-eving","tag-germany","tag-natur-umwelt","tag-nordrhein-westfalen"],"share_on_mastodon":{"url":"https:\/\/pubeurope.com\/@de\/116596540336834656","error":""},"_links":{"self":[{"href":"https:\/\/www.europesays.com\/de\/wp-json\/wp\/v2\/posts\/1028611","targetHints":{"allow":["GET"]}}],"collection":[{"href":"https:\/\/www.europesays.com\/de\/wp-json\/wp\/v2\/posts"}],"about":[{"href":"https:\/\/www.europesays.com\/de\/wp-json\/wp\/v2\/types\/post"}],"author":[{"embeddable":true,"href":"https:\/\/www.europesays.com\/de\/wp-json\/wp\/v2\/users\/2"}],"replies":[{"embeddable":true,"href":"https:\/\/www.europesays.com\/de\/wp-json\/wp\/v2\/comments?post=1028611"}],"version-history":[{"count":0,"href":"https:\/\/www.europesays.com\/de\/wp-json\/wp\/v2\/posts\/1028611\/revisions"}],"wp:featuredmedia":[{"embeddable":true,"href":"https:\/\/www.europesays.com\/de\/wp-json\/wp\/v2\/media\/1028612"}],"wp:attachment":[{"href":"https:\/\/www.europesays.com\/de\/wp-json\/wp\/v2\/media?parent=1028611"}],"wp:term":[{"taxonomy":"category","embeddable":true,"href":"https:\/\/www.europesays.com\/de\/wp-json\/wp\/v2\/categories?post=1028611"},{"taxonomy":"post_tag","embeddable":true,"href":"https:\/\/www.europesays.com\/de\/wp-json\/wp\/v2\/tags?post=1028611"}],"curies":[{"name":"wp","href":"https:\/\/api.w.org\/{rel}","templated":true}]}}