{"id":1028613,"date":"2026-05-18T16:32:19","date_gmt":"2026-05-18T16:32:19","guid":{"rendered":"https:\/\/www.europesays.com\/de\/1028613\/"},"modified":"2026-05-18T16:32:19","modified_gmt":"2026-05-18T16:32:19","slug":"montag-der-18-mai-2026-vorwurf-der-israelfeindlichkeit-an-der-universitaet-leipzig-und-verfehlte-klimaziele-%c2%b7-leipziger-zeitung","status":"publish","type":"post","link":"https:\/\/www.europesays.com\/de\/1028613\/","title":{"rendered":"Montag, der 18. Mai 2026: Vorwurf der Israelfeindlichkeit an der Universit\u00e4t Leipzig und verfehlte Klimaziele \u00b7 Leipziger Zeitung"},"content":{"rendered":"<p>Mit ihrer aktuellen Klimapolitik scheint die Regierungskoalition gesetzte Klimaziele zu verfehlen. Laut Expter*innenrat f\u00fcr Klimafragen sinken die hiesigen Treibhausgasemissionen nicht schnell genug. Au\u00dferdem: Eine gruppierung von Studierenden und Mitarbeitenden der Universit\u00e4t Leipzig werden der Leitung die Duldung von Israelfeindlichkeit und antisemitischen Tendenzen vor. Die LZ berichtet, was am Montag, dem 18. Mai 2026, in Leipzig, Sachsen und dar\u00fcber hinaus wichtig war.\u00a0<\/p>\n<p>Israelfeindlichkeit? Kritik an Uni Leipzig<\/p>\n<p>Aufruhr an der Leipziger Universit\u00e4t: In den Sozialen Medien kritisiert die Gruppe \u201eAssociazione Sapere Aude Leipzig\u201c (asa Leipzig) die Austragung einer \u2013 so die Gruppe \u2013 \u201evermeintlichen\u201c Vollversammlung der Studierendenschaft der Uni Leipzig am heutigen Montagnachmittag. Laut asa sei diese Versammlung allerdings weder von der Hochschulleitung oder der Studierendenvertretung organisiert \u2013 Organisator*innen soll die Gruppe \u201eStudents for Palestine\u201c (SfP) sein.<\/p>\n<p><a href=\"https:\/\/www.instagram.com\/p\/DYc_XI7CKuj\/?img_index=13\" target=\"_blank\" rel=\"noopener nofollow\">\u201eEs ist davon auszugehen, dass die versammelte israelfeindliche Szene dort beschlie\u00dfen wird, dass die Uni nicht mehr mit israelischen Unis kooperieren soll\u201c<\/a>, bef\u00fcrchten die Mitglieder von asa, welche sich selbst als \u201eeinem Zusammenschluss von Studierende und Mitarbeitenden der Uni Leipzig, die mit Sorge auf die steigende Aktivit\u00e4t reaktion\u00e4rer Gruppen blickt\u201c, bezeichnen.<\/p>\n<p> <img decoding=\"async\" src=\"https:\/\/www.europesays.com\/de\/wp-content\/uploads\/2026\/05\/e2765a9427e942e48beea61e08bbad6b.gif\" width=\"https:\/\/www.l-iz.de\/der-tag\/2026\/05\/1\" height=\"https:\/\/www.l-iz.de\/der-tag\/2026\/05\/1\" alt=\"\"\/><\/p>\n<p>Sie werfen der Uni vor, die Aktionen von SfP zu unterst\u00fctzen. Auch der StuRa erkenne die Gruppe an und bewerbe au\u00dferdem besagte Veranstaltung. Auch j\u00fcdische Hochschullehrende hatten sich bereits vor fast einem Monat an die Unileitung gewandt.<\/p>\n<p><a href=\"https:\/\/n-j-h.de\/offener-brief-universitaet-leipzig\/\" target=\"_blank\" rel=\"noopener nofollow\">In einem Offenen Brief vom 28. April<\/a> hei\u00dft es: \u201emit gro\u00dfer Sorge beobachten wir seit letztem Herbst die Ausbreitung antisemitischer Propaganda an der Universit\u00e4t Leipzig. Es erf\u00fcllt uns mit Entsetzen, dass Gruppen wie \u201eStudents vor Palestine Leipzig\u201c universit\u00e4re R\u00e4ume nutzen d\u00fcrfen, um unter dem Deckmantel von Kolonialismuskritik antiisraelische Hetze zu verbreiten und f\u00fcr einen Boykott israelischer Hochschulen und des Staates Israel insgesamt zu werben.\u201c<\/p>\n<p>Diese h\u00e4tten \u2013 zumindest \u00f6ffentlich, so asa \u2013 keine Antwort bekommen.<\/p>\n<p>Internationaler Besuch zu OT World in Leipzig<\/p>\n<p><a href=\"https:\/\/www.leipzig.de\/newsarchiv\/news\/medizinischer-fachaustausch-leipzig-erwartet-delegationen-aus-vietnam-und-der-ukraine\" target=\"_blank\" rel=\"noopener nofollow\">Im Rahmen des internationalen Fachaustausches im Bereich Medizin und Rehabilitation ist seit dem heutigen Montag eine vietnamesische Delegation \u2013 aus Ho-Chi-Minh-Stadt und Hanoi \u2013 zu Gast in Leipzig.<\/a>\u00a0Bis Freitag sind sowohl Vertreterinnen und Vertreter der Abteilung Milit\u00e4rmedizin im vietnamesischen Verteidigungsministerium und aus dem Milit\u00e4rkrankenhauses als auch Fachleute aus den Bereichen Kardiologie, Rehabilitation und Krankenhausmanagement f\u00fcr Fachgespr\u00e4che in der Stadt.<\/p>\n<p>Auch umfasst das Programm Besuche bei Leipziger Gesundheitseinrichtungen, wie dem Klinikum St. Georg, dem Evangelischen Diakonissenkrankenhaus und dem Universit\u00e4tsklinikum Leipzig. Dar\u00fcber hinaus nimmt die Delegation an der internationalen Fachmesse\u00a0<a href=\"https:\/\/www.ot-world.com\/de\/\" rel=\"nofollow noopener\" target=\"_blank\">OT World auf der Leipziger Messe<\/a>\u00a0teil.<\/p>\n<p>Die OT World ist sowohl\u00a0international f\u00fchrende Messe als auch ein Kongress, der sich den neuesten Entwicklungen und Innovationen im Bereich Orthop\u00e4dietechnik und Rehabilitationstechnologie widmet. Dort wird ebenso eine ukrainische Delegation aus 16 Klinikdirektoren und medizinischen Verwaltungsfachleuten erwartet.<\/p>\n<p>Schlechtes Zeugnis f\u00fcr schwarz-rote Klimapolitik<\/p>\n<p>Bisherige Bilanz der Koalitionspolitik in puncto Klimaschutz: negativ.<a href=\"https:\/\/www.tagesschau.de\/inland\/innenpolitik\/expertenrat-klimafragen-112.html\" target=\"_blank\" rel=\"noopener nofollow\"> Laut Berechnungen des Expertenrats f\u00fcr Klimafragen\u00a0sinken die Treibhausgasemissionen in Deutschland zu langsam.<\/a> Dadurch seien die bis 2030 gesetzten Klimaziele in Gefahr.<\/p>\n<p>Als Gr\u00fcnde gibt das Expert*innengremium unter anderem das in der vergangenen Woche beschlossene neue\u00a0<a href=\"https:\/\/www.tagesschau.de\/wirtschaft\/energie\/gebaeudemodernisierungsgesetz-heizungsgesetz-faq-100.html\" rel=\"nofollow noopener\" target=\"_blank\">Geb\u00e4udemodernisierungsgesetz<\/a> an sowie das unzureichende Klimaschutzprogramm der Bundesregierung, welches im M\u00e4rz vorgestellt worden war. Die Experten warnen die Regierung vor weiteren Klagen gegen ihre Klimapolitik.<\/p>\n<p>Werden Zwischenziele auf dem Weg zur Klimaneutralit\u00e4t bis 2045 verfehlt, drohen ab 2030 Strafzahlungen auf EU-Ebene.<\/p>\n<p>Widerstand, \u201eBrunnos\u201c und das EnWG<\/p>\n<p><strong>Wor\u00fcber die LZ heute berichtet hat:<\/strong><\/p>\n<p><a href=\"https:\/\/www.l-iz.de\/top-posts\/2026\/05\/karl-wilhelm-fricke-preis-2026-grosse-ehre-fuer-leipziger-widerstands-archiv-657511\" target=\"_blank\" rel=\"noopener nofollow\">Karl-Wilhelm-Fricke-Preis 2026: Gro\u00dfe Ehre f\u00fcr Leipziger Widerstands-Archiv<\/a><\/p>\n<p><a href=\"https:\/\/www.l-iz.de\/top-posts\/2026\/05\/kommentar-warum-julia-kloeckner-bezueglich-der-kirche-recht-hat-aber-eben-doch-nicht-657446\" target=\"_blank\" rel=\"noopener nofollow\">Kommentar: Warum Julia Kl\u00f6ckner bez\u00fcglich der Kirche recht hat, aber eben doch nicht<\/a><\/p>\n<p><a href=\"https:\/\/www.l-iz.de\/politik\/leipzig\/2026\/05\/brunnos-on-tour-mobile-trinkbrunnen-im-leipziger-stadtgebiet-657442\" target=\"_blank\" rel=\"noopener nofollow\">\u201eBrunnos on Tour\u201c: Mobile Trinkbrunnen im Leipziger Stadtgebiet<\/a><\/p>\n<p><a href=\"https:\/\/www.l-iz.de\/politik\/brennpunkt\/2026\/05\/aenderung-im-enwg-macht-zahlungsunfaehigen-menschen-das-leben-schwer-fragen-an-juliane-nagel-die-linke-657604?lrm_loggedout=true\" target=\"_blank\" rel=\"noopener nofollow\">\u00c4nderung im EnWG macht zahlungsunf\u00e4higen Menschen das Leben schwer: Fragen an Juliane Nagel (Die Linke)<\/a><\/p>\n<p>Public Climate Week und Notsituation in Kuba<\/p>\n<p><strong>Was heute au\u00dferdem wichtig war:<\/strong> An der Universit\u00e4t Leipzig begann heute die Public Climate Week. Bis zum 22. Mai l\u00e4dt<a href=\"https:\/\/studentsforfuture.info\/pcw-programm-2026\/\" target=\"_blank\" rel=\"noopener nofollow\"> ein vielf\u00e4ltiges Programm aus Workshops, Vortr\u00e4gen etc<\/a>. zu Themen rund um Klimaschutz alle Interessierten ein, sich zu beteiligen.<\/p>\n<p>In Kuba scheint ein Angriff der USA bef\u00fcrchtet: <a href=\"https:\/\/www.tagesschau.de\/ausland\/amerika\/kuba-sorge-us-angriff-100.html\" target=\"_blank\" rel=\"noopener nofollow\">So hat der kubanische Zivilschutz ein Handbuch mit Richtlinien f\u00fcr die Bev\u00f6lkerung im Falle einer milit\u00e4rischen Aggression ver\u00f6ffentlicht.<\/a> So solle die Bev\u00f6lkerung einen Rucksack mit Lebensmitteln und Medikamenten bereithalten und sich bei Luftalarm sofort an einen sichereren Ort begeben. Das Problem: Seit Monaten verschlechtertet sich die Versorgungslage in Kuba. Durch die durch US-Pr\u00e4sident Donald Trump verhangenen \u00d6ltransport-Blockaden und Sanktionen mangelt es derzeit an Lebensmitteln, Strom, Medikamenten etc.<\/p>\n<p>Diversity-Tag und Mahnwache gegen Polizeigewalt<\/p>\n<p><strong>Was morgen wichtig wird:<\/strong> Im Nachgang zum gestrigen Internationalen Tag gegen Homo-, Inter- und Transfeindlichkeit wird am morgigen Dienstag am Neuen Rathaus die sogenannte Inter Inclusive Progess Pride Flag gehisst. Es ist au\u00dferdem der 14. Diversity-Tag und steht unter dem Motto \u201eWenn Vielfalt gewinnt, gewinnen wir alle.\u201c\u00a0<\/p>\n<p><a href=\"https:\/\/www.instagram.com\/p\/DYe5ssYjN-N\/?img_index=1\" target=\"_blank\" rel=\"noopener nofollow\">Die Linksjugend ruft zum morgigen 19. Mai um 15 Uhr zu einer Mahnwache an der Polizeistation auf der Eisenbahnstra\u00dfe sowie auf der Sachsenbr\u00fccke auf.<\/a> Anlass ist ein Vorfall, welcher sich vor einem Jahr abspielte: Nach einer Demonstration in Solidarit\u00e4t mit Pal\u00e4stina waren Teilnehmende in einer Stra\u00dfenbahn durch Polizeikr\u00e4fte festgehalten worden. \u201eStundenlang wurden Personen in der Stra\u00dfenbahn eingekesselt, verpr\u00fcgelt und mit Pfefferspray auf \u00fcbelste verletzt. Zwei Personen verloren ihr Bewusstsein, unz\u00e4hlige wurden verletzt und sehen sich jetzt weiteren Repressionen ausgesetzt\u201c, so die Organisator*innen.<\/p>\n<p><script async src=\"\/\/www.instagram.com\/embed.js\"><\/script><\/p>\n","protected":false},"excerpt":{"rendered":"Mit ihrer aktuellen Klimapolitik scheint die Regierungskoalition gesetzte Klimaziele zu verfehlen. Laut Expter*innenrat f\u00fcr Klimafragen sinken die hiesigen&hellip;\n","protected":false},"author":2,"featured_media":1028614,"comment_status":"","ping_status":"","sticky":false,"template":"","format":"standard","meta":{"footnotes":"","_share_on_mastodon":"0"},"categories":[1832],"tags":[3364,2409,29,30,1548,71,21146,2548,859,91278,22082,5162],"class_list":["post-1028613","post","type-post","status-publish","format-standard","has-post-thumbnail","category-leipzig","tag-de","tag-der-tag","tag-deutschland","tag-germany","tag-klimaschutz","tag-leipzig","tag-mahnwache","tag-palaestina","tag-sachsen","tag-stura","tag-uni-leipzig","tag-universitaet"],"share_on_mastodon":{"url":"https:\/\/pubeurope.com\/@de\/116596542260523355","error":""},"_links":{"self":[{"href":"https:\/\/www.europesays.com\/de\/wp-json\/wp\/v2\/posts\/1028613","targetHints":{"allow":["GET"]}}],"collection":[{"href":"https:\/\/www.europesays.com\/de\/wp-json\/wp\/v2\/posts"}],"about":[{"href":"https:\/\/www.europesays.com\/de\/wp-json\/wp\/v2\/types\/post"}],"author":[{"embeddable":true,"href":"https:\/\/www.europesays.com\/de\/wp-json\/wp\/v2\/users\/2"}],"replies":[{"embeddable":true,"href":"https:\/\/www.europesays.com\/de\/wp-json\/wp\/v2\/comments?post=1028613"}],"version-history":[{"count":0,"href":"https:\/\/www.europesays.com\/de\/wp-json\/wp\/v2\/posts\/1028613\/revisions"}],"wp:featuredmedia":[{"embeddable":true,"href":"https:\/\/www.europesays.com\/de\/wp-json\/wp\/v2\/media\/1028614"}],"wp:attachment":[{"href":"https:\/\/www.europesays.com\/de\/wp-json\/wp\/v2\/media?parent=1028613"}],"wp:term":[{"taxonomy":"category","embeddable":true,"href":"https:\/\/www.europesays.com\/de\/wp-json\/wp\/v2\/categories?post=1028613"},{"taxonomy":"post_tag","embeddable":true,"href":"https:\/\/www.europesays.com\/de\/wp-json\/wp\/v2\/tags?post=1028613"}],"curies":[{"name":"wp","href":"https:\/\/api.w.org\/{rel}","templated":true}]}}