{"id":1029005,"date":"2026-05-18T20:12:20","date_gmt":"2026-05-18T20:12:20","guid":{"rendered":"https:\/\/www.europesays.com\/de\/1029005\/"},"modified":"2026-05-18T20:12:20","modified_gmt":"2026-05-18T20:12:20","slug":"san-diego-usa-schuesse-an-moschee","status":"publish","type":"post","link":"https:\/\/www.europesays.com\/de\/1029005\/","title":{"rendered":"San Diego USA: Sch\u00fcsse an Moschee"},"content":{"rendered":"<p class=\"text_ohne_einzug richtext text-em-55 !leading-serif mx-6 desktop:mx-0\">An einer <a href=\"https:\/\/rp-online.de\/thema\/moschee\/\" rel=\"nofollow noopener\" target=\"_blank\">Moschee<\/a> in der US-Westk\u00fcstenmetropole <a href=\"https:\/\/rp-online.de\/thema\/san-diego\/\" rel=\"nofollow noopener\" target=\"_blank\">San Diego<\/a> sind am Montag Sch\u00fcsse gefallen. Die <a href=\"https:\/\/rp-online.de\/thema\/polizei\/\" rel=\"nofollow noopener\" target=\"_blank\">Polizei<\/a> gehe davon aus, dass mehrere Personen von Sch\u00fcssen getroffen worden seien, sagte der Polizeibeamte Anthony Carrasco. Auf Luftaufnahmen war ein Gro\u00dfaufgebot der Polizei am Islamischen Zentrum von San Diego zu sehen. \u00dcber den oder die Sch\u00fctzen lagen zun\u00e4chst keine Informationen vor.<\/p>\n<p class=\"richtext text-em-55 !leading-serif mx-6 desktop:mx-0\">Die Moschee liegt in einem Wohngebiet knapp 15 Kilometer n\u00f6rdlich der Innenstadt von San Diego. Laut ihrer Webseite ist es die gr\u00f6\u00dfte Moschee im gleichnamigen Bezirk.<\/p>\n<p class=\"richtext text-em-55 !leading-serif mx-6 desktop:mx-0\">Auf der Website hei\u00dft es, das Ziel des Zentrums sei es, nicht nur der muslimischen Bev\u00f6lkerung zu dienen, sondern auch \u201emit der breiteren Gemeinschaft zusammenzuarbeiten, um den Benachteiligten zu helfen, aufzukl\u00e4ren, und unser Land zu verbessern\u201c. In der Moschee finden t\u00e4glich f\u00fcnf Gebete statt.<\/p>\n","protected":false},"excerpt":{"rendered":"An einer Moschee in der US-Westk\u00fcstenmetropole San Diego sind am Montag Sch\u00fcsse gefallen. Die Polizei gehe davon aus,&hellip;\n","protected":false},"author":2,"featured_media":1029006,"comment_status":"","ping_status":"","sticky":false,"template":"","format":"standard","meta":{"footnotes":"","_share_on_mastodon":"0"},"categories":[3977],"tags":[331,332,16094,13,5531,14,15,23148,28227,12,2688,4017,4018,4016,64,4019,4020,220841],"class_list":["post-1029005","post","type-post","status-publish","format-standard","has-post-thumbnail","category-usa","tag-aktuelle-nachrichten","tag-aktuelle-news","tag-getroffen","tag-headlines","tag-moschee","tag-nachrichten","tag-news","tag-personen","tag-san-diego","tag-schlagzeilen","tag-schuesse","tag-united-states","tag-united-states-of-america","tag-us","tag-usa","tag-vereinigte-staaten","tag-vereinigte-staaten-von-amerika","tag-westkuestenmetropole"],"share_on_mastodon":{"url":"https:\/\/pubeurope.com\/@de\/116597410685267193","error":""},"_links":{"self":[{"href":"https:\/\/www.europesays.com\/de\/wp-json\/wp\/v2\/posts\/1029005","targetHints":{"allow":["GET"]}}],"collection":[{"href":"https:\/\/www.europesays.com\/de\/wp-json\/wp\/v2\/posts"}],"about":[{"href":"https:\/\/www.europesays.com\/de\/wp-json\/wp\/v2\/types\/post"}],"author":[{"embeddable":true,"href":"https:\/\/www.europesays.com\/de\/wp-json\/wp\/v2\/users\/2"}],"replies":[{"embeddable":true,"href":"https:\/\/www.europesays.com\/de\/wp-json\/wp\/v2\/comments?post=1029005"}],"version-history":[{"count":0,"href":"https:\/\/www.europesays.com\/de\/wp-json\/wp\/v2\/posts\/1029005\/revisions"}],"wp:featuredmedia":[{"embeddable":true,"href":"https:\/\/www.europesays.com\/de\/wp-json\/wp\/v2\/media\/1029006"}],"wp:attachment":[{"href":"https:\/\/www.europesays.com\/de\/wp-json\/wp\/v2\/media?parent=1029005"}],"wp:term":[{"taxonomy":"category","embeddable":true,"href":"https:\/\/www.europesays.com\/de\/wp-json\/wp\/v2\/categories?post=1029005"},{"taxonomy":"post_tag","embeddable":true,"href":"https:\/\/www.europesays.com\/de\/wp-json\/wp\/v2\/tags?post=1029005"}],"curies":[{"name":"wp","href":"https:\/\/api.w.org\/{rel}","templated":true}]}}