{"id":1029108,"date":"2026-05-18T21:09:18","date_gmt":"2026-05-18T21:09:18","guid":{"rendered":"https:\/\/www.europesays.com\/de\/1029108\/"},"modified":"2026-05-18T21:09:18","modified_gmt":"2026-05-18T21:09:18","slug":"kalifornien-schuesse-in-moschee-in-san-diego","status":"publish","type":"post","link":"https:\/\/www.europesays.com\/de\/1029108\/","title":{"rendered":"Kalifornien: Sch\u00fcsse in Moschee in San Diego"},"content":{"rendered":"<p>Angreifer &#8222;neutralisiert&#8220; <\/p>\n<p>Kalifornien: Sch\u00fcsse in Moschee \u2013 mindestens ein Toter<\/p>\n<p>Aktualisiert am 18.05.2026 &#8211; 22:11 UhrLesedauer: 1 Min.<\/p>\n<p><a href=\"#focus-0\" class=\"transition-colors duration-200 block text-current relative\" data-sctrack=\"FocusGalleryImage.Reference\"><img fetchpriority=\"high\" data-testid=\"Opener.Image\"   loading=\"eager\" src=\"https:\/\/www.europesays.com\/de\/wp-content\/uploads\/2026\/05\/san-diego-die-polizei-sichert-den-bereich-rund-um-die-moschee.jpg\" alt=\"San Diego: Die Polizei sichert den Bereich rund um die Moschee.\" title=\"San Diego: Die Polizei sichert den Bereich rund um die Moschee.\" width=\"970\" height=\"546\" class=\"bg-[url:var(--lqipURL)] bg-cover bg-center flex h-full w-full max-w-full\" style=\"--lqipURL:url('https:\/\/images.t-online.de\/2026\/05\/FpMCfjVisufE\/395x1206:970x546\/fit-in\/150x0\/filters:blur(25)\/san-diego-die-polizei-sichert-den-bereich-rund-um-die-moschee.jpg')\" decoding=\"async\"\/><img loading=\"lazy\" src=\"https:\/\/www.t-online.de\/s\/paper\/_next\/static\/media\/zoom-in.f7dae02f.svg\" alt=\"Vergr\u00f6\u00dfern des Bildes\" title=\"Vergr\u00f6\u00dfern des Bildes\" class=\"block h-[calc(var(--height)_\/_16_*_1rem)] w-[calc(var(--width)_\/_16_*_1rem)] max-w-none absolute bottom-8 right-8 rounded-4 bg-snow p-8\" style=\"--width:32;--height:32\" decoding=\"async\"\/><\/a><\/p>\n<p>San Diego: Die Polizei sichert den Bereich rund um die Moschee. (Quelle: Gregory Bull)<\/p>\n<p class=\"font-bold text-18 leading-17 user-text-lg:text-22 user-text-xl:text-24\">In San Diego melden Beh\u00f6rden Sch\u00fcsse in einer Moschee, Einsatzkr\u00e4fte sind vor Ort. \u00dcber T\u00e4ter und Hintergr\u00fcnde gibt es bisher keine gesicherten Angaben.<\/p>\n<p class=\"text-18 leading-17 user-text-lg:text-22 user-text-xl:text-24\">Nach Sch\u00fcssen in einer Moschee in San Diego, <a class=\"transition-colors duration-200 cursor-pointer text-inherit no-underline text-salemsfur md:hover:text-magenta md:hover:border-magenta md:focus:text-magenta border-current border-b border-solid break-words\" data-tracking=\"{&quot;action&quot;:&quot;click&quot;,&quot;category&quot;:&quot;intextLink&quot;,&quot;label&quot;:&quot;\/themen\/kalifornien\/&quot;}\" href=\"https:\/\/www.t-online.de\/themen\/kalifornien\/\" data-sctrack=\"BodyAnchor\" rel=\"nofollow noopener\" target=\"_blank\">Kalifornien<\/a>, ist die Polizei im Gro\u00dfeinsatz. Beh\u00f6rdenangaben zufolge wurden mehrere Menschen getroffen. Mindestens eine dieser Personen ist tot. Der Sch\u00fctze ist nach Beh\u00f6rdenangaben &#8222;neutralisiert&#8220; worden. Auch das Motiv liegt noch im Dunkeln. Die Polizei hat das Zentrum umstellt.<\/p>\n<p class=\"text-18 leading-17 user-text-lg:text-22 user-text-xl:text-24\">Das Islamische Zentrum San Diego ist die gr\u00f6\u00dfte Moschee im Umland der 1,4-Millionen-Einwohner-Stadt San Diego. Zum Gel\u00e4nde des Zentrums geh\u00f6rt auch die Al-Raschid-Schule, an der unter anderem Kurse in Arabisch und Korankunde angeboten werden. Auf der Webseite hei\u00dft es, man arbeite &#8222;mit der Gemeinschaft, um den \u00c4rmsten zu helfen, um zu lehren und um unsere Nation besser zu machen&#8220;.<\/p>\n<p class=\"text-18 leading-17 user-text-lg:text-22 user-text-xl:text-24\">Auf Fernsehbildern sind Kinder zu sehen, die sich auf der Stra\u00dfe vor der Moschee an den H\u00e4nden halten. Das Zentrum liegt in einer dicht besiedelten Siedlung mit Wohnh\u00e4usern, einem Einkaufszentrum und Restaurants.<\/p>\n","protected":false},"excerpt":{"rendered":"Angreifer &#8222;neutralisiert&#8220; Kalifornien: Sch\u00fcsse in Moschee \u2013 mindestens ein Toter Aktualisiert am 18.05.2026 &#8211; 22:11 UhrLesedauer: 1 Min.&hellip;\n","protected":false},"author":2,"featured_media":1029109,"comment_status":"","ping_status":"","sticky":false,"template":"","format":"standard","meta":{"footnotes":"","_share_on_mastodon":"0"},"categories":[3],"tags":[326,2540,3786,13,2847,5531,14,15,121,28227,12,10,8,9,11,103,104],"class_list":["post-1029108","post","type-post","status-publish","format-standard","has-post-thumbnail","category-welt","tag-326","tag-einsatzkraft","tag-grosseinsatz","tag-headlines","tag-kalifornien","tag-moschee","tag-nachrichten","tag-news","tag-polizei","tag-san-diego","tag-schlagzeilen","tag-top-news","tag-top-meldungen","tag-topmeldungen","tag-topnews","tag-welt","tag-world"],"share_on_mastodon":{"url":"https:\/\/pubeurope.com\/@de\/116597632118482440","error":""},"_links":{"self":[{"href":"https:\/\/www.europesays.com\/de\/wp-json\/wp\/v2\/posts\/1029108","targetHints":{"allow":["GET"]}}],"collection":[{"href":"https:\/\/www.europesays.com\/de\/wp-json\/wp\/v2\/posts"}],"about":[{"href":"https:\/\/www.europesays.com\/de\/wp-json\/wp\/v2\/types\/post"}],"author":[{"embeddable":true,"href":"https:\/\/www.europesays.com\/de\/wp-json\/wp\/v2\/users\/2"}],"replies":[{"embeddable":true,"href":"https:\/\/www.europesays.com\/de\/wp-json\/wp\/v2\/comments?post=1029108"}],"version-history":[{"count":0,"href":"https:\/\/www.europesays.com\/de\/wp-json\/wp\/v2\/posts\/1029108\/revisions"}],"wp:featuredmedia":[{"embeddable":true,"href":"https:\/\/www.europesays.com\/de\/wp-json\/wp\/v2\/media\/1029109"}],"wp:attachment":[{"href":"https:\/\/www.europesays.com\/de\/wp-json\/wp\/v2\/media?parent=1029108"}],"wp:term":[{"taxonomy":"category","embeddable":true,"href":"https:\/\/www.europesays.com\/de\/wp-json\/wp\/v2\/categories?post=1029108"},{"taxonomy":"post_tag","embeddable":true,"href":"https:\/\/www.europesays.com\/de\/wp-json\/wp\/v2\/tags?post=1029108"}],"curies":[{"name":"wp","href":"https:\/\/api.w.org\/{rel}","templated":true}]}}