{"id":1029290,"date":"2026-05-18T22:51:25","date_gmt":"2026-05-18T22:51:25","guid":{"rendered":"https:\/\/www.europesays.com\/de\/1029290\/"},"modified":"2026-05-18T22:51:25","modified_gmt":"2026-05-18T22:51:25","slug":"wuelfrath-gelungenes-familienfest-zu-33-jahre-wunschzettel","status":"publish","type":"post","link":"https:\/\/www.europesays.com\/de\/1029290\/","title":{"rendered":"W\u00fclfrath: Gelungenes Familienfest zu 33 Jahre Wunschzettel"},"content":{"rendered":"<p class=\"text_ohne_einzug richtext text-em-55 !leading-serif mx-6 desktop:mx-0\"> Es ist eine wahre Schnapszahl, die 33, und f\u00fcr den Verein \u201eWunschzettel\u201c ein geeigneter Anlass, um ein rauschendes Familienfest zu feiern. Dass es da auch ohne Schnaps fr\u00f6hlich und ausgelassen zuging, versteht sich von selbst. Denn nat\u00fcrlich bietet ein 33-j\u00e4hriger Geburtstag schon genug Grund zur Freude. Und die hatten die Ehrenamtlichen vom Wunschzettel in jedem Fall. \u201eWir haben \u00fcber<a href=\"https:\/\/rp-online.de\/nrw\/staedte\/wuelfrath\/wuelfrath-verein-wunschzettel-feiert-33-jubilaeum-am-zeittunnel_aid-146603069\" rel=\"nofollow noopener\" target=\"_blank\"> 500 Herzensw\u00fcnsche <\/a>in dieser Zeit erf\u00fcllen k\u00f6nnen\u201c, verr\u00e4t die Vereinsvorsitzende Irena Brass. Herzensw\u00fcnsche von behinderten und kranken Kindern zu erf\u00fcllen, ist n\u00e4mlich der Sinn und Zweck des Vereins, der vor 33 Jahren von Helmut \u201eBuddy\u201c Brass initiiert wurde.<\/p>\n","protected":false},"excerpt":{"rendered":"Es ist eine wahre Schnapszahl, die 33, und f\u00fcr den Verein \u201eWunschzettel\u201c ein geeigneter Anlass, um ein rauschendes&hellip;\n","protected":false},"author":2,"featured_media":1029291,"comment_status":"","ping_status":"","sticky":false,"template":"","format":"standard","meta":{"footnotes":"","_share_on_mastodon":"0"},"categories":[1840],"tags":[62210,220887,27458,3364,29,58411,5431,26248,30,59550,107051,88957,1460,1209,10434,72565,54143,42697,21155,28573,132589,4418],"class_list":["post-1029290","post","type-post","status-publish","format-standard","has-post-thumbnail","category-wuppertal","tag-behinderten","tag-behindertenwerkstaetten","tag-brass","tag-de","tag-deutschland","tag-erfuellen","tag-familien","tag-familienfest","tag-germany","tag-herzenswunsch","tag-herzenswuensche","tag-irena","tag-kind","tag-nordrhein-westfalen","tag-verein","tag-vereinsvorsitzende","tag-vereinzelten","tag-vorsitzende","tag-wunsch","tag-wuensche","tag-wunschzettel","tag-wuppertal"],"share_on_mastodon":{"url":"https:\/\/pubeurope.com\/@de\/116598032934390645","error":""},"_links":{"self":[{"href":"https:\/\/www.europesays.com\/de\/wp-json\/wp\/v2\/posts\/1029290","targetHints":{"allow":["GET"]}}],"collection":[{"href":"https:\/\/www.europesays.com\/de\/wp-json\/wp\/v2\/posts"}],"about":[{"href":"https:\/\/www.europesays.com\/de\/wp-json\/wp\/v2\/types\/post"}],"author":[{"embeddable":true,"href":"https:\/\/www.europesays.com\/de\/wp-json\/wp\/v2\/users\/2"}],"replies":[{"embeddable":true,"href":"https:\/\/www.europesays.com\/de\/wp-json\/wp\/v2\/comments?post=1029290"}],"version-history":[{"count":0,"href":"https:\/\/www.europesays.com\/de\/wp-json\/wp\/v2\/posts\/1029290\/revisions"}],"wp:featuredmedia":[{"embeddable":true,"href":"https:\/\/www.europesays.com\/de\/wp-json\/wp\/v2\/media\/1029291"}],"wp:attachment":[{"href":"https:\/\/www.europesays.com\/de\/wp-json\/wp\/v2\/media?parent=1029290"}],"wp:term":[{"taxonomy":"category","embeddable":true,"href":"https:\/\/www.europesays.com\/de\/wp-json\/wp\/v2\/categories?post=1029290"},{"taxonomy":"post_tag","embeddable":true,"href":"https:\/\/www.europesays.com\/de\/wp-json\/wp\/v2\/tags?post=1029290"}],"curies":[{"name":"wp","href":"https:\/\/api.w.org\/{rel}","templated":true}]}}