{"id":1029401,"date":"2026-05-18T23:57:18","date_gmt":"2026-05-18T23:57:18","guid":{"rendered":"https:\/\/www.europesays.com\/de\/1029401\/"},"modified":"2026-05-18T23:57:18","modified_gmt":"2026-05-18T23:57:18","slug":"wm-debakel-fuer-eishockey-team-gegen-gastgeber-schweiz","status":"publish","type":"post","link":"https:\/\/www.europesays.com\/de\/1029401\/","title":{"rendered":"WM-Debakel f\u00fcr Eishockey-Team gegen Gastgeber Schweiz"},"content":{"rendered":"<p>            <img loading=\"lazy\" decoding=\"async\" class=\"ts-image\" src=\"https:\/\/www.europesays.com\/de\/wp-content\/uploads\/2026\/05\/deutschland-tor-102.jpg\" alt=\"Deutschlands Torwart Jonas Stettmer (l.) liegt nach Tor der Schweiz zum 0:1 auf dem Eis neben seinem Teamkollegen Moritz Seider\" title=\"Deutschlands Torwart Jonas Stettmer (l.) liegt nach Tor der Schweiz zum 0:1 auf dem Eis neben seinem Teamkollegen Moritz Seider | dpa\"\/><\/p>\n<p class=\"metatextline\">Stand: 19.05.2026 \u2022 00:13 Uhr<\/p>\n<p class=\"article-head__shorttext\">\n        <strong>Die Offensive eines Absteigers, katastrophale Fehler und kaum Impulse von der Trainerbank: Ein Jahr vor der Heim-WM droht dem deutschen Eishockey ein Fiasko bei der Weltmeisterschaft in der Schweiz.<\/strong>\n    <\/p>\n<p class=\"textabsatz m-ten m-offset-one l-eight l-offset-two columns twelve\">Beim 1:6 (0:0, 0:5, 1:1) am Montag in Z\u00fcrich kassierte die Auswahl von Bundestrainer Harold Kreis die h\u00f6chste WM-Niederlage gegen die Schweiz seit 89 Jahren. Nach drei Spielen ist der Vize-Weltmeister von 2023 noch immer punktlos. Das Minimalziel Viertelfinale ist nun in ganz weiter Ferne.<\/p>\n<ul class=\"buttongroup buttongroup--copytext\">\n<li class=\"buttongroup__item\">\n<p>    <a class=\"btn btn--text btn--standard-secondary btn--fullwidth\" href=\"https:\/\/www.sportschau.de\/live-und-ergebnisse\/eishockey\/iihf-wm\/ma11560463\/deutschland_schweiz\/liveticker\" rel=\"nofollow noopener\" target=\"_blank\"><br \/>\n        Live-Ticker zum Nachlesen<\/p>\n<p>  Pfeil rechts<\/p>\n<p>    <\/a>\n<\/li>\n<li class=\"buttongroup__item\">\n<p>    <a class=\"btn btn--text btn--standard-secondary btn--fullwidth\" href=\"https:\/\/www.sportschau.de\/live-und-ergebnisse\/eishockey\/iihf-wm\/se103745\/2026-schweiz\/rr\/gm3\/spiele-und-ergebnisse\" rel=\"nofollow noopener\" target=\"_blank\"><br \/>\n        3. Gruppenspieltag<\/p>\n<p>  Pfeil rechts<\/p>\n<p>    <\/a>\n<\/li>\n<\/ul>\n<p class=\"textabsatz m-ten m-offset-one l-eight l-offset-two columns twelve\">Mit einem Torverh\u00e4ltnis von 2:11 nach drei Partien ist die Auswahl des Deutschen Eishockey-Bundes in der Gruppe A derzeit nicht konkurrenzf\u00e4hig. Immerhin kann der DEB als WM-Ausrichter 2027 nicht absteigen.<\/p>\n<p class=\"textabsatz m-ten m-offset-one l-eight l-offset-two columns twelve\">Mit vier Siegen in den ausstehenden Partien hat Deutschland sogar noch eine Viertelfinal-Chance. Doch mit den bisherigen Leistungen sind Erfolge gegen Titelverteidiger und Olympiasieger USA am Mittwoch (<a href=\"https:\/\/www.sportschau.de\/live-und-ergebnisse\/eishockey\/iihf-wm\/ma11560487\/usa_deutschland\/liveticker\" title=\"Live-Ticker\" rel=\"nofollow noopener\" target=\"_blank\">ab 20.20 Uhr im Live-Ticker auf sportschau.de<\/a>), Ungarn, \u00d6sterreich und Gro\u00dfbritannien unwahrscheinlich.<\/p>\n<p>    Nur im ersten Drittel auf Augenh\u00f6he<\/p>\n<p class=\"textabsatz m-ten m-offset-one l-eight l-offset-two columns twelve\">Die Reaktion der Mannschaft nach den beiden <a href=\"https:\/\/www.sportschau.de\/eishockey\/nationalmannschaft\/grubauer-kann-auftakt-niederlage-nicht-verhindern,spielbericht-eishockeywm-finnland-deutschland-100.html\" title=\"Grubauer kann Auftakt-Niederlage gegen Finnland nicht verhindern\" rel=\"nofollow noopener\" target=\"_blank\">Niederlagen gegen Finnland (1:3)<\/a> und <a href=\"https:\/\/www.sportschau.de\/eishockey\/nationalmannschaft\/deutschland-nach-lettland-pleite-unter-druck,spielbericht-eishockeywm-deutschland-lettland-100.html\" title=\"Eishockey-WM in der Schweiz: Deutschland nach Lettland-Pleite unter Druck\" rel=\"nofollow noopener\" target=\"_blank\">Lettland (0:2)<\/a> war im ersten Drittel noch positiv. Dann folgte der Einbruch. Die favorisierten Schweizer mit sechs NHL-Stars um Kapit\u00e4n Roman Josi wirkten \u00fcber das Tempo der Deutschen fast \u00fcberrascht. Doch die deutsche Offensive zeigte sich einmal mehr bei der WM als harmlos. Keine weitere Mannschaft im Turnier hat so eine schlechte Tor-Ausbeute.<\/p>\n<p class=\"absatzbild__info__text\">\n                        Deutschlands Torh\u00fcter Jonas Stettmer (r.) im WM-Spiel gegen die Schweiz.\n                    <\/p>\n<p class=\"textabsatz m-ten m-offset-one l-eight l-offset-two columns twelve\">Es folgte das Albtraum-Drittel: Zweimal hatte die DEB-Auswahl im zweiten Durchgang die Chance, in \u00dcberzahl endlich den dringend ben\u00f6tigten Treffer zu erzielen. Dann gaben die Schweizer NHL-Cracks dem Erzrivalen eine Lehrstunde. Denis Malgin traf sogar in deutscher \u00dcberzahl zum 0:1 (26. Minute). Das Gegentor schockte die deutsche Mannschaft sp\u00fcrbar. Innerhalb von 35 Sekunden machten Sven Andrighetto (29.) und Christoph Bertschy (30.) aus einem zuvor ausgeglichenen Spiel eine klare Sache. Trotzdem verzichtete Bundestrainer Kreis auf eine Auszeit.<\/p>\n<p class=\"textabsatz m-ten m-offset-one l-eight l-offset-two columns twelve\">&#8222;Drei Minuten drei\u00dfig haben das Spiel gekostet und dann ist am Ende die Luft raus&#8220;, sagte Kapit\u00e4n Moritz Seider von den Detroit Red Wings der Sportschau.<\/p>\n<p>    Tiffels mit Ergebniskosmetik<\/p>\n<p class=\"textabsatz m-ten m-offset-one l-eight l-offset-two columns twelve\">Die Schweiz blieb mit ihren Nordamerika-Stars in Torlaune. Nico Hischier (38.) und Josi (39.) machte mit einem weiteren Doppelpack das deutsche Debakel im Mitteldrittel perfekt. Aus neun Sch\u00fcssen machte die Schweiz f\u00fcnf Treffer. Weiterhin gab es keine Auszeit vom Bundestrainer, der auch Jonas Stettmer \u00fcberraschend im Schlussdrittel im Tor belie\u00df. Der Berliner Meistergoalie vertrat diesmal NHL-Keeper Philipp Grubauer, der 24 Stunden nach dem 0:2 gegen Lettland eine Pause bekam.<\/p>\n<p class=\"textabsatz m-ten m-offset-one l-eight l-offset-two columns twelve\">Der Gastgeber und WM-Mitfavorit hatte allerdings noch l\u00e4ngst nicht genug. Andrighetto mit seinem zweiten Treffer sorgte f\u00fcr das 0:6 (46.). Tiffels betrieb nur noch Ergebniskosmetik.<\/p>\n<p>Hinweis<\/p>\n<p>            Bei Google erscheinen neben den Suchergebnissen h\u00e4ufig aktuelle News-Boxen. Wer die Sportschau als bevorzugte Quelle hinterlegt, bekommt dort h\u00e4ufiger unabh\u00e4ngigen, werbefreien und hintergr\u00fcndigen Sportjournalismus angezeigt. <a href=\"https:\/\/www.sportschau.de\/sportschau-als-bevorzugte-quelle-hinzufuegen,sportschau-als-bevorzugte-google-quelle-100.html\" title=\"Sportschau.de als &quot;Bevorzugte Quelle&quot; bei Google hinzuf\u00fcgen\" rel=\"nofollow noopener\" target=\"_blank\">Jetzt hier Sportschau als bevorzugte Quelle hinzuf\u00fcgen.<\/a><\/p>\n","protected":false},"excerpt":{"rendered":"Stand: 19.05.2026 \u2022 00:13 Uhr Die Offensive eines Absteigers, katastrophale Fehler und kaum Impulse von der Trainerbank: Ein&hellip;\n","protected":false},"author":2,"featured_media":1029402,"comment_status":"","ping_status":"","sticky":false,"template":"","format":"standard","meta":{"footnotes":"","_share_on_mastodon":"0"},"categories":[5],"tags":[39772,2100,23939,13,14,15,12,10,8,9,11,11404],"class_list":["post-1029401","post","type-post","status-publish","format-standard","has-post-thumbnail","category-nachrichten","tag-deb-team","tag-eishockey","tag-eishockey-wm","tag-headlines","tag-nachrichten","tag-news","tag-schlagzeilen","tag-top-news","tag-top-meldungen","tag-topmeldungen","tag-topnews","tag-wm"],"share_on_mastodon":{"url":"https:\/\/pubeurope.com\/@de\/116598292346775404","error":""},"_links":{"self":[{"href":"https:\/\/www.europesays.com\/de\/wp-json\/wp\/v2\/posts\/1029401","targetHints":{"allow":["GET"]}}],"collection":[{"href":"https:\/\/www.europesays.com\/de\/wp-json\/wp\/v2\/posts"}],"about":[{"href":"https:\/\/www.europesays.com\/de\/wp-json\/wp\/v2\/types\/post"}],"author":[{"embeddable":true,"href":"https:\/\/www.europesays.com\/de\/wp-json\/wp\/v2\/users\/2"}],"replies":[{"embeddable":true,"href":"https:\/\/www.europesays.com\/de\/wp-json\/wp\/v2\/comments?post=1029401"}],"version-history":[{"count":0,"href":"https:\/\/www.europesays.com\/de\/wp-json\/wp\/v2\/posts\/1029401\/revisions"}],"wp:featuredmedia":[{"embeddable":true,"href":"https:\/\/www.europesays.com\/de\/wp-json\/wp\/v2\/media\/1029402"}],"wp:attachment":[{"href":"https:\/\/www.europesays.com\/de\/wp-json\/wp\/v2\/media?parent=1029401"}],"wp:term":[{"taxonomy":"category","embeddable":true,"href":"https:\/\/www.europesays.com\/de\/wp-json\/wp\/v2\/categories?post=1029401"},{"taxonomy":"post_tag","embeddable":true,"href":"https:\/\/www.europesays.com\/de\/wp-json\/wp\/v2\/tags?post=1029401"}],"curies":[{"name":"wp","href":"https:\/\/api.w.org\/{rel}","templated":true}]}}