{"id":1029607,"date":"2026-05-19T01:56:17","date_gmt":"2026-05-19T01:56:17","guid":{"rendered":"https:\/\/www.europesays.com\/de\/1029607\/"},"modified":"2026-05-19T01:56:17","modified_gmt":"2026-05-19T01:56:17","slug":"bbl-bamberg-vor-einzug-ins-halbfinale-bonn-gleicht-aus-baden-wuerttemberg","status":"publish","type":"post","link":"https:\/\/www.europesays.com\/de\/1029607\/","title":{"rendered":"BBL: Bamberg vor Einzug ins Halbfinale &#8211; Bonn gleicht aus &#8211; Baden-W\u00fcrttemberg"},"content":{"rendered":"<p class=\"rhp-dpa-teaser\"><b>Bamberg gewinnt in den BBL-Playoffs auch das zweite Heimspiel gegen Ulm und ist einen Sieg vom Halbfinal-Einzug entfernt. Bonn gelingt gegen W\u00fcrzburg der Ausgleich in der Serie.<\/b><\/p>\n<p>Bamberg (dpa) &#8211; Die BMA365 Bamberg Baskets stehen kurz vor dem Einzug ins Playoff-Halbfinale der Basketball-Bundesliga. Der amtierende Pokalsieger gewann auch sein zweites Heimspiel gegen ratiopharm Ulm mit 90:87 (41:42) und f\u00fchrt in der \u00abBest of five\u00bb-Serie mit 2:0. Das Team, das zuerst drei Partien gewinnt, zieht in die n\u00e4chste Runde ein. Am Samstag m\u00fcssen die Ulmer ihr Heimspiel gegen Bamberg gewinnen, um nicht auszuscheiden.<\/p>\n<p>Nach einer ausgeglichenen ersten H\u00e4lfte gingen die Ulmer mit einer 42:41-F\u00fchrung in die Kabine, weil Mark Smith bis dahin 17 seiner insgesamt 29 Punkte erzielt hatte.<\/p>\n<p>Die Bamberger beendeten das dritte Viertel mit einem 15:2-Lauf und erspielten sich eine 13-Punkte-F\u00fchrung, die G\u00e4ste glichen durch einen 14:1-Lauf aus. Dann holten sich die Gastgeber durch einen 8:0-Lauf das Momentum zur\u00fcck, in der letzten Sekunde vergab <a class=\"rtr-entity\" data-rtr-entity=\"Ulm\" data-rtr-id=\"e3909d13415f09a967c80d23b1a3ea836db594f0\" data-rtr-score=\"22.53965517241379\" data-rtr-etype=\"location\" data-rtr-index=\"7\" href=\"https:\/\/www.rheinpfalz.de\/themen\/ulm\" rel=\"nofollow noopener\" target=\"_blank\">Ulms<\/a> Thomas Klepeisz den Dreier zum Ausgleich. Bester Bamberger Werfer war Cobe Williams mit 18 Punkten. <\/p>\n<p>Bonn gleicht Serie gegen W\u00fcrzburg aus <\/p>\n<p>Die Telekom Baskets Bonn haben die Viertelfinalserie gegen die Fitness First W\u00fcrzburg Baskets zum 1:1 nach Siegen ausgeglichen. Nach einer Heimniederlage am vergangenen Samstag setzten sich die Bonner diesmal mit 88:81 (41:43) zu Hause durch. Die Serie wechselt nun nach <a class=\"rtr-entity\" data-rtr-entity=\"W\u00fcrzburg\" data-rtr-id=\"1e8b93a660612909b98029dc8fcc9b3e86e2b3d1\" data-rtr-score=\"16.091379310344827\" data-rtr-etype=\"location\" data-rtr-index=\"5\" href=\"https:\/\/www.rheinpfalz.de\/themen\/wuerzburg\" rel=\"nofollow noopener\" target=\"_blank\">W\u00fcrzburg<\/a>, wo am Freitag und Sonntag die n\u00e4chsten beiden Partien stattfinden.<\/p>\n<p>Die Bonner behaupteten dank einer besseren Quote aus dem Zweier-Bereich bis Mitte des Schlussabschnitts eine knappe F\u00fchrung, ehe sie sich durch einen 15:4-Lauf die erste zweistellige F\u00fchrung des Spiels sicherten. Joel Aminu f\u00fchrte die Bonner mit 16 Z\u00e4hlern an, nachdem er schon in der ersten Partie der beste Punktesammler seiner Mannschaft gewesen war.<\/p>\n","protected":false},"excerpt":{"rendered":"Bamberg gewinnt in den BBL-Playoffs auch das zweite Heimspiel gegen Ulm und ist einen Sieg vom Halbfinal-Einzug entfernt.&hellip;\n","protected":false},"author":2,"featured_media":1029608,"comment_status":"","ping_status":"","sticky":false,"template":"","format":"standard","meta":{"footnotes":"","_share_on_mastodon":"0"},"categories":[1842],"tags":[1634,2493,772,2696,2472,1741,299,3364,29,28196,30,2245,220927,4823,1209,40888,265,12755,15205],"class_list":["post-1029607","post","type-post","status-publish","format-standard","has-post-thumbnail","category-bonn","tag-baden-wuerttemberg","tag-basketball","tag-bayern","tag-bb","tag-bbl","tag-bonn","tag-bundesliga","tag-de","tag-deutschland","tag-dpaticker","tag-germany","tag-halbfinale","tag-mark-smith","tag-meldung","tag-nordrhein-westfalen","tag-ratiopharm-ulm","tag-sport","tag-ulm","tag-wuerzburg"],"share_on_mastodon":{"url":"https:\/\/pubeurope.com\/@de\/116598760250280429","error":""},"_links":{"self":[{"href":"https:\/\/www.europesays.com\/de\/wp-json\/wp\/v2\/posts\/1029607","targetHints":{"allow":["GET"]}}],"collection":[{"href":"https:\/\/www.europesays.com\/de\/wp-json\/wp\/v2\/posts"}],"about":[{"href":"https:\/\/www.europesays.com\/de\/wp-json\/wp\/v2\/types\/post"}],"author":[{"embeddable":true,"href":"https:\/\/www.europesays.com\/de\/wp-json\/wp\/v2\/users\/2"}],"replies":[{"embeddable":true,"href":"https:\/\/www.europesays.com\/de\/wp-json\/wp\/v2\/comments?post=1029607"}],"version-history":[{"count":0,"href":"https:\/\/www.europesays.com\/de\/wp-json\/wp\/v2\/posts\/1029607\/revisions"}],"wp:featuredmedia":[{"embeddable":true,"href":"https:\/\/www.europesays.com\/de\/wp-json\/wp\/v2\/media\/1029608"}],"wp:attachment":[{"href":"https:\/\/www.europesays.com\/de\/wp-json\/wp\/v2\/media?parent=1029607"}],"wp:term":[{"taxonomy":"category","embeddable":true,"href":"https:\/\/www.europesays.com\/de\/wp-json\/wp\/v2\/categories?post=1029607"},{"taxonomy":"post_tag","embeddable":true,"href":"https:\/\/www.europesays.com\/de\/wp-json\/wp\/v2\/tags?post=1029607"}],"curies":[{"name":"wp","href":"https:\/\/api.w.org\/{rel}","templated":true}]}}