{"id":102975,"date":"2025-05-11T20:22:08","date_gmt":"2025-05-11T20:22:08","guid":{"rendered":"https:\/\/www.europesays.com\/de\/102975\/"},"modified":"2025-05-11T20:22:08","modified_gmt":"2025-05-11T20:22:08","slug":"urlaub-in-europa-2025-bild-erklaert-neue-regeln-und-kosten-leben-wissen","status":"publish","type":"post","link":"https:\/\/www.europesays.com\/de\/102975\/","title":{"rendered":"Urlaub in Europa 2025: BILD erkl\u00e4rt neue Regeln und Kosten | Leben &#038; Wissen"},"content":{"rendered":"<p><b>Neue Geb\u00fchren, strengere Regeln, dicke Staus: Ob in \u00d6sterreich, Griechenland oder Gro\u00dfbritannien \u2013 f\u00fcr Urlauber wird 2025 vieles komplizierter.<\/b><\/p>\n<p>Von teuren Maut- und Touristensteuern bis hin zu neuen Einreisebestimmungen und Verboten: Wer reist, muss sich auf hohe Extrakosten und strengere Vorschriften einstellen.<\/p>\n<p><b>Wo jetzt teure Fallen lauern und welche neuen Regeln Sie unbedingt kennen m\u00fcssen, lesen Sie mit BILDplus.<\/b><\/p>\n","protected":false},"excerpt":{"rendered":"Neue Geb\u00fchren, strengere Regeln, dicke Staus: Ob in \u00d6sterreich, Griechenland oder Gro\u00dfbritannien \u2013 f\u00fcr Urlauber wird 2025 vieles&hellip;\n","protected":false},"author":2,"featured_media":102976,"comment_status":"","ping_status":"","sticky":false,"template":"","format":"standard","meta":{"footnotes":""},"categories":[3933],"tags":[331,332,548,663,158,3934,3935,40805,40802,1565,13,6306,355,474,14,15,1433,40803,12,45,631,40804],"class_list":{"0":"post-102975","1":"post","2":"type-post","3":"status-publish","4":"format-standard","5":"has-post-thumbnail","7":"category-eu","8":"tag-aktuelle-nachrichten","9":"tag-aktuelle-news","10":"tag-eu","11":"tag-europa","12":"tag-europaeische-union","13":"tag-europe","14":"tag-european-union","15":"tag-flug","16":"tag-geldbussen","17":"tag-griechenland","18":"tag-headlines","19":"tag-hotel","20":"tag-italien","21":"tag-mallorca","22":"tag-nachrichten","23":"tag-news","24":"tag-oesterreich","25":"tag-pkw-maut","26":"tag-schlagzeilen","27":"tag-texttospeech","28":"tag-urlaub","29":"tag-wohnwagen"},"share_on_mastodon":{"url":"https:\/\/pubeurope.com\/@de\/114491067257736435","error":""},"_links":{"self":[{"href":"https:\/\/www.europesays.com\/de\/wp-json\/wp\/v2\/posts\/102975","targetHints":{"allow":["GET"]}}],"collection":[{"href":"https:\/\/www.europesays.com\/de\/wp-json\/wp\/v2\/posts"}],"about":[{"href":"https:\/\/www.europesays.com\/de\/wp-json\/wp\/v2\/types\/post"}],"author":[{"embeddable":true,"href":"https:\/\/www.europesays.com\/de\/wp-json\/wp\/v2\/users\/2"}],"replies":[{"embeddable":true,"href":"https:\/\/www.europesays.com\/de\/wp-json\/wp\/v2\/comments?post=102975"}],"version-history":[{"count":0,"href":"https:\/\/www.europesays.com\/de\/wp-json\/wp\/v2\/posts\/102975\/revisions"}],"wp:featuredmedia":[{"embeddable":true,"href":"https:\/\/www.europesays.com\/de\/wp-json\/wp\/v2\/media\/102976"}],"wp:attachment":[{"href":"https:\/\/www.europesays.com\/de\/wp-json\/wp\/v2\/media?parent=102975"}],"wp:term":[{"taxonomy":"category","embeddable":true,"href":"https:\/\/www.europesays.com\/de\/wp-json\/wp\/v2\/categories?post=102975"},{"taxonomy":"post_tag","embeddable":true,"href":"https:\/\/www.europesays.com\/de\/wp-json\/wp\/v2\/tags?post=102975"}],"curies":[{"name":"wp","href":"https:\/\/api.w.org\/{rel}","templated":true}]}}