{"id":1029840,"date":"2026-05-19T04:08:45","date_gmt":"2026-05-19T04:08:45","guid":{"rendered":"https:\/\/www.europesays.com\/de\/1029840\/"},"modified":"2026-05-19T04:08:45","modified_gmt":"2026-05-19T04:08:45","slug":"landesschulsportfest-leichtathletikmeisterschaften-der-staedteregion-und-stadt-aachen","status":"publish","type":"post","link":"https:\/\/www.europesays.com\/de\/1029840\/","title":{"rendered":"Landesschulsportfest: Leichtathletikmeisterschaften der St\u00e4dteregion und Stadt Aachen"},"content":{"rendered":"<p>In der vergangenen Woche traten rund 200 Sch\u00fclerinnen und Sch\u00fcler aus acht weiterf\u00fchrenden Schulen der St\u00e4dteregion und Stadt Aachen im Rahmen des Landesschulsportfestes im Aachener Waldstadion gegeneinander an. Mit Unterst\u00fctzung der Aachener Turn-Gemeinde 1862 e.V. konnten die Jugendlichen der Altersklassen U18 (2009 -2011) und U16 (2011 \u2013 2013) sich so in den Disziplinen Weitsprung, Ballwurf, Speerwurf, Hochsprung, Kugelsto\u00dfen sowie auf der Laufbahn im Sprint und der Staffel messen.<\/p>\n<p>Nach einem spanenden Vormittag standen die Siegerinnen und Sieger fest:<\/p>\n<ul class=\"wp-block-list\">\n<li>U18 weiblich: St. Ursula Gymnasium Aachen (5.720 Punkte)<\/li>\n<li>U18 m\u00e4nnlich: Couven Gymnasium Aachen (6.835 Punkte)<\/li>\n<li>U 16 mixed: Couven Gymnasium Aachen (6.602Punkte)<\/li>\n<\/ul>\n<p>Diese Teams k\u00f6nnen sich nun, wenn die Punktzahl im NRW-Vergleich reicht, f\u00fcr die Landesmeisterschaften am 23. Juni in Dortmund qualifizieren.<\/p>\n<p>In der U14 mixed (2013 \u2013 2016) finden die Leichtathletikmeisterschaften der St\u00e4dteregion und Stadt Aachen Anfang Juni statt, ebenfalls im Aachener Waldstadion.<\/p>\n","protected":false},"excerpt":{"rendered":"In der vergangenen Woche traten rund 200 Sch\u00fclerinnen und Sch\u00fcler aus acht weiterf\u00fchrenden Schulen der St\u00e4dteregion und Stadt&hellip;\n","protected":false},"author":2,"featured_media":1029841,"comment_status":"","ping_status":"","sticky":false,"template":"","format":"standard","meta":{"footnotes":"","_share_on_mastodon":"0"},"categories":[1853],"tags":[1424,3364,29,548,663,3934,30,13,220957,7591,88419,14,15,1209,12,265,26848,38500],"class_list":["post-1029840","post","type-post","status-publish","format-standard","has-post-thumbnail","category-aachen","tag-aachen","tag-de","tag-deutschland","tag-eu","tag-europa","tag-europe","tag-germany","tag-headlines","tag-landesschulsportfest","tag-leichtathletik","tag-leichtathletikmeisterschaften","tag-nachrichten","tag-news","tag-nordrhein-westfalen","tag-schlagzeilen","tag-sport","tag-staedteregion-aachen","tag-waldstadion"],"share_on_mastodon":{"url":"https:\/\/pubeurope.com\/@de\/116599279414544296","error":""},"_links":{"self":[{"href":"https:\/\/www.europesays.com\/de\/wp-json\/wp\/v2\/posts\/1029840","targetHints":{"allow":["GET"]}}],"collection":[{"href":"https:\/\/www.europesays.com\/de\/wp-json\/wp\/v2\/posts"}],"about":[{"href":"https:\/\/www.europesays.com\/de\/wp-json\/wp\/v2\/types\/post"}],"author":[{"embeddable":true,"href":"https:\/\/www.europesays.com\/de\/wp-json\/wp\/v2\/users\/2"}],"replies":[{"embeddable":true,"href":"https:\/\/www.europesays.com\/de\/wp-json\/wp\/v2\/comments?post=1029840"}],"version-history":[{"count":0,"href":"https:\/\/www.europesays.com\/de\/wp-json\/wp\/v2\/posts\/1029840\/revisions"}],"wp:featuredmedia":[{"embeddable":true,"href":"https:\/\/www.europesays.com\/de\/wp-json\/wp\/v2\/media\/1029841"}],"wp:attachment":[{"href":"https:\/\/www.europesays.com\/de\/wp-json\/wp\/v2\/media?parent=1029840"}],"wp:term":[{"taxonomy":"category","embeddable":true,"href":"https:\/\/www.europesays.com\/de\/wp-json\/wp\/v2\/categories?post=1029840"},{"taxonomy":"post_tag","embeddable":true,"href":"https:\/\/www.europesays.com\/de\/wp-json\/wp\/v2\/tags?post=1029840"}],"curies":[{"name":"wp","href":"https:\/\/api.w.org\/{rel}","templated":true}]}}