{"id":1029939,"date":"2026-05-19T05:07:17","date_gmt":"2026-05-19T05:07:17","guid":{"rendered":"https:\/\/www.europesays.com\/de\/1029939\/"},"modified":"2026-05-19T05:07:17","modified_gmt":"2026-05-19T05:07:17","slug":"umbau-plaene-fuer-elbchaussee-veraergern-anwohner","status":"publish","type":"post","link":"https:\/\/www.europesays.com\/de\/1029939\/","title":{"rendered":"Umbau-Pl\u00e4ne f\u00fcr Elbchaussee ver\u00e4rgern Anwohner"},"content":{"rendered":"<p>        <img decoding=\"async\" src=\"https:\/\/www.europesays.com\/de\/wp-content\/uploads\/2026\/05\/screenshot1250776.webp\" alt=\"Ein Stra\u00dfenschild zeigt den Namen der Stra\u00dfe: Elbchaussee.\" title=\"Ein Stra\u00dfenschild zeigt den Namen der Stra\u00dfe: Elbchaussee. | Screenshot\" class=\"responsive\"\/><\/p>\n<p>AUDIO: Streit bei Anh\u00f6rung zum Umbau der Elbchaussee (1 Min)<\/p>\n<p>\n                Stand: 19.05.2026 07:00 Uhr<\/p>\n<p class=\"preface\">Die viel befahrene Elbchaussee wird an verschiedenen Abschnitten saniert und neugestaltet. Vor allem die Trinkwasser- und Stromleitungen werden erneuert. Am Montagabend fand in Altona eine Anh\u00f6rung der Stadt Hamburg f\u00fcr Anwohnende statt, die im Bereich Neum\u00fchlen\/\u00d6velg\u00f6nne wohnen. <\/p>\n<p class=\"\">Vor allen die Anwohnenden nutzen die Parkpl\u00e4tze auf dem n\u00e4chsten Bauabschnitt zwischen der Liebermannstra\u00dfe und dem Hohenzollernring &#8211; also auch auf H\u00f6he der &#8222;Strandperle&#8220;. Die Pl\u00e4ne f\u00fcr die Neugestaltung der Stra\u00dfe an dieser Stelle f\u00fchrten zu einer hitzigen Debatte.<\/p>\n<p>    Lauter Protest zu Beginn der Anh\u00f6rung<\/p>\n<p class=\"\">Viele der rund 60 erschienenen Anwohnerinnen und Anwohner beschwerten sich schon zu Beginn der Veranstaltung laut: Viel zu wenig Parkpl\u00e4tze w\u00fcrde es geben, wenn die Elbchaussee zwischen der Liebermannstra\u00dfe und dem Hohenzollernring nach den jetzigen Planungen der Stadt Hamburg umgebaut werden sollte.<\/p>\n<p>    Von 155 Parkpl\u00e4tzen sollen 85 \u00fcbrig bleiben<\/p>\n<p class=\"\">Die Neugestaltung des Abschnitts sieht unter anderem baulich von der Stra\u00dfe getrennte Radwege und teils neue Fu\u00dfwege vor. Dadurch w\u00fcrden von bislang 155 Parkpl\u00e4tzen am Ende nur noch 85 \u00fcbrig bleiben.<\/p>\n<p class=\"\">In diesen Zahlen fehlen zudem jene illegalen Parkpl\u00e4tze, die mitten auf der Stra\u00dfe liegen. Besonders in den Sommermonaten parken sowohl Besucherinnen und Besucher als auch Anwohnende in einer langen Kurve am Ende des Abschnitts.<\/p>\n<p>    Sanierung soll 2027 starten<\/p>\n<p class=\"\">Martin Bill (Gr\u00fcne), Staatsrat der Beh\u00f6rde f\u00fcr Verkehr und Mobilit\u00e4tswende, betonte aber, das Feedback der Anwohnenden in der weiteren Planung zu ber\u00fccksichtigen. Die Sanierung des Abschnitts soll im kommenden Jahr beginnen.<\/p>\n<p>        <img decoding=\"async\" src=\"https:\/\/www.europesays.com\/de\/wp-content\/uploads\/2026\/05\/elbchaussee-108.webp\" alt=\"Stra\u00dfenschilder der Elbchaussee und der Gro\u00dfen Brunnenstra\u00dfe sind zu sehen. \" title=\"Stra\u00dfenschilder der Elbchaussee und der Gro\u00dfen Brunnenstra\u00dfe sind zu sehen.  | picture alliance \/ ABBfoto | -\" class=\"responsive\" loading=\"lazy\"\/><\/p>\n<p>Nach Protesten von Anwohnenden gehen die Bauarbeiten schneller in die n\u00e4chste Phase als geplant.<\/p>\n","protected":false},"excerpt":{"rendered":"AUDIO: Streit bei Anh\u00f6rung zum Umbau der Elbchaussee (1 Min) Stand: 19.05.2026 07:00 Uhr Die viel befahrene Elbchaussee&hellip;\n","protected":false},"author":2,"featured_media":1029940,"comment_status":"","ping_status":"","sticky":false,"template":"","format":"standard","meta":{"footnotes":"","_share_on_mastodon":"0"},"categories":[1826],"tags":[60555,29,13511,30,692,60556,44412,4108,14787,3043],"class_list":["post-1029939","post","type-post","status-publish","format-standard","has-post-thumbnail","category-hamburg","tag-altonaer-rathaus","tag-deutschland","tag-elbchaussee","tag-germany","tag-hamburg","tag-hohenzollernring","tag-juni","tag-sanierung","tag-verkehrsbehoerde","tag-vollsperrung"],"share_on_mastodon":{"url":"https:\/\/pubeurope.com\/@de\/116599511270579847","error":""},"_links":{"self":[{"href":"https:\/\/www.europesays.com\/de\/wp-json\/wp\/v2\/posts\/1029939","targetHints":{"allow":["GET"]}}],"collection":[{"href":"https:\/\/www.europesays.com\/de\/wp-json\/wp\/v2\/posts"}],"about":[{"href":"https:\/\/www.europesays.com\/de\/wp-json\/wp\/v2\/types\/post"}],"author":[{"embeddable":true,"href":"https:\/\/www.europesays.com\/de\/wp-json\/wp\/v2\/users\/2"}],"replies":[{"embeddable":true,"href":"https:\/\/www.europesays.com\/de\/wp-json\/wp\/v2\/comments?post=1029939"}],"version-history":[{"count":0,"href":"https:\/\/www.europesays.com\/de\/wp-json\/wp\/v2\/posts\/1029939\/revisions"}],"wp:featuredmedia":[{"embeddable":true,"href":"https:\/\/www.europesays.com\/de\/wp-json\/wp\/v2\/media\/1029940"}],"wp:attachment":[{"href":"https:\/\/www.europesays.com\/de\/wp-json\/wp\/v2\/media?parent=1029939"}],"wp:term":[{"taxonomy":"category","embeddable":true,"href":"https:\/\/www.europesays.com\/de\/wp-json\/wp\/v2\/categories?post=1029939"},{"taxonomy":"post_tag","embeddable":true,"href":"https:\/\/www.europesays.com\/de\/wp-json\/wp\/v2\/tags?post=1029939"}],"curies":[{"name":"wp","href":"https:\/\/api.w.org\/{rel}","templated":true}]}}