{"id":1030043,"date":"2026-05-19T06:06:30","date_gmt":"2026-05-19T06:06:30","guid":{"rendered":"https:\/\/www.europesays.com\/de\/1030043\/"},"modified":"2026-05-19T06:06:30","modified_gmt":"2026-05-19T06:06:30","slug":"hannover-geldwaesche-bei-autovermietung-15-objekte-durchsucht","status":"publish","type":"post","link":"https:\/\/www.europesays.com\/de\/1030043\/","title":{"rendered":"Hannover: Geldw\u00e4sche bei Autovermietung? 15 Objekte durchsucht"},"content":{"rendered":"<p>        <img decoding=\"async\" src=\"https:\/\/www.europesays.com\/de\/wp-content\/uploads\/2026\/05\/polizei5424.webp\" alt=\"Auf dem Jacken\u00e4rmel einer blauen Polizeiuniform ist das nieders\u00e4chsische Wappen aufgen\u00e4ht.\" title=\"Auf dem Jacken\u00e4rmel einer blauen Polizeiuniform ist das nieders\u00e4chsische Wappen aufgen\u00e4ht. | NDR, Julius Matuschik\" class=\"responsive\"\/><\/p>\n<p>\n                Stand: 18.05.2026 16:45 Uhr<\/p>\n<p class=\"preface\">Wegen des Verdachts der Geldw\u00e4sche bei einer Autovermietung mit Hauptsitz in Hannover haben Ermittler 15 Objekte durchsucht. Vier Beschuldigte sollen Kriminellen hochwertige Wagen vermietet haben.<\/p>\n<p class=\"\">Wie die Staatsanwaltschaft Hannover und das Landeskriminalamt (LKA) Niedersachsen am Montag mitteilten, fanden die Durchsuchungen bereits am vergangenen Dienstag statt. In den Objekten in Hannover, in der Region Hannover und in Bremen stellten die Ermittler einige Beweismittel sicher: Neben elektronischen Ger\u00e4ten wie Handys, Tablets und Computern seien auch rund 4.600 Euro Bargeld sowie Goldm\u00fcnzen und -barren mit einem Gesamtgewicht von rund 135 Gramm gesichert worden, hie\u00df es. Au\u00dferdem sei Verm\u00f6gen in H\u00f6he von rund 113.000 Euro eingefroren worden. Die Ermittlungen laufen.<\/p>\n<p>    Kriminalit\u00e4tsph\u00e4nomen &#8222;Crime as a Service&#8220;<\/p>\n<p class=\"\">Laut Staatsanwaltschaft und LKA h\u00e4ngen die Durchsuchungen mit einem seit Mitte 2025 laufenden Verfahren zusammen. Ermittelt werde gegen vier Beschuldigte &#8211; &#8222;wegen des Verdachts des besonders schweren Falls der Geldw\u00e4sche&#8220;. Die M\u00e4nner zwischen 24 und 38 Jahren sind den Angaben zufolge Betreiber und Mitarbeiter der Autovermietung. Es bestehe der Verdacht, &#8222;dass Personen aus dem kriminellen Milieu hochwertige Fahrzeuge angemietet und die Mietzahlungen teilweise \u00fcber Strohleute mit inkriminierten finanziellen Mitteln geleistet haben&#8220;, so die Ermittler. Dahinter stecke das Kriminalit\u00e4tsph\u00e4nomen &#8222;Crime as a Service&#8220;: Dienstleistungen oder Infrastruktur w\u00fcrden bei diesen Gesch\u00e4ftsmodellen gezielt f\u00fcr kriminelle Zwecke genutzt.<\/p>\n<p>    LKA: Geldw\u00e4sche-Bek\u00e4mpfung &#8222;zentraler Baustein&#8220; gegen organisierte Kriminalit\u00e4t<\/p>\n<p class=\"\">&#8222;Wenn kriminelle Strukturen gezielt auf legale Angebote wie Fahrzeugvermietungen zur\u00fcckgreifen, verschwimmen die Grenzen zwischen Alltagsgesch\u00e4ft und Unterst\u00fctzung schwerer Straftaten&#8220;, sagte LKA-Pr\u00e4sident Thorsten Massinger. Die Bek\u00e4mpfung von Geldw\u00e4sche sei &#8222;ein zentraler Baustein, um Organisierte Kriminalit\u00e4t wirksam zu treffen &#8211; dort, wo sie ihre Gewinne absichern und ihre Taten erm\u00f6glichen will&#8220;, so Massinger weiter.<\/p>\n<p>        <img decoding=\"async\" src=\"https:\/\/www.europesays.com\/de\/wp-content\/uploads\/2026\/04\/polizei7214.webp.webp\" alt=\"Zwei Einsatzkr\u00e4fte der Polizei f\u00fchren einen Mann mit angelegten Handschellen ab.\" title=\"Zwei Einsatzkr\u00e4fte der Polizei f\u00fchren einen Mann mit angelegten Handschellen ab. | NDR, Julius Matuschik\" class=\"responsive\" loading=\"lazy\"\/><\/p>\n<p>Etwa im Raum G\u00f6ttingen, Hameln und in Hannover gab es Durchsuchungen. Die Polizei spricht von Organisierter Kriminalit\u00e4t.<\/p>\n<p>        <img decoding=\"async\" src=\"https:\/\/www.europesays.com\/de\/wp-content\/uploads\/2026\/05\/polizei5118.webp\" alt=\"T\u00fcr eines Polizeiautos. Auf einem Feld nahe dem Weserufer in Grohnde (Emmerthal) wurden Knochen gefunden.\" title=\"Durch Hinweise aus der Bev\u00f6lkerung konnte die Polizei den mutma\u00dflichen Geldw\u00e4scher stellen. (Themenbild) | Colourbox\" class=\"responsive\" loading=\"lazy\"\/><\/p>\n<p>Der 18-J\u00e4hrige soll unter falscher Identit\u00e4t zwei Bankkonten er\u00f6ffnet und dar\u00fcber illegal erworbene Gelder angenommen haben.<\/p>\n<p>        Schlagw\u00f6rter zu diesem Artikel<\/p>\n<p>            <a href=\"https:\/\/www.ndr.de\/nachrichten\/niedersachsen\/hannover_weser-leinegebiet\/Hannover-Aktuelle-News-und-Nachrichten,hannover18518.html\" rel=\"nofollow noopener\" target=\"_blank\">Hannover<\/a><\/p>\n","protected":false},"excerpt":{"rendered":"Stand: 18.05.2026 16:45 Uhr Wegen des Verdachts der Geldw\u00e4sche bei einer Autovermietung mit Hauptsitz in Hannover haben Ermittler&hellip;\n","protected":false},"author":2,"featured_media":1030044,"comment_status":"","ping_status":"","sticky":false,"template":"","format":"standard","meta":{"footnotes":"","_share_on_mastodon":"0"},"categories":[1836],"tags":[4067,590,92881,2420,3364,29,6978,1562,30,46,3825,14,15,1411,1997],"class_list":["post-1030043","post","type-post","status-publish","format-standard","has-post-thumbnail","category-hannover","tag-ermittlungen","tag-aktuell","tag-autovermietung","tag-bremen","tag-de","tag-deutschland","tag-durchsuchungen","tag-geldwaesche","tag-germany","tag-hannover","tag-landeskriminalamt","tag-nachrichten","tag-news","tag-niedersachsen","tag-staatsanwaltschaft"],"share_on_mastodon":{"url":"https:\/\/pubeurope.com\/@de\/116599743755128872","error":""},"_links":{"self":[{"href":"https:\/\/www.europesays.com\/de\/wp-json\/wp\/v2\/posts\/1030043","targetHints":{"allow":["GET"]}}],"collection":[{"href":"https:\/\/www.europesays.com\/de\/wp-json\/wp\/v2\/posts"}],"about":[{"href":"https:\/\/www.europesays.com\/de\/wp-json\/wp\/v2\/types\/post"}],"author":[{"embeddable":true,"href":"https:\/\/www.europesays.com\/de\/wp-json\/wp\/v2\/users\/2"}],"replies":[{"embeddable":true,"href":"https:\/\/www.europesays.com\/de\/wp-json\/wp\/v2\/comments?post=1030043"}],"version-history":[{"count":0,"href":"https:\/\/www.europesays.com\/de\/wp-json\/wp\/v2\/posts\/1030043\/revisions"}],"wp:featuredmedia":[{"embeddable":true,"href":"https:\/\/www.europesays.com\/de\/wp-json\/wp\/v2\/media\/1030044"}],"wp:attachment":[{"href":"https:\/\/www.europesays.com\/de\/wp-json\/wp\/v2\/media?parent=1030043"}],"wp:term":[{"taxonomy":"category","embeddable":true,"href":"https:\/\/www.europesays.com\/de\/wp-json\/wp\/v2\/categories?post=1030043"},{"taxonomy":"post_tag","embeddable":true,"href":"https:\/\/www.europesays.com\/de\/wp-json\/wp\/v2\/tags?post=1030043"}],"curies":[{"name":"wp","href":"https:\/\/api.w.org\/{rel}","templated":true}]}}