{"id":103021,"date":"2025-05-11T20:46:11","date_gmt":"2025-05-11T20:46:11","guid":{"rendered":"https:\/\/www.europesays.com\/de\/103021\/"},"modified":"2025-05-11T20:46:11","modified_gmt":"2025-05-11T20:46:11","slug":"roter-teppich-beim-itfs-stuttgart-zwei-mega-stars-im-netz-treffen-die-deutsche-stimme-von-micky-maus","status":"publish","type":"post","link":"https:\/\/www.europesays.com\/de\/103021\/","title":{"rendered":"Roter Teppich beim ITFS Stuttgart: Zwei Mega-Stars im Netz treffen die deutsche Stimme von Micky Maus"},"content":{"rendered":"<p>Sie verdienen viel mehr als ihr Vater, posten t\u00e4glich einen Film: Mit 2,3 Millionen Follower bei Instagram z\u00e4hlen die Twins on Ice zu den Mega-Stars im Netz. Bei der Premiere von \u201eDalia\u201c treffen die 15-J\u00e4hrigen im Gloria-Kino auf die deutsche Stimme von Micky Maus.<\/p>\n<p>Daniela Katzenberger ist angek\u00fcndigt f\u00fcr die Premiere des Animationsfilms \u201eDalia und das rote Buch\u201c, doch sie hat kurzfristig abgesagt. Der rote Teppich des Internationalen <a href=\"https:\/\/www.stuttgarter-nachrichten.de\/thema\/Trickfilmfestival\" title=\"Trickfilmfestival\" class=\"art_thema\" target=\"_blank\" rel=\"noopener\">Trickfilmfestival<\/a>s <a href=\"https:\/\/www.stuttgarter-nachrichten.de\/thema\/Stuttgart\" title=\"Stuttgart\" class=\"art_thema\" target=\"_blank\" rel=\"noopener\">Stuttgart<\/a> muss am Sonntag ohne das schillernde Reality-Sternchen auskommen, die Fotografen auch. <\/p>\n<p>Daf\u00fcr kommen zwei Schweizer Zwillingsschwestern, die 15 Jahre alt sind und mit 2,3 Millionen Menschen auf Instagram sogar noch mehr Follower haben als die \u201eKatze\u201c \u2013 Tendenz: t\u00e4glich steigend. Emilia und Letizia, die sich Twins on Ice nennen, sind <a href=\"https:\/\/www.stuttgarter-nachrichten.de\/thema\/Tiktok\" title=\"Tiktok\" class=\"art_thema\" target=\"_blank\" rel=\"noopener\">Tiktok<\/a>-Mega-Stars. Angefangen hat ihre Karrie mit Videos als Schlittschuhl\u00e4uferinnen. <\/p>\n<p>Selfie mit den Twins sind begehrt <\/p>\n<p>Auf dem roten Teppich im Stuttgarter Gloria-Kino haben die Twins viel zu tun. Fast jedes Kind, das zur Premiere gekommen ist, will ein Selfie mit Emilia und Letizia. Mit ihren Eltern und ihrer j\u00fcngeren Schwester sind die Zwillinge aus Basel nach Stuttgart angereist. Sie werden live vom Trickfimfestival f\u00fcr ihr Millionenpublikum berichten. \u201eDas geht nur, wenn ein Elternteil dabei ist\u201c, sagt der Vater, \u201edenn TikTok ist sehr streng, wenn die Influencerinnen noch nicht vollj\u00e4hrig sind.\u201c<\/p>\n<p>Die Twins on Ice wiederum wollen ein Foto mit dem 65-j\u00e4hrigen Mario von Jascheroff, als sie h\u00f6ren, dass der Berliner die deutsche Stimme von Micky Maus ist. Auch bei jungen Menschen ist die wohl ber\u00fchmteste Zeichentrickfigur der Welt beliebt, die stolze 95 Jahre alt ist. Der aus der Hauptstadt angereiste von Jascheroff macht gleich mal vor, wie piepsig Micky spricht.<\/p>\n<p>  <img decoding=\"async\" loading=\"lazy\" src=\"https:\/\/www.europesays.com\/de\/wp-content\/uploads\/2025\/05\/media.media.4ab018e7-6232-4ccf-ac3c-967478c79184.original1024.media.jpeg\"\/>     Die Stuttgarter Filmproduzenten Timo Joh Mayer (links) und Ekrem Engizek mit Synchronsprecher Mario von Jascheroff (Zweiter von links) und Moderator Mustafa G\u00f6ktas.    Foto: Klaus Schnaidt    <\/p>\n<p>Der Berliner Schauspieler und Synchronsprecher hat in den 1990ern beim Disney-Casting das Rennen f\u00fcr die legend\u00e4re Maus gemacht. Zum Trickfilmfestival ist Mario von Jascheroff angereist, weil er die deutsche Fassung des Animationsfilms \u201eDalia und das rote Buch\u201c geschrieben hat. Das Original stammt aus Argentinien und Peru. Die Stuttgarter Produzenten Timo Joh Mayer und Ekrem Engizek haben den Film f\u00fcr den deutschsprachigen Markt gekauft und wollen ihn im Herbst in den Kinos gro\u00df herausbringen. Nach ihrem <a href=\"https:\/\/www.stuttgarter-zeitung.de\/inhalt.filmpremiere-in-stuttgart-haps-haut-rein-doch-hass-und-gewalt-zahlen-sich-nicht-aus.0d4c5dd9-ed63-4e8e-ad0b-06c6671750b3.html\" target=\"_blank\" rel=\"noopener\">Knastfiln \u201eHaps<\/a>\u201c, einer harten Kost \u00fcber Hass und Gewalt, haben sie das Genre gewechselt zu einer Produktion f\u00fcr Kinder, deren Deutschland-Premiere am Sonntag beim ITFS gefeiert wird. <\/p>\n<p>Erz\u00e4hlt wird die Geschichte der kleinen Dalia, deren Vater, ein bekannter Schriftsteller, gestorben ist. Dalia findet das unvollendete Rote Buch des Vaters. Das Kind wird entf\u00fchrt und in dieses Buch hineingezogen. Dalia muss das Manuskript zu Ende schreiben, sonst l\u00f6st sich alles ins Nichts auf. Die Kinder von heute kennen die unendliche Geschichte von Michael Ende nicht, die in dem neuen Animationsfilm anders und durchaus \u00fcberraschend erz\u00e4hlt wird. <\/p>\n<p>Selbst der Vater hat es schwer, die Zwillinge auseinanderzuhalten  <\/p>\n<p>Auf dem roten Teppich tanzen die Twins on Ice, was sp\u00e4ter \u00fcber Netz in die TikTok-Welt geschickt wird. Ihr Vater ist Werkstattleiter und sagt: \u201eMeine T\u00f6chter verdienen viel mehr als ich.\u201c Die Werbeeinnahmen sind hoch. Die Portale zahlen Summen, die sich nach den Follower-Zahlen richten. Das Geld werde auf einem Konto angelegt, aber die Zwillinge d\u00fcrften sich auch W\u00fcnsche erf\u00fcllen. \u201eIhnen gef\u00e4llt es, sich Designer-Handtaschen zu kaufen\u201c, sagt der Vater, der nun eine TikTok-Agentur gegr\u00fcndet hat. So \u00e4hnlich sehen Emilia und Letizia aus, dass es selbst der Vater mitunter schwer hat, sie auseinanderzuhalten. \u201eDoch nun schminken sie sich ein wenig anders, weshalb ich sie unterscheiden kann.\u201c<\/p>\n<p>   <img decoding=\"async\" loading=\"lazy\" src=\"https:\/\/www.europesays.com\/de\/wp-content\/uploads\/2025\/05\/media.media.bad23934-82e5-4cba-81b5-1db12ac21211.original1024.media.jpeg\"\/>     Die Twins on Ice tanzen auch auf dem roten Teppich in Stuttgart.    Foto: Klaus Schnaidt    <\/p>\n<p>TikTok, sagt der Vater, verlange, dass die Stars des Portals f\u00fcnf Filme posten \u2013 t\u00e4glich! Da die T\u00f6chter noch zur Schule gehen, sei dies nicht m\u00f6glich. Aber t\u00e4glich wird\u2019s immerhin ein Video, meist mit Tanzszenen. Obendrein singen die Twins, deren aufregendes Leben die ARD zum Thema eine Films gemacht hat, auch noch und nehmen den Song in K\u00fcrze auf. <\/p>\n<p>Der Ehrgeiz komme nicht von den Eltern, versichert der Vater. Sie selbst h\u00e4tten mit dem Filmen angefangen, Die ersten Jungs stehen daheim auf der Matte, berichtet er, was bei M\u00e4dchen mit 15 Jahren wohl so sein m\u00fcsse. Das ist f\u00fcr jeden Vater hart. Doch der Vater der Twins ist froh, dass ihre T\u00f6chter anders zu tun haben. \u201eNoch sind ihnen ihre Filme wichtiger\u201c, sagt er, was ihm sehr recht ist. <\/p>\n","protected":false},"excerpt":{"rendered":"Sie verdienen viel mehr als ihr Vater, posten t\u00e4glich einen Film: Mit 2,3 Millionen Follower bei Instagram z\u00e4hlen&hellip;\n","protected":false},"author":2,"featured_media":103022,"comment_status":"","ping_status":"","sticky":false,"template":"","format":"standard","meta":{"footnotes":""},"categories":[1830],"tags":[1634,3364,29,1895,30,1441,151,31107,40814],"class_list":{"0":"post-103021","1":"post","2":"type-post","3":"status-publish","4":"format-standard","5":"has-post-thumbnail","7":"category-stuttgart","8":"tag-baden-wuerttemberg","9":"tag-de","10":"tag-deutschland","11":"tag-filmpremiere","12":"tag-germany","13":"tag-stuttgart","14":"tag-tiktok","15":"tag-trickfilmfestival","16":"tag-twins-on-ice"},"share_on_mastodon":{"url":"https:\/\/pubeurope.com\/@de\/114491161623269161","error":""},"_links":{"self":[{"href":"https:\/\/www.europesays.com\/de\/wp-json\/wp\/v2\/posts\/103021","targetHints":{"allow":["GET"]}}],"collection":[{"href":"https:\/\/www.europesays.com\/de\/wp-json\/wp\/v2\/posts"}],"about":[{"href":"https:\/\/www.europesays.com\/de\/wp-json\/wp\/v2\/types\/post"}],"author":[{"embeddable":true,"href":"https:\/\/www.europesays.com\/de\/wp-json\/wp\/v2\/users\/2"}],"replies":[{"embeddable":true,"href":"https:\/\/www.europesays.com\/de\/wp-json\/wp\/v2\/comments?post=103021"}],"version-history":[{"count":0,"href":"https:\/\/www.europesays.com\/de\/wp-json\/wp\/v2\/posts\/103021\/revisions"}],"wp:featuredmedia":[{"embeddable":true,"href":"https:\/\/www.europesays.com\/de\/wp-json\/wp\/v2\/media\/103022"}],"wp:attachment":[{"href":"https:\/\/www.europesays.com\/de\/wp-json\/wp\/v2\/media?parent=103021"}],"wp:term":[{"taxonomy":"category","embeddable":true,"href":"https:\/\/www.europesays.com\/de\/wp-json\/wp\/v2\/categories?post=103021"},{"taxonomy":"post_tag","embeddable":true,"href":"https:\/\/www.europesays.com\/de\/wp-json\/wp\/v2\/tags?post=103021"}],"curies":[{"name":"wp","href":"https:\/\/api.w.org\/{rel}","templated":true}]}}