{"id":1030216,"date":"2026-05-19T07:41:15","date_gmt":"2026-05-19T07:41:15","guid":{"rendered":"https:\/\/www.europesays.com\/de\/1030216\/"},"modified":"2026-05-19T07:41:15","modified_gmt":"2026-05-19T07:41:15","slug":"vfb-stuttgart-im-pokalfinale-mit-so-vielen-fans-in-berlin-rechnet-der-vfb","status":"publish","type":"post","link":"https:\/\/www.europesays.com\/de\/1030216\/","title":{"rendered":"VfB Stuttgart im Pokalfinale: Mit so vielen Fans in Berlin rechnet der VfB"},"content":{"rendered":"<p>\t\t\t\t\t\t\t\t\t\t\t\t\t\t\t\t\t\t\t\t\t\t\t\t\t\t\t\t      \t\t            \t\t             \t\t\t\t   \t\t\t\t\t   <img decoding=\"async\" id=\"article-image\" fetchpriority=\"high\" alt=\"VfB Stuttgart im Pokalfinale: Mit so vielen Fans in Berlin rechnet der VfB\" title=\"VfB Stuttgart im Pokalfinale: Mit so vielen Fans in Berlin rechnet der VfB\" src=\"https:\/\/www.europesays.com\/de\/wp-content\/uploads\/2026\/05\/media.media.03b1d7a4-4aa0-440e-8f5f-461be7e350fb.16x9_700.jpg\" data-linkto=\"https:\/\/www.stuttgarter-nachrichten.de\/javascript:void(0);\"\/>\t\t\t\t\t\t\t\t\t\t\t\t\t\t\t\t\t\t\t\t\t\t\t\tDie VfB-Fans werden scharenweise nach Berlin reisen.\u00a0Foto: Baumann\/Hansi Britsch\t\t\t<\/p>\n<p>Zehntausende Stuttgarter machen sich in den kommenden Tagen auf den Weg in die Hauptstadt zum Finale um den DFB-Pokal gegen den FC Bayern.<\/p>\n<p>Die Blicke gehen nach Berlin. Etliche <a href=\"https:\/\/www.stuttgarter-nachrichten.de\/thema\/Fans\" title=\"Fans\" class=\"art_thema\" rel=\"nofollow noopener\" target=\"_blank\">Fans<\/a> des <a href=\"https:\/\/www.stuttgarter-nachrichten.de\/thema\/VfB_Stuttgart\" title=\"VfB Stuttgart\" class=\"art_thema\" rel=\"nofollow noopener\" target=\"_blank\">VfB Stuttgart<\/a> werden sich in den kommenden Tagen auf den Weg in die Hauptstadt machen, wo am Samstag (20 Uhr) das <a href=\"https:\/\/www.stuttgarter-nachrichten.de\/thema\/Finale\" title=\"Finale\" class=\"art_thema\" rel=\"nofollow noopener\" target=\"_blank\">Finale<\/a> um den <a href=\"https:\/\/www.stuttgarter-nachrichten.de\/thema\/DFB-Pokal\" title=\"DFB-Pokal\" class=\"art_thema\" rel=\"nofollow noopener\" target=\"_blank\">DFB-Pokal<\/a> gegen den FC Bayern steigt. Wie der VfB auf Nachfrage mitteilt, geht der Verein von sch\u00e4tzungsweise 30.000 Stuttgarter Fans am Wochenende in Berlin aus.<\/p>\n<p>Fanfest und U19-Finale am Freitag <\/p>\n<p>Diese Zahl umfasst auch Anh\u00e4nger, die ohne Ticket in die Hauptstadt reisen. Der Verein hat rund 24.000 Karten erhalten, wovon aber nach Informationen unserer Redaktion auch einige Tausend in ein clubinternes Kontingent gegangen sind. Nicht genau beziffern l\u00e4sst sich die Zahl der VfB-Fans, die Tickets \u00fcber den Verkauf des DFB erworben haben. Dieser endete allerdings in diesem Jahr bereits vor den Halbfinal-Spielen.<\/p>\n<p>Auch Anh\u00e4ngern ohne Ticket f\u00fcr das Spiel d\u00fcrfte es in Berlin nicht langweilig werden. Am Freitagnachmittag beginnt das zweit\u00e4gige VfB-Fanfest auf dem Alexanderplatz, am Freitag um 17 Uhr spielt zudem die U19 des VfB im Potsdamer Karl-Liebknecht-Stadion gegen den VfL Wolfsburg um den DFB-Pokal. Am Samstagabend besteht schlie\u00dflich die M\u00f6glichkeit zum Public Viewing in einem der vielen Bierg\u00e4rten.<\/p>\n","protected":false},"excerpt":{"rendered":"Die VfB-Fans werden scharenweise nach Berlin reisen.\u00a0Foto: Baumann\/Hansi Britsch Zehntausende Stuttgarter machen sich in den kommenden Tagen auf&hellip;\n","protected":false},"author":2,"featured_media":1030217,"comment_status":"","ping_status":"","sticky":false,"template":"","format":"standard","meta":{"footnotes":"","_share_on_mastodon":"0"},"categories":[1830],"tags":[1634,3364,29,1264,1002,206277,2665,30,1441,2915],"class_list":["post-1030216","post","type-post","status-publish","format-standard","has-post-thumbnail","category-stuttgart","tag-baden-wuerttemberg","tag-de","tag-deutschland","tag-dfb-pokal","tag-fans","tag-fcbvfb","tag-finale","tag-germany","tag-stuttgart","tag-vfb-stuttgart"],"share_on_mastodon":{"url":"https:\/\/pubeurope.com\/@de\/116600118044799950","error":""},"_links":{"self":[{"href":"https:\/\/www.europesays.com\/de\/wp-json\/wp\/v2\/posts\/1030216","targetHints":{"allow":["GET"]}}],"collection":[{"href":"https:\/\/www.europesays.com\/de\/wp-json\/wp\/v2\/posts"}],"about":[{"href":"https:\/\/www.europesays.com\/de\/wp-json\/wp\/v2\/types\/post"}],"author":[{"embeddable":true,"href":"https:\/\/www.europesays.com\/de\/wp-json\/wp\/v2\/users\/2"}],"replies":[{"embeddable":true,"href":"https:\/\/www.europesays.com\/de\/wp-json\/wp\/v2\/comments?post=1030216"}],"version-history":[{"count":0,"href":"https:\/\/www.europesays.com\/de\/wp-json\/wp\/v2\/posts\/1030216\/revisions"}],"wp:featuredmedia":[{"embeddable":true,"href":"https:\/\/www.europesays.com\/de\/wp-json\/wp\/v2\/media\/1030217"}],"wp:attachment":[{"href":"https:\/\/www.europesays.com\/de\/wp-json\/wp\/v2\/media?parent=1030216"}],"wp:term":[{"taxonomy":"category","embeddable":true,"href":"https:\/\/www.europesays.com\/de\/wp-json\/wp\/v2\/categories?post=1030216"},{"taxonomy":"post_tag","embeddable":true,"href":"https:\/\/www.europesays.com\/de\/wp-json\/wp\/v2\/tags?post=1030216"}],"curies":[{"name":"wp","href":"https:\/\/api.w.org\/{rel}","templated":true}]}}