{"id":103037,"date":"2025-05-11T20:55:27","date_gmt":"2025-05-11T20:55:27","guid":{"rendered":"https:\/\/www.europesays.com\/de\/103037\/"},"modified":"2025-05-11T20:55:27","modified_gmt":"2025-05-11T20:55:27","slug":"abschiedstour-die-toten-hosen-kommen-2026-nach-hamburg","status":"publish","type":"post","link":"https:\/\/www.europesays.com\/de\/103037\/","title":{"rendered":"Abschiedstour? Die Toten Hosen kommen 2026 nach Hamburg"},"content":{"rendered":"<p><strong>Sie sind zur\u00fcck! Mit einem dreimin\u00fctigen Video k\u00fcndigten die Toten Hosen f\u00fcr kommendes Jahr eine Deutschland-Tour an. Auch in Hamburg macht die Band Halt. Eine Andeutung in dem Video macht den Fans allerdings gro\u00dfe Sorgen: Ist nach dieser Tour etwa Schluss?<\/strong><\/p>\n<p>Dieses <a href=\"https:\/\/www.dth.de\/\" target=\"_blank\" rel=\"noopener\">Video<\/a> lief bei Toten-Hosen-Fans am Sonntag wahrscheinlich in Dauerschleife: Gelassen sitzen Toten-Hosen-S\u00e4nger Campino und der Hamburger Schauspieler Charly H\u00fcbner nebeneinander in Campingst\u00fchlen am Rheinufer. Ein Bier in der einen Hand, eine Angelrute in der anderen. \u201eBevor du jetzt was sagst \u2026 wir gehen nochmal auf Tour n\u00e4chstes Jahr\u201c, sagt Campino zu H\u00fcbner. \u201eAch echt?\u201c, erwidert H\u00fcbner verdutzt. Ja, echt!<\/p>\n<p>Die Toten Hosen im August 2026 in Hamburg<\/p>\n<p>Nach l\u00e4ngerer Pause sind Die Toten Hosen zur\u00fcck und schauen im kommenden Jahr in zahlreichen deutschen St\u00e4dten vorbei. Auch Hamburg ist darunter. Hier steht die Band am 27. August 2026 auf der B\u00fchne der Trabrennbahn in Bahrenfeld.<\/p>\n<p>Eigentlich ein Grund zur Freude \u2013 oder? Eine Szene in dem Video k\u00f6nnte den Fans n\u00e4mlich gro\u00dfe Sorgen bereiten: Wie die Tour denn hei\u00dfen soll, m\u00f6chte H\u00fcbner wissen. \u201eTrink aus! Wir m\u00fcssen gehen\u201c, lautet die Antwort von Campino. \u201eOkay, das klingt schon ein bisschen wie \u2013\u201c, beginnt H\u00fcbner. Doch eine Antwort bleiben Campino und H\u00fcbner den Fans schuldig. Diese bef\u00fcrchten Schlimmstes: \u201eDas h\u00f6rt sich ja nach Abschiedstour an\u201c, schreibt ein Fan auf Instagram. Auch andere Fans bef\u00fcrchten nach mehr als vier Jahrzehnten Bandbestehen das \u201ebittere Ende\u201c. Die Band \u00e4u\u00dferte sich dazu bislang noch nicht. Der Ticketverkauf startet am 14. Mai 2025 um 18 Uhr auf der Homepage der Band. <\/p>\n<p><strong>Das k\u00f6nnte Sie auch interessieren:<\/strong> <a href=\"https:\/\/mopop.de\/news\/springsteens-bandchef-haelfte-des-publikums-verloren-29002\" target=\"_blank\" rel=\"noopener\">Springsteens Bandchef: \u201eH\u00e4lfte des Publikums verloren\u201c<\/a><\/p>\n<p>Bis sie sich auf Deutschland-Tour begeben, sind die Toten Hosen in diesem Jahr auch noch f\u00fcr ihre \u201eKeep Calm and Carry On\u201c-Tour im europ\u00e4ischen Ausland unterwegs. Insgesamt sind sieben Konzerte in verschiedenen europ\u00e4ischen St\u00e4dten geplant, darunter Stockholm, Warschau, London, Paris, Amsterdam und Br\u00fcssel.<\/p>\n","protected":false},"excerpt":{"rendered":"Sie sind zur\u00fcck! Mit einem dreimin\u00fctigen Video k\u00fcndigten die Toten Hosen f\u00fcr kommendes Jahr eine Deutschland-Tour an. Auch&hellip;\n","protected":false},"author":2,"featured_media":103038,"comment_status":"","ping_status":"","sticky":false,"template":"","format":"standard","meta":{"footnotes":""},"categories":[1826],"tags":[29,2314,30,692,40817,2884,40818,40819],"class_list":{"0":"post-103037","1":"post","2":"type-post","3":"status-publish","4":"format-standard","5":"has-post-thumbnail","7":"category-hamburg","8":"tag-deutschland","9":"tag-featured","10":"tag-germany","11":"tag-hamburg","12":"tag-toten-hosen","13":"tag-tour","14":"tag-trabrennbahn","15":"tag-trink-aus-wir-muessen-gehen"},"share_on_mastodon":{"url":"https:\/\/pubeurope.com\/@de\/114491196896682082","error":""},"_links":{"self":[{"href":"https:\/\/www.europesays.com\/de\/wp-json\/wp\/v2\/posts\/103037","targetHints":{"allow":["GET"]}}],"collection":[{"href":"https:\/\/www.europesays.com\/de\/wp-json\/wp\/v2\/posts"}],"about":[{"href":"https:\/\/www.europesays.com\/de\/wp-json\/wp\/v2\/types\/post"}],"author":[{"embeddable":true,"href":"https:\/\/www.europesays.com\/de\/wp-json\/wp\/v2\/users\/2"}],"replies":[{"embeddable":true,"href":"https:\/\/www.europesays.com\/de\/wp-json\/wp\/v2\/comments?post=103037"}],"version-history":[{"count":0,"href":"https:\/\/www.europesays.com\/de\/wp-json\/wp\/v2\/posts\/103037\/revisions"}],"wp:featuredmedia":[{"embeddable":true,"href":"https:\/\/www.europesays.com\/de\/wp-json\/wp\/v2\/media\/103038"}],"wp:attachment":[{"href":"https:\/\/www.europesays.com\/de\/wp-json\/wp\/v2\/media?parent=103037"}],"wp:term":[{"taxonomy":"category","embeddable":true,"href":"https:\/\/www.europesays.com\/de\/wp-json\/wp\/v2\/categories?post=103037"},{"taxonomy":"post_tag","embeddable":true,"href":"https:\/\/www.europesays.com\/de\/wp-json\/wp\/v2\/tags?post=103037"}],"curies":[{"name":"wp","href":"https:\/\/api.w.org\/{rel}","templated":true}]}}