{"id":1030382,"date":"2026-05-19T09:12:20","date_gmt":"2026-05-19T09:12:20","guid":{"rendered":"https:\/\/www.europesays.com\/de\/1030382\/"},"modified":"2026-05-19T09:12:20","modified_gmt":"2026-05-19T09:12:20","slug":"kritik-an-kirchengemeinde-grabstein-von-pfarrerin-landet-auf-dem-muell-regional","status":"publish","type":"post","link":"https:\/\/www.europesays.com\/de\/1030382\/","title":{"rendered":"Kritik an Kirchengemeinde: Grabstein von Pfarrerin landet auf dem M\u00fcll | Regional"},"content":{"rendered":"<p><a class=\"skip-content skip-content--link\" href=\"#in-content-skip-link-target-v-0-0\">TTS-Player \u00fcberspringen\u21b5<\/a><a id=\"in-content-skip-link-target-v-0-0\" class=\"skip-content--target-link-hidden skip-content skip-content--target-link\" href=\"#in-content-skip-link-target-v-0-0\">Artikel weiterlesen<\/a><\/p>\n<p data-780e759e=\"0-1407\">Berlin \u2013 <b>Der Fl\u00fcgel des Engels zerbrochen, der Grabstein von Dr. Margarete Stirm versinkt im Matsch. 33 Jahre diente sie als Pfarrerin in der evangelischen Johanneskirche. Jetzt landete ihr Grabstein achtlos auf dem Schuttplatz des Friedhofs im Berliner Ortsteil Frohnau. Eine ehemalige Konfirmandin will ihn retten, um die Pfarrerin zu ehren. <\/b><\/p>\n<p data-780e759e=\"0-1407\">Pfarrerin Dr. Margarete Stirm (1930-2004) wirkte von 1962 bis 1995 an der Johanneskirche. Sie ist bis heute die am l\u00e4ngsten amtierende Pfarrerin der Gemeinde. Beerdigt wurde sie auf dem Friedhof Frohnau an der Hainbuchstra\u00dfe. Unternehmerin Eluise Groszkopf, die in Frohnau aufwuchs, hatte eine ganz besondere Verbindung zur Pfarrerin. \u201eIch wurde von ihr konfirmiert\u201c, sagt sie. 1978, da war sie 14 Jahre alt. Als junge Erwachsene trat sie aus der Kirche aus. 1999 fand sie nach dem Tod ihrer Gro\u00dfmutter wieder zur Kirche zur\u00fcck. <\/p>\n<p>Grabstein der Pfarrerin lag auf dem Schuttplatz<\/p>\n<p data-780e759e=\"0-1407\">\u201ePfarrerin Stirm hat mich mit vielen Gespr\u00e4chen auf diesem Weg begleitet\u201c, sagt Eluise Groszkopf. \u201eAn ihrem letzten Sonntags-Gottesdienst hat sie mich mit zitternden H\u00e4nden beim Wiedereintritts-Gottesdienst gesegnet.\u201c Nachdem die Pfarrerin starb, hat Eluise Groszkopf regelm\u00e4\u00dfig das Grab aufgesucht, um dort zu beten. Im April stellte sie mit Entsetzen fest, dass das Grab ger\u00e4umt worden war. Den Grabstein fand sie achtlos entsorgt auf dem Schuttplatz des Friedhofs. <\/p>\n<p><img decoding=\"async\" width=\"992\" height=\"558\" alt=\"1999: Eluise Groszkopf (damals 35) und Pfarrerin Dr. Margarete Stirm (damals 69) nach dem Wiedereintritts-Gottesdienst\" src=\"https:\/\/www.europesays.com\/de\/wp-content\/uploads\/2026\/05\/675c206708c4634475c29a89a6d36508,5d0a4324.jpeg\"   class=\"landscape\" loading=\"lazy\" useforarticleimagegallerylightbox=\"true\"\/><\/p>\n<p class=\"fig__caption__text\">1999: Eluise Groszkopf (damals 35) und Pfarrerin Dr. Margarete Stirm (damals 69) nach dem Wiedereintritts-Gottesdienst <\/p>\n<p>Foto: Privat<\/p>\n<p data-780e759e=\"0-1407\">Pfarrerin Stirm war eine kleine Frau mit einem gro\u00dfen Herzen und blieb auch nach ihrer Pensionierung in der Kirchengemeinde aktiv. \u201eSie war tief in ihrem Glauben verhaftet, aber gleichzeitig weltoffen und modern\u201c, beschreibt sie Eluise Groszkopf. Und die ehemalige Gymnasiallehrerin Christel Kuke (77), die 1963 von ihr konfirmiert wurde, erg\u00e4nzt: \u201eAls ich mal Mist gebaut habe, hat sie nicht geschimpft, sondern mich nur still angeschaut. Den Blick sp\u00fcre ich noch heute.\u201c Pfarrerin Stirm ging mit der Zeit, lie\u00df 1981 einen Aufzug in die Kirche einbauen. Vor 50 Jahren gr\u00fcndete sie einen bis heute aktiven Verein zur F\u00f6rderung des Gemeindeaufbaus. <\/p>\n<p><img decoding=\"async\" width=\"992\" height=\"558\" alt=\"Pfarrerin Dr. Margarete Stirm (damals 33) gratuliert Konfirmandin Christel Kuke (damals\" src=\"https:\/\/www.europesays.com\/de\/wp-content\/uploads\/2026\/05\/4f71319447c9d497798de247f55098ae,90cd86b0.jpeg\"   class=\"landscape\" loading=\"lazy\" useforarticleimagegallerylightbox=\"true\"\/><\/p>\n<p class=\"fig__caption__text\">Pfarrerin Dr. Margarete Stirm (damals 33) gratuliert Konfirmandin Christel Kuke (damals 13)<\/p>\n<p>Foto: Privat<\/p>\n<p>Pfarrerin hat viel geleistet<\/p>\n<p data-780e759e=\"1408-2638\">\u201eSie hat so viel geleistet f\u00fcr die Gemeinde \u2013 und das Vergessen nicht verdient\u201c, sagt Groszkopf und schrieb an die Evangelische Kirchengemeinde Frohnau. Diese antworteten per Mail: \u201eEs ist bedauerlich, wenn mit Grabsteinen ber\u00e4umter Gr\u00e4ber nicht angemessen respektvoll und ehrend umgegangen wird, insbesondere wenn es sich um eine verdiente Person unserer Gemeinde handelt.\u201c Die Kirche verweist auf die Friedhofsordnung. Demnach sei die Familie f\u00fcr die Grabst\u00e4tte zust\u00e4ndig. Nach 20 Jahren erlischt das Nutzungsrecht und die Friedhofsverwaltung ist berechtigt, die Grabst\u00e4tte abzur\u00e4umen. <\/p>\n<p><img decoding=\"async\" width=\"992\" height=\"558\" alt=\"Eluise Groszkopf (62, l.) und Christel Kuke (77, r.) vor der Kapelle des Friedhof Frohnau\" src=\"https:\/\/www.europesays.com\/de\/wp-content\/uploads\/2026\/05\/68e9f387c0a53817d6c9c943d6522d76,fef88c20.jpeg\"   class=\"landscape\" loading=\"lazy\" useforarticleimagegallerylightbox=\"true\"\/><\/p>\n<p class=\"fig__caption__text\">Eluise Groszkopf (62, l.) und Christel Kuke (77, r.) vor der Kapelle des Friedhofs Frohnau <\/p>\n<p>Foto: Fabian Matzerath\/BILD<\/p>\n<p data-780e759e=\"2639-3518\">Eluise Groszkopf hat daf\u00fcr kein Verst\u00e4ndnis: \u201eDie evangelische Kirche verwehrt sich einer Rettung des Steins mit Verweis auf die Zust\u00e4ndigkeit der Familie. Dabei galt f\u00fcr Pfarrerinnen bis 1976 das Z\u00f6libat. Verheiratete Frauen durften laut Klausel kein Pfarramt aus\u00fcben.\u201c Margarete Stirm musste sich zwischen Ehe und Familie oder dem Pfarramt entscheiden. Die Theologin entschied sich f\u00fcr den Kirchendienst. \u201eHeute nutzt die Gemeinde das als Argument. Sie will sich nicht um das Andenken ihrer Pionierin k\u00fcmmern\u201c, sagt Frau Groszkopf. <\/p>\n<p data-780e759e=\"2639-3518\">Sie hat nun der Gemeinde vorgeschlagen, den Grabstein zur Johanneskirche transportieren zu lassen, um ihn dort aufzustellen. Bisher blieb ihr Vorschlag unbeantwortet. Die Pressestelle der Evangelischen Kirche <a href=\"https:\/\/www.bild.de\/regional\/berlin\/berlin-regional\/home-15823246.bild.html\" class=\"text-link\" rel=\"nofollow noopener\" target=\"_blank\">Berlin<\/a>-Brandenburg antwortete auf BILD-Nachfrage: \u201eIhre Anfrage k\u00f6nnen wir leider nicht beantworten.\u201c <\/p>\n","protected":false},"excerpt":{"rendered":"TTS-Player \u00fcberspringen\u21b5Artikel weiterlesen Berlin \u2013 Der Fl\u00fcgel des Engels zerbrochen, der Grabstein von Dr. Margarete Stirm versinkt im&hellip;\n","protected":false},"author":2,"featured_media":1030383,"comment_status":"","ping_status":"","sticky":false,"template":"","format":"standard","meta":{"footnotes":"","_share_on_mastodon":"0"},"categories":[1825],"tags":[8296,3274,296,29,200473,30],"class_list":["post-1030382","post","type-post","status-publish","format-standard","has-post-thumbnail","category-berlin","tag-friedhof","tag-kirche","tag-berlin","tag-deutschland","tag-frohnau","tag-germany"],"share_on_mastodon":{"url":"https:\/\/pubeurope.com\/@de\/116600474964238051","error":""},"_links":{"self":[{"href":"https:\/\/www.europesays.com\/de\/wp-json\/wp\/v2\/posts\/1030382","targetHints":{"allow":["GET"]}}],"collection":[{"href":"https:\/\/www.europesays.com\/de\/wp-json\/wp\/v2\/posts"}],"about":[{"href":"https:\/\/www.europesays.com\/de\/wp-json\/wp\/v2\/types\/post"}],"author":[{"embeddable":true,"href":"https:\/\/www.europesays.com\/de\/wp-json\/wp\/v2\/users\/2"}],"replies":[{"embeddable":true,"href":"https:\/\/www.europesays.com\/de\/wp-json\/wp\/v2\/comments?post=1030382"}],"version-history":[{"count":0,"href":"https:\/\/www.europesays.com\/de\/wp-json\/wp\/v2\/posts\/1030382\/revisions"}],"wp:featuredmedia":[{"embeddable":true,"href":"https:\/\/www.europesays.com\/de\/wp-json\/wp\/v2\/media\/1030383"}],"wp:attachment":[{"href":"https:\/\/www.europesays.com\/de\/wp-json\/wp\/v2\/media?parent=1030382"}],"wp:term":[{"taxonomy":"category","embeddable":true,"href":"https:\/\/www.europesays.com\/de\/wp-json\/wp\/v2\/categories?post=1030382"},{"taxonomy":"post_tag","embeddable":true,"href":"https:\/\/www.europesays.com\/de\/wp-json\/wp\/v2\/tags?post=1030382"}],"curies":[{"name":"wp","href":"https:\/\/api.w.org\/{rel}","templated":true}]}}