{"id":103049,"date":"2025-05-11T21:01:11","date_gmt":"2025-05-11T21:01:11","guid":{"rendered":"https:\/\/www.europesays.com\/de\/103049\/"},"modified":"2025-05-11T21:01:11","modified_gmt":"2025-05-11T21:01:11","slug":"berlin-5-000-menschen-radeln-gegen-ausbau-der-a100-durch-berlin","status":"publish","type":"post","link":"https:\/\/www.europesays.com\/de\/103049\/","title":{"rendered":"Berlin: 5.000 Menschen radeln gegen Ausbau der A100 durch Berlin"},"content":{"rendered":"<p class=\"metatextline\">Stand: 11.05.2025 20:08 Uhr<\/p>\n<p class=\"textabsatz columns twelve  m-ten  m-offset-one l-eight l-offset-two\">\n        <strong>Der geplante weitere Ausbau der Berliner Stadtautobahn A100 ist umstritten. Mit einer Fahrrademo haben Gegner des Ausbaus gegen die Pl\u00e4ne demonstriert. Die Route f\u00fchrte auch ein St\u00fcck \u00fcber die Autobahn.<\/strong>\n    <\/p>\n<p class=\"textabsatz--contains-image  m-six l-five textabsatz columns twelve\">\nMit einer Fahrrad-Demonstration haben am Sonntag in Berlin und Tausende Teilnehmer gegen den geplanten Ausbau der Berliner Stadtautobahn A100 demonstriert. Laut Polizei beteiligten sich rund 5.000 Menschen.<br \/>\u00a0<br \/>Die Demonstrationsroute f\u00fchrte nach Angaben des &#8222;Aktionsb\u00fcndnisses A100 stoppen&#8220; unter anderem \u00fcber die Friedrichstra\u00dfe, Oranienstra\u00dfe und Hermannstra\u00dfe und auch ein St\u00fcck \u00fcber die A100. Die Autobahn sollte deshalb nach Angaben der Verkehrsinformationszentrale zwischen Britzer und Tempelhofer Damm in beide Richtungen vor\u00fcbergehend gesperrt werden.<\/p>\n<p class=\"textabsatz m-ten m-offset-one l-eight l-offset-two columns twelve\">\nDie Route f\u00fchrte anschlie\u00dfend vorbei am Tempelhofer Feld, wo eine Zwischenkundgebung geplant war, unter anderem \u00fcber den Mehringdamm und zur\u00fcck zum Brandenburger Tor.<\/p>\n<p>            <img loading=\"lazy\" decoding=\"async\" class=\"ts-image\" src=\"https:\/\/www.europesays.com\/de\/wp-content\/uploads\/2025\/05\/rbb-video-rbb24-abendschau-28-04-2025-arndt-breitfeld-100.jpg\" alt=\"Zwei Arbeiter gehen auf der noch nicht markierten Fahrbahn der Erweiterung der Stadtautobahn A100 zwischen Autobahndreieck Neuk\u00f6lln und Anschlussstelle Treptower Park. (Quelle: dpa\/Soeren Stache)\" title=\"Video: rbb24 Abendschau | 28.04.2025 | Arndt Breitfeld  | dpa\/Soeren Stache\"\/><\/p>\n<p>Neuer Abschnitt der Berliner A100 soll erst im September er\u00f6ffnen<\/p>\n<p>            Seit Jahren wird an der Verl\u00e4ngerung der A100 im Berliner S\u00fcdosten gebaut, mehrfach wurden geplante Fertigstellungstermine verschoben. Nun soll es im September soweit sein, dass Autos \u00fcber den 16. Abschnitt von Neuk\u00f6lln bis Treptow fahren k\u00f6nnen.<a href=\"https:\/\/www.rbb24.de\/panorama\/beitrag\/2025\/04\/berlin-a100-verzoegerung-abschnitt-16-betrieb-ab-september-.html\" title=\"mehr\" class=\"textlink--extern\" target=\"_blank\" rel=\"noopener nofollow\">mehr<\/a><\/p>\n<p>    16. Bauabschnitt der Autobahn soll im September er\u00f6ffnen<\/p>\n<p class=\"textabsatz--contains-image  m-six l-five textabsatz columns twelve\">\nSeit Jahren wird an der Verl\u00e4ngerung der A100 im Berliner S\u00fcdosten gebaut. Nach mehreren Verz\u00f6gerungen soll der 16. Bauabschnitt vom Autobahndreieck Neuk\u00f6lln bis zur Anschlussstelle am Treptower Park <a href=\"https:\/\/www.rbb24.de\/panorama\/beitrag\/2025\/04\/berlin-a100-verzoegerung-abschnitt-16-betrieb-ab-september-.html\" title=\"Anfang September er\u00f6ffnet werden.\" class=\"textlink--extern\" target=\"_blank\" rel=\"noopener nofollow\">Anfang September er\u00f6ffnet werden.<\/a><br \/>\u00a0<br \/>Ein 17. Bauabschnitt soll nach Pl\u00e4nen des Bundesverkehrsministeriums vom Treptower Park \u00fcber die Spree und durch Friedrichshain Richtung Lichtenberg f\u00fchren. Noch ist allerdings offen, ob die Pl\u00e4ne daf\u00fcr \u00fcberhaupt umgesetzt werden.<\/p>\n<p class=\"absatzbild__info__text\">\n                        M\u00f6glicher Verlauf des geplanten 17. Bauabschnitts der A100\n                    <\/p>\n<p class=\"textabsatz m-ten m-offset-one l-eight l-offset-two columns twelve\">\nSendung: rbb24 Inforadio, 11.05.2025, 16 Uhr<\/p>\n<p>                                        <a class=\"backlink__link\" href=\"https:\/\/www.rbb24.de\/panorama\/beitrag\/2025\/05\/berlin-fahrradkorso-demonstration-ausbau-a100.html\" rel=\"nofollow noopener\" target=\"_blank\"><\/p>\n<p>                                                <img loading=\"lazy\" decoding=\"async\" alt=\"Rundfunk Berlin-Brandenburg\" src=\"https:\/\/www.europesays.com\/de\/wp-content\/uploads\/2025\/04\/1745108282_195_lra-rbb-logo-100.svg.svg+xml\" height=\"40\" width=\"40\"\/><\/p>\n<p>                                        <\/a><\/p>\n","protected":false},"excerpt":{"rendered":"Stand: 11.05.2025 20:08 Uhr Der geplante weitere Ausbau der Berliner Stadtautobahn A100 ist umstritten. Mit einer Fahrrademo haben&hellip;\n","protected":false},"author":2,"featured_media":103050,"comment_status":"","ping_status":"","sticky":false,"template":"","format":"standard","meta":{"footnotes":""},"categories":[1825],"tags":[296,29,30,2239],"class_list":{"0":"post-103049","1":"post","2":"type-post","3":"status-publish","4":"format-standard","5":"has-post-thumbnail","7":"category-berlin","8":"tag-berlin","9":"tag-deutschland","10":"tag-germany","11":"tag-rbb"},"share_on_mastodon":{"url":"https:\/\/pubeurope.com\/@de\/114491220554027032","error":""},"_links":{"self":[{"href":"https:\/\/www.europesays.com\/de\/wp-json\/wp\/v2\/posts\/103049","targetHints":{"allow":["GET"]}}],"collection":[{"href":"https:\/\/www.europesays.com\/de\/wp-json\/wp\/v2\/posts"}],"about":[{"href":"https:\/\/www.europesays.com\/de\/wp-json\/wp\/v2\/types\/post"}],"author":[{"embeddable":true,"href":"https:\/\/www.europesays.com\/de\/wp-json\/wp\/v2\/users\/2"}],"replies":[{"embeddable":true,"href":"https:\/\/www.europesays.com\/de\/wp-json\/wp\/v2\/comments?post=103049"}],"version-history":[{"count":0,"href":"https:\/\/www.europesays.com\/de\/wp-json\/wp\/v2\/posts\/103049\/revisions"}],"wp:featuredmedia":[{"embeddable":true,"href":"https:\/\/www.europesays.com\/de\/wp-json\/wp\/v2\/media\/103050"}],"wp:attachment":[{"href":"https:\/\/www.europesays.com\/de\/wp-json\/wp\/v2\/media?parent=103049"}],"wp:term":[{"taxonomy":"category","embeddable":true,"href":"https:\/\/www.europesays.com\/de\/wp-json\/wp\/v2\/categories?post=103049"},{"taxonomy":"post_tag","embeddable":true,"href":"https:\/\/www.europesays.com\/de\/wp-json\/wp\/v2\/tags?post=103049"}],"curies":[{"name":"wp","href":"https:\/\/api.w.org\/{rel}","templated":true}]}}