{"id":1030544,"date":"2026-05-19T10:44:21","date_gmt":"2026-05-19T10:44:21","guid":{"rendered":"https:\/\/www.europesays.com\/de\/1030544\/"},"modified":"2026-05-19T10:44:21","modified_gmt":"2026-05-19T10:44:21","slug":"das-ist-der-deutschland-kader-der-tm-user-grosser-bayern-block-wie-2014","status":"publish","type":"post","link":"https:\/\/www.europesays.com\/de\/1030544\/","title":{"rendered":"Das ist der Deutschland-Kader der TM-User \u2013 Gro\u00dfer Bayern-Block wie 2014"},"content":{"rendered":"<p>Ohne Neuer und San\u00e9\u00a0<\/p>\n<p>                                    <img decoding=\"async\" src=\"https:\/\/www.europesays.com\/de\/wp-content\/uploads\/2026\/05\/wm-kader-tm-user-2026-1779182592-197250.jpg\" title=\"Das ist der Deutschland-Kader der TM-User \u2013 Gro\u00dfer Bayern-Block wie 2014\" alt=\"Das ist der Deutschland-Kader der TM-User \u2013 Gro\u00dfer Bayern-Block wie 2014\"\/><\/p>\n<p>\n                                       \u00a9Transfermarkt\n                                    <\/p>\n<p>Am 21. Mai pr\u00e4sentiert Bundestrainer <a title=\"Julian Nagelsmann\" href=\"https:\/\/www.transfermarkt.de\/julian-nagelsmann\/profil\/trainer\/8402\" target=\"_blank\" rel=\"nofollow noopener\">Julian Nagelsmann<\/a> das 26-k\u00f6pfige <a title=\"Deutschland\" href=\"https:\/\/www.transfermarkt.de\/deutschland\/startseite\/verein\/3262\" target=\"_blank\" rel=\"nofollow noopener\">DFB-Team<\/a> f\u00fcr die <a title=\"Weltmeisterschaft\" href=\"https:\/\/www.transfermarkt.de\/weltmeisterschaft\/startseite\/wettbewerb\/FIWC\" target=\"_blank\" rel=\"nofollow noopener\">WM 2026<\/a>. Mit dem <a href=\"https:\/\/www.transfermarkt.de\/userkader\/index\/userkader\/FIWC\" target=\"_blank\" rel=\"nofollow noopener\">Transfermarkt-Kadertool haben seit April weit \u00fcber 100.000 TM-User ihren eigenen Deutschland-Kader aufgestellt<\/a> \u2013 wir zeigen euch die 26 Spieler, die am h\u00e4ufigsten nominiert wurden. Stellt die Schwarmintelligenz ein besseres Team zusammen als der Bundestrainer?<\/p>\n<p><\/p>\n<p>    <img loading=\"lazy\" decoding=\"async\" class=\"innews\" src=\"https:\/\/www.europesays.com\/de\/wp-content\/uploads\/2026\/05\/wm-kader-tm-user-2026-innews-1779182643-197251.jpg\" alt=\"So w\u00fcrden die TM-User den deutschen WM-Kader zusammenstellen!\" width=\"503\" height=\"629\"\/><\/p>\n<p>Bei den TM-Usern schaffte es ein Bayern-Torwart in den Kader, allerdings nicht <a title=\"Manuel Neuer\" href=\"https:\/\/www.transfermarkt.de\/manuel-neuer\/profil\/spieler\/17259\" target=\"_blank\" rel=\"nofollow noopener\">Manuel Neuer<\/a>, sondern <a title=\"Jonas Urbig\" href=\"https:\/\/www.transfermarkt.de\/jonas-urbig\/profil\/spieler\/607720\" target=\"_blank\" rel=\"nofollow noopener\">Jonas Urbig<\/a>. Die meisten Stimmen unter den Torh\u00fctern entfielen auf <a title=\"Oliver Baumann\" href=\"https:\/\/www.transfermarkt.de\/oliver-baumann\/profil\/spieler\/55089\" target=\"_blank\" rel=\"nofollow noopener\">Oliver Baumann<\/a> von der TSG Hoffenheim und Stuttgarts Bayern-Leihe <a title=\"Alexander N\u00fcbel\" href=\"https:\/\/www.transfermarkt.de\/alexander-n-bel\/profil\/spieler\/195778\" target=\"_blank\" rel=\"nofollow noopener\">Alexander N\u00fcbel<\/a> \u2013 auf den Pl\u00e4tzen vier und f\u00fcnf folgen <a title=\"Noah Atubolu\" href=\"https:\/\/www.transfermarkt.de\/noah-atubolu\/profil\/spieler\/526845\" rel=\"nofollow noopener\" target=\"_blank\">Noah Atubolu<\/a> und Neuer, der laut mehreren Medienberichten nun doch als Nummer eins zur WM fahren soll.<\/p>\n<p><a href=\"https:\/\/www.transfermarkt.de\/userkader\/index\/userkader\/FIWC\" target=\"_blank\" rel=\"nofollow noopener\"><br \/>\n    <img loading=\"lazy\" decoding=\"async\" class=\"innews\" src=\"https:\/\/www.europesays.com\/de\/wp-content\/uploads\/2026\/05\/kadertool-dfb-kader-innews-1778148642-196385.png\" alt=\"Stelle jetzt deinen eigenen WM-Kader zusammen!\" width=\"503\" height=\"176\"\/><\/p>\n<p><\/a><\/p>\n<p>Die beiden Spieler, die in den meisten User-Kadern nominiert wurden, sind Bayerns <a title=\"Jonathan Tah\" href=\"https:\/\/www.transfermarkt.de\/jonathan-tah\/profil\/spieler\/196357\" target=\"_blank\" rel=\"nofollow noopener\">Jonathan Tah<\/a> und BVB-Profi <a title=\"Nico Schlotterbeck\" href=\"https:\/\/www.transfermarkt.de\/nico-schlotterbeck\/profil\/spieler\/388198\" target=\"_blank\" rel=\"nofollow noopener\">Nico Schlotterbeck<\/a>. Die Dortmunder sind viermal vertreten \u2013 auch <a title=\"Waldemar Anton\" href=\"https:\/\/www.transfermarkt.de\/waldemar-anton\/profil\/spieler\/193004\" target=\"_blank\" rel=\"nofollow noopener\">Waldemar Anton<\/a> sowie <a title=\"Felix Nmecha\" href=\"https:\/\/www.transfermarkt.de\/felix-nmecha\/profil\/spieler\/406640\" target=\"_blank\" rel=\"nofollow noopener\">Felix Nmecha<\/a> und <a title=\"Karim Adeyemi\" href=\"https:\/\/www.transfermarkt.de\/karim-adeyemi\/profil\/spieler\/496094\" target=\"_blank\" rel=\"nofollow noopener\">Karim Adeyemi<\/a> standen in der Gunst der Transfermarkt-Nutzer h\u00f6her als etwa <a title=\"Ridle Baku\" href=\"https:\/\/www.transfermarkt.de\/ridle-baku\/profil\/spieler\/327251\" target=\"_blank\" rel=\"nofollow noopener\">Ridle Baku<\/a> (Leipzig), <a title=\"Leroy San\u00e9\" href=\"https:\/\/www.transfermarkt.de\/leroy-san-\/profil\/spieler\/192565\" target=\"_blank\" rel=\"nofollow noopener\">Leroy San\u00e9<\/a> (Galatasaray) und <a title=\"Tom Bischof\" href=\"https:\/\/www.transfermarkt.de\/tom-bischof\/profil\/spieler\/822959\" target=\"_blank\" rel=\"nofollow noopener\">Tom Bischoff<\/a> (FC Bayern).<\/p>\n<p><\/p>\n<p>Die meisten Spieler stellt der Rekordmeister mit einem Siebenerblock \u2013 genauso wie bei der glorreichen Endrunde 2014 und bei den Debakeln 2018 und 2022. Zum Deb\u00fct bei einer Weltmeisterschaft w\u00fcrden die TM-User neben Urbig auch <a title=\"Aleksandar Pavlovic\" href=\"https:\/\/www.transfermarkt.de\/aleksandar-pavlovic\/profil\/spieler\/792380\" rel=\"nofollow noopener\" target=\"_blank\">Aleksandar Pavlovic<\/a>, <a title=\"Lennart Karl\" href=\"https:\/\/www.transfermarkt.de\/lennart-karl\/profil\/spieler\/1075147\" rel=\"nofollow noopener\" target=\"_blank\">Lennart Karl<\/a> und Tah verhelfen. Der Abwehrchef der Bayern schaffte es weder 2018 noch 2022 in den deutschen Kader und w\u00fcrde mit 30 erstmals auf der gr\u00f6\u00dften Fu\u00dfballb\u00fchne der Welt spielen.<\/p>\n<p><\/p>\n<p>F\u00fcr die f\u00fcnf nominierten Stuttgarter N\u00fcbel, <a title=\"Maximilian Mittelst\u00e4dt\" href=\"https:\/\/www.transfermarkt.de\/maximilian-mittelstadt\/profil\/spieler\/282660\" rel=\"nofollow noopener\" target=\"_blank\">Maximilian Mittelst\u00e4dt<\/a>, <a title=\"Angelo Stiller\" href=\"https:\/\/www.transfermarkt.de\/angelo-stiller\/profil\/spieler\/443710\" rel=\"nofollow noopener\" target=\"_blank\">Angelo Stiller<\/a>, <a title=\"Jamie Leweling\" href=\"https:\/\/www.transfermarkt.de\/jamie-leweling\/profil\/spieler\/518505\" rel=\"nofollow noopener\" target=\"_blank\">Jamie Leweling<\/a> und <a title=\"Deniz Undav\" href=\"https:\/\/www.transfermarkt.de\/deniz-undav\/profil\/spieler\/339314\" rel=\"nofollow noopener\" target=\"_blank\">Deniz Undav<\/a> w\u00e4re es ebenfalls eine WM-Premiere, so wie f\u00fcr insgesamt 18 Nationalspieler im 26er-Kader der Transfermarkt-Nutzer. Das gilt auch f\u00fcr den teuersten deutschen Fu\u00dfballer der Geschichte, <a title=\"Florian Wirtz\" href=\"https:\/\/www.transfermarkt.de\/florian-wirtz\/profil\/spieler\/598577\" rel=\"nofollow noopener\" target=\"_blank\">Florian Wirtz<\/a> (Liverpool), der die WM 2022 aufgrund eines Kreuzbandrisses verpasste.<\/p>\n<p><\/p>\n<p>Wirtz z\u00e4hlt neben <a title=\"Nick Woltemade\" href=\"https:\/\/www.transfermarkt.de\/nick-woltemade\/profil\/spieler\/455661\" rel=\"nofollow noopener\" target=\"_blank\">Nick Woltemade<\/a> (Newcastle), <a title=\"Malick Thiaw\" href=\"https:\/\/www.transfermarkt.de\/malick-thiaw\/profil\/spieler\/521964\" rel=\"nofollow noopener\" target=\"_blank\">Malick Thiaw<\/a> (Newcastle), <a title=\"Yann Bisseck\" href=\"https:\/\/www.transfermarkt.de\/yann-bisseck\/profil\/spieler\/441986\" rel=\"nofollow noopener\" target=\"_blank\">Yann Bisseck<\/a> (Inter), <a title=\"Kai Havertz\" href=\"https:\/\/www.transfermarkt.de\/kai-havertz\/profil\/spieler\/309400\" rel=\"nofollow noopener\" target=\"_blank\">Kai Havertz<\/a> (Arsenal) und <a title=\"Antonio R\u00fcdiger\" href=\"https:\/\/www.transfermarkt.de\/antonio-rudiger\/profil\/spieler\/86202\" rel=\"nofollow noopener\" target=\"_blank\">Antonio R\u00fcdiger<\/a> (Real Madrid) zu den sechs Legion\u00e4ren in diesem Team. R\u00fcdiger ist neben <a title=\"Leon Goretzka\" href=\"https:\/\/www.transfermarkt.de\/leon-goretzka\/profil\/spieler\/153084\" rel=\"nofollow noopener\" target=\"_blank\">Leon Goretzka<\/a> (Bayern) der einzige Spieler, der Stand heute einen am 30. Juni auslaufenden Vertrag hat.<\/p>\n<p><strong>Hinweis:<\/strong> Wenn du etwas googelst, bekommst du neben den normalen Ergebnissen auch eine Box mit aktuellen News angezeigt. Wenn du Transfermarkt als bevorzugte Quelle hinterlegst, tauchen unsere Inhalte dort h\u00e4ufiger f\u00fcr dich auf. <a title=\"Urspr\u00fcngliche URL: https:\/\/www.google.com\/preferences\/source?q=transfermarkt.de&amp;utm_source=Transfermarkt&amp;utm_medium=Transfermarkt_DE&amp;utm_campa. Klicken oder tippen Sie, wenn Sie diesem Link Vertrauen.\" href=\"https:\/\/deu01.safelinks.protection.outlook.com\/?url=https%3A%2F%2Fwww.google.com%2Fpreferences%2Fsource%3Fq%3Dtransfermarkt.de%26utm_source%3DTransfermarkt%26utm_medium%3DTransfermarkt_DE%26utm_campa&amp;data=05%7C02%7CMarius.Soyke%40transfermarkt.de%7Ca548a918266f4fa7aff008deb525ded2%7C0ab2a6c45b1847748a8f0699fc290b56%7C0%7C0%7C639147371412300995%7CUnknown%7CTWFpbGZsb3d8eyJFbXB0eU1hcGkiOnRydWUsIlYiOiIwLjAuMDAwMCIsIlAiOiJXaW4zMiIsIkFOIjoiTWFpbCIsIldUIjoyfQ%3D%3D%7C0%7C%7C%7C&amp;sdata=bITHomMvB3RSyjT71N3w%2F6Jl6qEr4eIJBycQ8XncFJw%3D&amp;reserved=0\" rel=\"nofollow noopener\" target=\"_blank\">F\u00fcge TM hier als bevorzugte Quelle hinzu<\/a>.<\/p>\n","protected":false},"excerpt":{"rendered":"Ohne Neuer und San\u00e9\u00a0 \u00a9Transfermarkt Am 21. Mai pr\u00e4sentiert Bundestrainer Julian Nagelsmann das 26-k\u00f6pfige DFB-Team f\u00fcr die WM&hellip;\n","protected":false},"author":2,"featured_media":1030545,"comment_status":"","ping_status":"","sticky":false,"template":"","format":"standard","meta":{"footnotes":"","_share_on_mastodon":"0"},"categories":[136],"tags":[48657,3569,3570,7093,888,24706,29,458,45760,12761,30,35856,4821,11199,2372,35855,48658,41106,64373,134625,26316,114446,1770,5973,8843,96014,265,2915,48656,7109,122855],"class_list":["post-1030544","post","type-post","status-publish","format-standard","has-post-thumbnail","category-sport","tag-aleksandar-pavlovic","tag-alexander-nuebel","tag-angelo-stiller","tag-antonio-ruediger","tag-borussia-dortmund","tag-david-raum","tag-deutschland","tag-fc-bayern-muenchen","tag-felix-nmecha","tag-florian-wirtz","tag-germany","tag-jamal-musiala","tag-jamie-leweling","tag-jonas-urbig","tag-jonathan-tah","tag-joshua-kimmich","tag-kai-havertz","tag-karim-adeyemi","tag-lennart-karl","tag-malick-thiaw","tag-maximilian-mittelstaedt","tag-nathaniel-brown","tag-nick-woltemade","tag-nico-schlotterbeck","tag-oliver-baumann","tag-said-el-mala","tag-sport","tag-vfb-stuttgart","tag-waldemar-anton","tag-weltmeisterschaft","tag-yann-bisseck"],"share_on_mastodon":{"url":"","error":"Validation failed: Text character limit of 500 exceeded"},"_links":{"self":[{"href":"https:\/\/www.europesays.com\/de\/wp-json\/wp\/v2\/posts\/1030544","targetHints":{"allow":["GET"]}}],"collection":[{"href":"https:\/\/www.europesays.com\/de\/wp-json\/wp\/v2\/posts"}],"about":[{"href":"https:\/\/www.europesays.com\/de\/wp-json\/wp\/v2\/types\/post"}],"author":[{"embeddable":true,"href":"https:\/\/www.europesays.com\/de\/wp-json\/wp\/v2\/users\/2"}],"replies":[{"embeddable":true,"href":"https:\/\/www.europesays.com\/de\/wp-json\/wp\/v2\/comments?post=1030544"}],"version-history":[{"count":0,"href":"https:\/\/www.europesays.com\/de\/wp-json\/wp\/v2\/posts\/1030544\/revisions"}],"wp:featuredmedia":[{"embeddable":true,"href":"https:\/\/www.europesays.com\/de\/wp-json\/wp\/v2\/media\/1030545"}],"wp:attachment":[{"href":"https:\/\/www.europesays.com\/de\/wp-json\/wp\/v2\/media?parent=1030544"}],"wp:term":[{"taxonomy":"category","embeddable":true,"href":"https:\/\/www.europesays.com\/de\/wp-json\/wp\/v2\/categories?post=1030544"},{"taxonomy":"post_tag","embeddable":true,"href":"https:\/\/www.europesays.com\/de\/wp-json\/wp\/v2\/tags?post=1030544"}],"curies":[{"name":"wp","href":"https:\/\/api.w.org\/{rel}","templated":true}]}}