{"id":1030567,"date":"2026-05-19T10:56:14","date_gmt":"2026-05-19T10:56:14","guid":{"rendered":"https:\/\/www.europesays.com\/de\/1030567\/"},"modified":"2026-05-19T10:56:14","modified_gmt":"2026-05-19T10:56:14","slug":"borussia-moenchengladbach-wael-mohya-muss-die-schulbank-druecken-sport","status":"publish","type":"post","link":"https:\/\/www.europesays.com\/de\/1030567\/","title":{"rendered":"Borussia M\u00f6nchengladbach: Wael Mohya muss die Schulbank dr\u00fccken | Sport"},"content":{"rendered":"<p><a class=\"skip-content skip-content--link\" href=\"#in-content-skip-link-target-v-0-0\">TTS-Player \u00fcberspringen\u21b5<\/a><a id=\"in-content-skip-link-target-v-0-0\" class=\"skip-content--target-link-hidden skip-content skip-content--target-link\" href=\"#in-content-skip-link-target-v-0-0\">Artikel weiterlesen<\/a><\/p>\n<p data-21134c99=\"0-766\"><b>Da war noch einiges los auf dem Trainingsplatz! Drei Tage nach dem letzten Bundesliga-Spiel gegen Hoffenheim (4:0) bat Gladbach-Coach Eugen Polanski (40) seine Jungs am Dienstagmorgen zum Training. Weil die eigentlichen Trainingspl\u00e4tze der Profis am Borussia-Park in der Sommerpause saniert werden, fand die Einheit auf dem Fohlenplatz statt. Neben zahlreichen Nachwuchskickern waren auch noch fast alle Profis mit dabei. Nico Elvedi (29, Schweiz) und Jens Castrop (22, S\u00fcdkorea), die ihre WM-Nominierungen bereits in der Tasche haben, d\u00fcrfen noch ein paar Tage Urlaub genie\u00dfen. Wael Mohya (17) musste statt zu trainieren die Schulbank dr\u00fccken und einigen Stoff nachholen. Und Haris Tabakovic (31), dem nach seiner Fu\u00dfverletzung aus dem Hoffenheim-Spiel das WM-Aus droht (der Bosnier war zuvor bereits von Nationalcoach Sergej Barabaraz nominiert worden).<\/b><\/p>\n<p data-21134c99=\"767-1532\">Bei der Einheit dabei waren neben Tim Kleindienst (30, der Donnerstag auf seine WM-Nominierung hofft) auch Joe Scally (23) und Giovanni Reyna (23), die sich berechtigte Hoffnungen machen, als Gastgeber bei der WM in den USA antreten zu d\u00fcrfen. Der US-Kader wird allerdings in einer pomp\u00f6sen Veranstaltung in New York erst am 26. Mai vorgestellt\u00a0\u2013 das Duo muss sich also noch ein bisschen gedulden. Scally und Reyna nutzten aber die Gelegenheit und schoben nach der normalen Trainingsarbeit mit der Mannschaft noch eine Sonderschicht ein. Beide m\u00f6chten offensichtlich topfit beim Nationalteam eintreffen \u2013 wenn sie denn nominiert werden.<\/p>\n<p>Noch zwei Testspiele stehen an<\/p>\n<p data-21134c99=\"767-1532\">F\u00fcr die Gladbach-Profis, die nicht bei der Weltmeisterschaft kicken, stehen in dieser Woche noch zwei Testspiele auf dem Programm: Am Mittwoch um 18.30 Uhr ist der <a href=\"https:\/\/www.bild.de\/sport\/fussball\/bundesliga\/bundesliga-startseite-52368768.bild.html\" class=\"text-link\" rel=\"nofollow noopener\" target=\"_blank\">Bundesligist <\/a>f\u00fcr ein Freundschaftsspiel beim nieders\u00e4chsischen Oberligisten SC Spelle-Venhaus zu Gast. Und am Freitag (18 Uhr) absolviert<a href=\"https:\/\/www.bild.de\/sport\/fussball\/borussia-moenchengladbach\/startseite-borussia-moenchengladbach-31074418.bild.html\" class=\"text-link\" rel=\"nofollow noopener\" target=\"_blank\"> Gladbach <\/a>ein weiteres Freundschaftsspiel beim Kreisligisten SC Viktoria Anrath.<\/p>\n","protected":false},"excerpt":{"rendered":"TTS-Player \u00fcberspringen\u21b5Artikel weiterlesen Da war noch einiges los auf dem Trainingsplatz! Drei Tage nach dem letzten Bundesliga-Spiel gegen&hellip;\n","protected":false},"author":2,"featured_media":1030568,"comment_status":"","ping_status":"","sticky":false,"template":"","format":"standard","meta":{"footnotes":"","_share_on_mastodon":"0"},"categories":[1849],"tags":[6109,3364,29,69832,538,548,663,3934,30,13,18029,156310,4455,14,15,1209,100524,100110,108214,12,819,114292],"class_list":["post-1030567","post","type-post","status-publish","format-standard","has-post-thumbnail","category-moenchengladbach","tag-castrop-jens","tag-de","tag-deutschland","tag-elvedi-nico","tag-erste-bundesliga","tag-eu","tag-europa","tag-europe","tag-germany","tag-headlines","tag-kleindienst-tim","tag-mohya-wael","tag-moenchengladbach","tag-nachrichten","tag-news","tag-nordrhein-westfalen","tag-polanski-eugen","tag-reyna-giovanni","tag-scally-joe","tag-schlagzeilen","tag-sport-leuchtturm-essen","tag-tabakovic-haris"],"share_on_mastodon":{"url":"https:\/\/pubeurope.com\/@de\/116600883591016463","error":""},"_links":{"self":[{"href":"https:\/\/www.europesays.com\/de\/wp-json\/wp\/v2\/posts\/1030567","targetHints":{"allow":["GET"]}}],"collection":[{"href":"https:\/\/www.europesays.com\/de\/wp-json\/wp\/v2\/posts"}],"about":[{"href":"https:\/\/www.europesays.com\/de\/wp-json\/wp\/v2\/types\/post"}],"author":[{"embeddable":true,"href":"https:\/\/www.europesays.com\/de\/wp-json\/wp\/v2\/users\/2"}],"replies":[{"embeddable":true,"href":"https:\/\/www.europesays.com\/de\/wp-json\/wp\/v2\/comments?post=1030567"}],"version-history":[{"count":0,"href":"https:\/\/www.europesays.com\/de\/wp-json\/wp\/v2\/posts\/1030567\/revisions"}],"wp:featuredmedia":[{"embeddable":true,"href":"https:\/\/www.europesays.com\/de\/wp-json\/wp\/v2\/media\/1030568"}],"wp:attachment":[{"href":"https:\/\/www.europesays.com\/de\/wp-json\/wp\/v2\/media?parent=1030567"}],"wp:term":[{"taxonomy":"category","embeddable":true,"href":"https:\/\/www.europesays.com\/de\/wp-json\/wp\/v2\/categories?post=1030567"},{"taxonomy":"post_tag","embeddable":true,"href":"https:\/\/www.europesays.com\/de\/wp-json\/wp\/v2\/tags?post=1030567"}],"curies":[{"name":"wp","href":"https:\/\/api.w.org\/{rel}","templated":true}]}}