{"id":103081,"date":"2025-05-11T21:18:08","date_gmt":"2025-05-11T21:18:08","guid":{"rendered":"https:\/\/www.europesays.com\/de\/103081\/"},"modified":"2025-05-11T21:18:08","modified_gmt":"2025-05-11T21:18:08","slug":"werder-bremen-und-union-berlin-an-remberg-dran-abgang-per-klausel","status":"publish","type":"post","link":"https:\/\/www.europesays.com\/de\/103081\/","title":{"rendered":"Werder Bremen und Union Berlin an Remberg dran! Abgang per Klausel?"},"content":{"rendered":"<p>\n                                        Trotz des besiegelten Abstiegs der KSV Holstein k\u00f6nnte Nicolai Remberg auch in der kommenden Saison in der Bundesliga auflaufen. <\/p>\n<p>\n<br \/>Nach LigaInsider-Informationen besitzt der zentrale Mittelfeldspieler eine Ausstiegsklausel in seinem Vertrag, die ihm einen Wechsel f\u00fcr eine Abl\u00f6se im Bereich von 3 Millionen Euro erm\u00f6glicht. Diese Klausel wurde im Februar 2025 im Zuge seiner Vertragsverl\u00e4ngerung mit dem Klub aus Kiel vereinbart.<\/p>\n<p>Nun weckt der 24-J\u00e4hrige, der in dieser Bundesliga-Saison 31 Eins\u00e4tze absolvierte und sich fr\u00fch als Stammspieler etabliert hat, reges Interesse bei zwei Liga-Konkurrenten. Wie LigaInsider exklusiv erfahren hat, besch\u00e4ftigen sich sowohl Werder Bremen als auch der 1. FC Union Berlin intensiv mit einer Verpflichtung Rembergs. Beide Klubs sehen im laufstarken Sechser eine sinnvolle Verst\u00e4rkung f\u00fcr ihr zentrales Mittelfeld.<\/p>\n<p>Remberg verpasste die 1:2-Niederlage gegen den SC Freiburg am 33. Spieltag aufgrund einer Gelbsperre \u2013 und musste den Wiederabstieg seines Teams von au\u00dfen mit ansehen. Ob er den Gang in Liga zwei mitgeht, ist nach jetzigem Stand allerdings mehr als fraglich.                                <\/p>\n<p>\n                                                                                    <strong>Quelle:<\/strong> LigaInsider                                                                                                                    <\/p>\n<p><\/p>\n<p>LIGAINSIDER-DURCHSCHNITTSNOTE in den letzten VIER Jahren<\/p>\n","protected":false},"excerpt":{"rendered":"Trotz des besiegelten Abstiegs der KSV Holstein k\u00f6nnte Nicolai Remberg auch in der kommenden Saison in der Bundesliga&hellip;\n","protected":false},"author":2,"featured_media":103082,"comment_status":"","ping_status":"","sticky":false,"template":"","format":"standard","meta":{"footnotes":""},"categories":[1852],"tags":[4808,5419,2217,3364,29,548,663,3934,347,30,13,4949,33117,14,15,40828,5422,12,1971,265,924,1288,2627,5421,18742],"class_list":{"0":"post-103081","1":"post","2":"type-post","3":"status-publish","4":"format-standard","5":"has-post-thumbnail","7":"category-kiel","8":"tag-1-bundesliga","9":"tag-2024-25","10":"tag-bilanz","11":"tag-de","12":"tag-deutschland","13":"tag-eu","14":"tag-europa","15":"tag-europe","16":"tag-fussball","17":"tag-germany","18":"tag-headlines","19":"tag-kiel","20":"tag-ksv-holstein","21":"tag-nachrichten","22":"tag-news","23":"tag-nicolai-remberg","24":"tag-quote","25":"tag-schlagzeilen","26":"tag-schleswig-holstein","27":"tag-sport","28":"tag-statistik","29":"tag-transfers","30":"tag-verletzungen","31":"tag-wechsel","32":"tag-zentrales-mittelfeld"},"share_on_mastodon":{"url":"https:\/\/pubeurope.com\/@de\/114491287437630729","error":""},"_links":{"self":[{"href":"https:\/\/www.europesays.com\/de\/wp-json\/wp\/v2\/posts\/103081","targetHints":{"allow":["GET"]}}],"collection":[{"href":"https:\/\/www.europesays.com\/de\/wp-json\/wp\/v2\/posts"}],"about":[{"href":"https:\/\/www.europesays.com\/de\/wp-json\/wp\/v2\/types\/post"}],"author":[{"embeddable":true,"href":"https:\/\/www.europesays.com\/de\/wp-json\/wp\/v2\/users\/2"}],"replies":[{"embeddable":true,"href":"https:\/\/www.europesays.com\/de\/wp-json\/wp\/v2\/comments?post=103081"}],"version-history":[{"count":0,"href":"https:\/\/www.europesays.com\/de\/wp-json\/wp\/v2\/posts\/103081\/revisions"}],"wp:featuredmedia":[{"embeddable":true,"href":"https:\/\/www.europesays.com\/de\/wp-json\/wp\/v2\/media\/103082"}],"wp:attachment":[{"href":"https:\/\/www.europesays.com\/de\/wp-json\/wp\/v2\/media?parent=103081"}],"wp:term":[{"taxonomy":"category","embeddable":true,"href":"https:\/\/www.europesays.com\/de\/wp-json\/wp\/v2\/categories?post=103081"},{"taxonomy":"post_tag","embeddable":true,"href":"https:\/\/www.europesays.com\/de\/wp-json\/wp\/v2\/tags?post=103081"}],"curies":[{"name":"wp","href":"https:\/\/api.w.org\/{rel}","templated":true}]}}