{"id":1030847,"date":"2026-05-19T13:37:16","date_gmt":"2026-05-19T13:37:16","guid":{"rendered":"https:\/\/www.europesays.com\/de\/1030847\/"},"modified":"2026-05-19T13:37:16","modified_gmt":"2026-05-19T13:37:16","slug":"duesseldorf-lkw-unfall-unter-bruecke-zugausfaelle-und-strassensperrung-nah","status":"publish","type":"post","link":"https:\/\/www.europesays.com\/de\/1030847\/","title":{"rendered":"D\u00fcsseldorf: Lkw-Unfall unter Br\u00fccke &#8211; Zugausf\u00e4lle und Stra\u00dfensperrung &#8211; Nah"},"content":{"rendered":"<p class=\"text_ohne_einzug richtext text-em-55 !leading-serif mx-6 desktop:mx-0\"> Wegen eines Br\u00fcckenschadens kam es am Dienstag auf der Bahnstrecke zwischen dem D\u00fcsseldorfer Hauptbahnhof und D\u00fcsseldorf-Benrath zu Versp\u00e4tungen und Teilausf\u00e4llen. Wie eine Sprecherin der <a href=\"https:\/\/rp-online.de\/thema\/polizei\/\" rel=\"nofollow noopener\" target=\"_blank\">Polizei<\/a> auf Anfrage unserer Redaktion sagte, war in Eller ein Lkw unter einer Br\u00fccke gegen einen der Tr\u00e4ger gefahren. Daher musste die Statik des Bauwerks gepr\u00fcft werden.<\/p>\n<p class=\"richtext text-em-55 !leading-serif mx-6 desktop:mx-0\">Die Arbeiten waren gegen 13.30 Uhr abgeschlossen. In K\u00fcrze w\u00fcrden die Z\u00fcge auf dem Streckenabschnitt wieder ohne Einschr\u00e4nkungen, fahren, teilte die Bahn mit. In der Folge k\u00f6nne es noch vereinzelt zu Versp\u00e4tungen und zu Teilausf\u00e4llen kommen.<\/p>\n<p class=\"richtext text-em-55 !leading-serif mx-6 desktop:mx-0\">Sowohl die Br\u00fccke als auch die Darmst\u00e4dter Stra\u00dfe im Bereich der Sturmstra\u00dfe waren am Morgen und am Vormittag komplett gesperrt. Auch Fu\u00dfg\u00e4nger durften den Weg unter der Br\u00fccke nicht nutzen. Der Unfall ereignete sich um kurz vor 8 Uhr. <\/p>\n<p class=\"richtext text-em-55 !leading-serif mx-6 desktop:mx-0\">Ein Sprecher der Bahn sagte auf Anfrage, die Stabilit\u00e4t der Br\u00fccke habe nach dem Unfall \u00fcberpr\u00fcft werden m\u00fcssen. Das sei ein Standard-Prozedere. \u201eExperten von DB InfraGO sind vor Ort und nehmen die Br\u00fccke in Augenschein\u201c, sagte der Sprecher am Morgen. Au\u00dferdem bereitete ein betroffenes Stra\u00dfenschild Probleme, das an der Br\u00fccke h\u00e4ngt. Vibrationen bei einer Zugfahrt h\u00e4tten es auf die Stra\u00dfe st\u00fcrzen lassen k\u00f6nnen. Am Morgen war zun\u00e4chst unklar, wie lange die \u00dcberpr\u00fcfung der Br\u00fccke dauert.<\/p>\n<p class=\"richtext text-em-55 !leading-serif mx-6 desktop:mx-0\">Wie der Bahn-Sprecher sagte, fiel w\u00e4hrend der Sperrung im Fernverkehr der Halt <a href=\"https:\/\/rp-online.de\/thema\/duesseldorf-hauptbahnhof\/\" rel=\"nofollow noopener\" target=\"_blank\">D\u00fcsseldorf Hauptbahnhof<\/a> bei einigen Verbindungen durch weitr\u00e4umige Umleitungen von ICE-Z\u00fcgen aus. Betroffen waren auch Linien im Nahverkehr. Die Z\u00fcge der Linie S6 aus Richtung Essen endeten bereits am D\u00fcsseldorfer Hauptbahnhof, aus Richtung K\u00f6ln-Worringen in D\u00fcsseldorf-Reisholz. Auf der gesperrten Strecke waren Busse als Schienenersatzverkehr im Einsatz.<\/p>\n<p class=\"richtext text-em-55 !leading-serif mx-6 desktop:mx-0\">Auch die Linien RE1 (RRX) und RE5 (RRX) waren von der St\u00f6rung betroffen. Einen Schienenersatzverkehr gab es hier nicht, die Bahn ergriff f\u00fcr jede Zugfahrt kurzfristig Einzelma\u00dfnahmen. <\/p>\n<p class=\"text_ohne_einzug richtext text-em-55 !leading-serif mx-6 desktop:mx-0\">Der Frust bei den betroffenen Reisenden war gro\u00df. \u201eStatt 20 Minuten brauche ich nun eine Stunde\u201c, sagte eine genervte Pendlerin, die von <a href=\"https:\/\/rp-online.de\/thema\/duesseldorf\/\" rel=\"nofollow noopener\" target=\"_blank\">D\u00fcsseldorf<\/a> nach <a href=\"https:\/\/rp-online.de\/thema\/hilden\/\" rel=\"nofollow noopener\" target=\"_blank\">Hilden<\/a> fahren wollte, unserem Reporter vor Ort. Seit 37 Jahren pendle sie auf dieser Strecke. Mittlerweile sei die <a href=\"https:\/\/rp-online.de\/thema\/s-bahn\/\" rel=\"nofollow noopener\" target=\"_blank\">S-Bahn<\/a> so unzuverl\u00e4ssig, dass die 59-J\u00e4hrige morgens zur Arbeit in D\u00fcsseldorf mit dem Bus fahre. Zur\u00fcck versucht die Hildenerin, die S-Bahn zu nehmen \u2013 an diesem Tag vergeblich. \u201eWenn ich eine Stelle in Hilden bekommen w\u00fcrde, dann w\u00fcrde ich wahrscheinlich wechseln\u201c, sagte sie.<\/p>\n<p class=\"richtext text-em-55 !leading-serif mx-6 desktop:mx-0\">Eine andere Pendlerin aus Hilden hat das Fahren mit der S-Bahn schon v\u00f6llig aufgegeben. \u201eEs ist eine Katastrophe\u201c, sagte sie resigniert. Zum Gl\u00fcck k\u00f6nne sie zwei Mal in der Woche im Homeoffice arbeiten, die anderen Tage fahre sie mit dem Bus nach D\u00fcsseldorf. \u201eDas dauert aber leider auch ewig, weil auf der <a href=\"https:\/\/rp-online.de\/thema\/a46\/\" rel=\"nofollow noopener\" target=\"_blank\">A46<\/a> und im Innenstadtbereich immer Stau ist.\u201c Die S-Bahn komme f\u00fcr sie jedoch definitiv nicht infrage.<\/p>\n","protected":false},"excerpt":{"rendered":"Wegen eines Br\u00fcckenschadens kam es am Dienstag auf der Bahnstrecke zwischen dem D\u00fcsseldorfer Hauptbahnhof und D\u00fcsseldorf-Benrath zu Versp\u00e4tungen&hellip;\n","protected":false},"author":2,"featured_media":1030848,"comment_status":"","ping_status":"","sticky":false,"template":"","format":"standard","meta":{"footnotes":"","_share_on_mastodon":"0"},"categories":[2],"tags":[1739,2226,12180,35920,13865,29,3405,6043,30,3601,13,14,15,4174,14252,12,10,8,9,11,17911],"class_list":["post-1030847","post","type-post","status-publish","format-standard","has-post-thumbnail","category-deutschland","tag-bahn","tag-bahnstrecke","tag-benrath","tag-brueckenschaden","tag-busse","tag-deutschland","tag-duesseldorf","tag-eller","tag-germany","tag-hauptbahnhof","tag-headlines","tag-nachrichten","tag-news","tag-reisholz","tag-richtung","tag-schlagzeilen","tag-top-news","tag-top-meldungen","tag-topmeldungen","tag-topnews","tag-zuege"],"share_on_mastodon":{"url":"https:\/\/pubeurope.com\/@de\/116601516761701418","error":""},"_links":{"self":[{"href":"https:\/\/www.europesays.com\/de\/wp-json\/wp\/v2\/posts\/1030847","targetHints":{"allow":["GET"]}}],"collection":[{"href":"https:\/\/www.europesays.com\/de\/wp-json\/wp\/v2\/posts"}],"about":[{"href":"https:\/\/www.europesays.com\/de\/wp-json\/wp\/v2\/types\/post"}],"author":[{"embeddable":true,"href":"https:\/\/www.europesays.com\/de\/wp-json\/wp\/v2\/users\/2"}],"replies":[{"embeddable":true,"href":"https:\/\/www.europesays.com\/de\/wp-json\/wp\/v2\/comments?post=1030847"}],"version-history":[{"count":0,"href":"https:\/\/www.europesays.com\/de\/wp-json\/wp\/v2\/posts\/1030847\/revisions"}],"wp:featuredmedia":[{"embeddable":true,"href":"https:\/\/www.europesays.com\/de\/wp-json\/wp\/v2\/media\/1030848"}],"wp:attachment":[{"href":"https:\/\/www.europesays.com\/de\/wp-json\/wp\/v2\/media?parent=1030847"}],"wp:term":[{"taxonomy":"category","embeddable":true,"href":"https:\/\/www.europesays.com\/de\/wp-json\/wp\/v2\/categories?post=1030847"},{"taxonomy":"post_tag","embeddable":true,"href":"https:\/\/www.europesays.com\/de\/wp-json\/wp\/v2\/tags?post=1030847"}],"curies":[{"name":"wp","href":"https:\/\/api.w.org\/{rel}","templated":true}]}}