{"id":1031121,"date":"2026-05-19T16:07:17","date_gmt":"2026-05-19T16:07:17","guid":{"rendered":"https:\/\/www.europesays.com\/de\/1031121\/"},"modified":"2026-05-19T16:07:17","modified_gmt":"2026-05-19T16:07:17","slug":"markus-lanz-heute-das-sind-die-aktuellen-gaeste-und-themen-unterhaltung","status":"publish","type":"post","link":"https:\/\/www.europesays.com\/de\/1031121\/","title":{"rendered":"Markus Lanz heute: Das sind die aktuellen G\u00e4ste und Themen | Unterhaltung"},"content":{"rendered":"<p><a class=\"skip-content skip-content--link\" href=\"#in-content-skip-link-target-v-0-0\">TTS-Player \u00fcberspringen\u21b5<\/a><a id=\"in-content-skip-link-target-v-0-0\" class=\"skip-content--target-link-hidden skip-content skip-content--target-link\" href=\"#in-content-skip-link-target-v-0-0\">Artikel weiterlesen<\/a><\/p>\n<p><b>Markus Lanz (57) l\u00e4dt dreimal die Woche diverse G\u00e4ste und Experten ein, um \u00fcber aktuelle gesellschaftliche und politische Themen zu diskutieren. Dabei l\u00e4sst er keine Debatte aus und f\u00fchlt Politikern, Journalisten und anderen Pers\u00f6nlichkeiten auf den Zahn. Die Talkshow ist ein Quotengarant, und das schon seit 2008.<\/b><\/p>\n<p>Die heutige Ausgabe von Markus Lanz l\u00e4uft um 22:45 Uhr (Dienstag) im ZDF. Nach der Ausstrahlung im TV gibt es die Folge in der ZDF-Mediathek im Stream. <\/p>\n<p>Themen und G\u00e4ste bei Markus Lanz am 19. Mai<\/p>\n<p><b>Worum geht es heute bei Markus Lanz? <\/b><\/p>\n<p>In der aktuellen Ausgabe von \u201eMarkus Lanz\u201c stehen zahlreiche politische und wirtschaftliche Themen im Fokus. Diskutiert werden unter anderem die VW-Krise, der Reformdruck auf die Bundesregierung sowie die j\u00fcngsten Entwicklungen innerhalb der SPD. Auch au\u00dfenpolitische Fragen spielen eine zentrale Rolle: Experten sprechen \u00fcber das Treffen von Putin und Xi Jinping, Chinas wirtschaftsstrategische Interessen sowie die <a href=\"https:\/\/www.bild.de\/news\/ausland\/ukraine\/thema-ukraine-alle-infos-80028690.bild.html\" class=\"text-link\" rel=\"nofollow noopener\" target=\"_blank\">ukrainischen<\/a> Luftangriffe im Raum Moskau und den aktuellen Stand des <a href=\"https:\/\/www.bild.de\/news\/ausland\/iran\/thema-iran-alle-infos-80032832.bild.html\" class=\"text-link\" rel=\"nofollow noopener\" target=\"_blank\">Irankrieges<\/a>.<\/p>\n<p>Das sind die G\u00e4ste bei <a href=\"https:\/\/www.bild.de\/unterhaltung\/leute\/markus-lanz\/thema-markus-lanz-alle-infos-81728864.bild.html\" class=\"text-link\" rel=\"nofollow noopener\" target=\"_blank\">Markus Lanz<\/a> am 19. Mai 2026:<\/p>\n<ul class=\"unordered-list\">\n<li>Olaf Lies (59), <a href=\"https:\/\/www.bild.de\/politik\/inland\/spd\/spd-alle-infos-76661710.bild.html\" class=\"text-link\" rel=\"nofollow noopener\" target=\"_blank\">SPD<\/a>-Politiker<\/li>\n<li>Kerstin M\u00fcnstermann, Journalistin<\/li>\n<li>J\u00f6rg Wuttke, <a href=\"https:\/\/www.bild.de\/news\/ausland\/china\/thema-china-alle-infos-80032882.bild.html\" class=\"text-link\" rel=\"nofollow noopener\" target=\"_blank\">China<\/a>-Experte<\/li>\n<li>Frederik Pleitgen (49), CNN-Korrespondent<\/li>\n<\/ul>\n<p><a class=\"article-image__anchor\" href=\"https:\/\/www.google.com\/preferences\/source?q=https:\/\/www.bild.de\/\" target=\"_blank\" rel=\"noopener nofollow\" useforarticleimagegallerylightbox=\"true\"><img decoding=\"async\" width=\"992\" height=\"166\" alt=\"\" src=\"https:\/\/www.europesays.com\/de\/wp-content\/uploads\/2026\/05\/a9fe359b8cf76113feb1a496adeb3931,6b561bc4.png\"   class=\"dynamic\" loading=\"lazy\"\/><\/a><\/p>\n<p>Foto: BILD<\/p>\n<p>Wann und wo l\u00e4uft Markus Lanz?<\/p>\n<p>Die n\u00e4chste Ausgabe von Markus Lanz k\u00f6nnen Sie an diesem Termin sehen: <\/p>\n<ul class=\"unordered-list\">\n<li>Mittwoch, 20. Mai 2026, um 23:15 Uhr im <a href=\"https:\/\/www.bild.de\/themen\/organisationen\/zdf\/organisation-news-fotos-videos-19409352.bild.html\" class=\"text-link\" rel=\"nofollow noopener\" target=\"_blank\">ZDF<\/a> <\/li>\n<\/ul>\n<p>Wer die Sendung verpasst, kann alle Folgen nach der Ausstrahlung ab ca. 1 Uhr morgens in der <a href=\"https:\/\/www.zdf.de\/gesellschaft\/markus-lanz\" rel=\"nofollow noopener\" class=\"text-link\" target=\"_blank\">ZDF-Mediathek<\/a> im Stream kostenlos nachschauen.<\/p>\n","protected":false},"excerpt":{"rendered":"TTS-Player \u00fcberspringen\u21b5Artikel weiterlesen Markus Lanz (57) l\u00e4dt dreimal die Woche diverse G\u00e4ste und Experten ein, um \u00fcber aktuelle&hellip;\n","protected":false},"author":2,"featured_media":1031122,"comment_status":"","ping_status":"","sticky":false,"template":"","format":"standard","meta":{"footnotes":"","_share_on_mastodon":"0"},"categories":[1776],"tags":[1801,29,214,2287,30,31224,16,1802,2286,3638,215,1448],"class_list":["post-1031121","post","type-post","status-publish","format-standard","has-post-thumbnail","category-prominente","tag-celebrities","tag-deutschland","tag-entertainment","tag-g-standard","tag-germany","tag-lanz-markus","tag-politik","tag-prominente","tag-seo-nicht-benutzen","tag-talkshow","tag-unterhaltung","tag-zdf"],"share_on_mastodon":{"url":"https:\/\/pubeurope.com\/@de\/116602108030636020","error":""},"_links":{"self":[{"href":"https:\/\/www.europesays.com\/de\/wp-json\/wp\/v2\/posts\/1031121","targetHints":{"allow":["GET"]}}],"collection":[{"href":"https:\/\/www.europesays.com\/de\/wp-json\/wp\/v2\/posts"}],"about":[{"href":"https:\/\/www.europesays.com\/de\/wp-json\/wp\/v2\/types\/post"}],"author":[{"embeddable":true,"href":"https:\/\/www.europesays.com\/de\/wp-json\/wp\/v2\/users\/2"}],"replies":[{"embeddable":true,"href":"https:\/\/www.europesays.com\/de\/wp-json\/wp\/v2\/comments?post=1031121"}],"version-history":[{"count":0,"href":"https:\/\/www.europesays.com\/de\/wp-json\/wp\/v2\/posts\/1031121\/revisions"}],"wp:featuredmedia":[{"embeddable":true,"href":"https:\/\/www.europesays.com\/de\/wp-json\/wp\/v2\/media\/1031122"}],"wp:attachment":[{"href":"https:\/\/www.europesays.com\/de\/wp-json\/wp\/v2\/media?parent=1031121"}],"wp:term":[{"taxonomy":"category","embeddable":true,"href":"https:\/\/www.europesays.com\/de\/wp-json\/wp\/v2\/categories?post=1031121"},{"taxonomy":"post_tag","embeddable":true,"href":"https:\/\/www.europesays.com\/de\/wp-json\/wp\/v2\/tags?post=1031121"}],"curies":[{"name":"wp","href":"https:\/\/api.w.org\/{rel}","templated":true}]}}