{"id":1031424,"date":"2026-05-19T18:54:10","date_gmt":"2026-05-19T18:54:10","guid":{"rendered":"https:\/\/www.europesays.com\/de\/1031424\/"},"modified":"2026-05-19T18:54:10","modified_gmt":"2026-05-19T18:54:10","slug":"maischberger-heute-19-5-26-gaeste-beim-thema-wirtschaftspolitik-und-polarisierung-2","status":"publish","type":"post","link":"https:\/\/www.europesays.com\/de\/1031424\/","title":{"rendered":"\u201eMaischberger heute, 19.5.26: G\u00e4ste beim Thema Wirtschaftspolitik und Polarisierung"},"content":{"rendered":"<p class=\"mb-6 text-xs md:text-m lg:text-l font-serif group-[.font-sans]:font-sans \">\n    Bei \u201e<a href=\"https:\/\/www.augsburger-allgemeine.de\/personen\/aa-maischberger\" target=\"_self\" class=\"underline \" rel=\"nofollow noopener\">Maischberger<\/a>\u201c diskutiert die namensgebende Moderatorin Sandra Maischberger mit verschiedenen G\u00e4sten \u00fcber aktuelle Themen aus Deutschland und der Welt. Mit \u00fcber 900 ausgestrahlten Sendungen geh\u00f6rt die Talkshow inzwischen fest zum dienstagabendlichen und mittwochabendlichen Programm der ARD. Heute, am 19. Mai 2026, l\u00e4uft eine neue Folge von \u201eMaischberger\u201c im <a href=\"https:\/\/www.augsburger-allgemeine.de\/panorama\/tv\" target=\"_self\" class=\"underline \" rel=\"nofollow noopener\">Fernsehen<\/a>.\n  <\/p>\n<p class=\"mb-6 text-xs md:text-m lg:text-l font-serif group-[.font-sans]:font-sans \">\n    Welche G\u00e4ste sind heute Abend bei \u201eMaischberger\u201c zu sehen? Um welche Themen geht es, wo kann man die Sendung ansehen und gibt es eine Wiederholung? Die Antworten darauf haben wir f\u00fcr Sie in diesem Artikel zusammengetragen.\n  <\/p>\n<p>            \u201eMaischberger\u201c: Das sind die G\u00e4ste heute am 19.5.26<\/p>\n<p class=\"mb-6 text-xs md:text-m lg:text-l font-serif group-[.font-sans]:font-sans \">\n    F\u00fcr jede neue Folge von \u201eMaischberger\u201c werden verschiedene Pers\u00f6nlichkeiten ins Studio eingeladen, um \u00fcber die angesetzten Themen zu sprechen. F\u00fcr die heutige Ausgabe hat die ARD folgende sechs G\u00e4ste angek\u00fcndigt:\n  <\/p>\n<ul rel=\"\" class=\"[&amp;&gt;li]:relative list-none  [&amp;&gt;li]:pl-[1.2em] [&amp;&gt;li]:marker:text-[0] [&amp;&gt;li]:relative [&amp;&gt;li]:before:absolute [&amp;&gt;li]:before:w-3 [&amp;&gt;li]:before:h-3 [&amp;&gt;li]:before:bg-brand [&amp;&gt;li]:before:left-0 [&amp;&gt;li]:before:top-[8px] [&amp;&gt;li]:before:rounded-full  my-5\">\n<li class=\" mb-3 text-xs md:text-m lg:text-l\">Julia Kl\u00f6ckner (CDU): Bundestagspr\u00e4sidentin<\/li>\n<li class=\" mb-3 text-xs md:text-m lg:text-l\">Veronika Grimm: Wirtschaftsweise<\/li>\n<li class=\" mb-3 text-xs md:text-m lg:text-l\">Ralf Stegner (SPD): Bundestagsabgeordneter<\/li>\n<li class=\" mb-3 text-xs md:text-m lg:text-l\">Theo Koll: Journalist und Moderator, langj\u00e4hriger Leiter des ZDF-Hauptstadtstudios<\/li>\n<li class=\" mb-3 text-xs md:text-m lg:text-l\">Christoph Schwennicke: Journalist und Publizist bei t-online<\/li>\n<li class=\" mb-3 text-xs md:text-m lg:text-l\">Victoria Reichelt: Journalistin<\/li>\n<\/ul>\n<p>            Thema bei \u201eMaischberger\u201c heute am 19.5.2026<\/p>\n<p class=\"mb-6 text-xs md:text-m lg:text-l font-serif group-[.font-sans]:font-sans \">\n    In der heutigen Ausgabe diskutieren Maischberger und ihre sechs G\u00e4ste \u00fcber zwei innenpolitische Themen. Im ersten Gespr\u00e4chsblock spricht die Moderatorin mit dem <a href=\"https:\/\/www.augsburger-allgemeine.de\/organisationen\/aa-spd\" target=\"_self\" class=\"underline \" rel=\"nofollow noopener\">SPD<\/a>-Bundestagsabgeordneten Ralf Stegner und der \u201eWirtschaftsweisen\u201c Veronika Grimm \u00fcber die <strong class=\"font-bold\">Wirtschaftspolitik und die Reformvorhaben von <a href=\"https:\/\/www.augsburger-allgemeine.de\/organisationen\/aa-cdu\" target=\"_self\" class=\"underline \" rel=\"nofollow noopener\">CDU<\/a> und SPD<\/strong>. Im zweiten Gespr\u00e4chsblock wird der Fokus dann auf das Thema <strong class=\"font-bold\">Polarisierung in der Gesellschaft und im Bundestag<\/strong> gelegt. Dar\u00fcber diskutiert Maischberger mit der Bundestagspr\u00e4sidentin Julia Kl\u00f6ckner von der CDU. Der langj\u00e4hrige Leiter des ZDF-Hauptstadtstudios, Theo Koll, der Journalist und Publizist Christoph Schwennicke sowie die Journalistin Victoria Reichelt kommentieren die Gespr\u00e4che.\n  <\/p>\n<p>            \u201eMaischberger\u201c heute: \u00dcbertragung im TV und Livestream<\/p>\n<p class=\"mb-6 text-xs md:text-m lg:text-l font-serif group-[.font-sans]:font-sans \">\n    Wer die heutige Ausgabe von \u201eMaischberger\u201c ansehen m\u00f6chte, hat daf\u00fcr zwei verschiedene M\u00f6glichkeiten. Zum einen l\u00e4uft die Talkshow im Free-TV in der ARD. F\u00fcr diese Option muss lediglich um 22.50 Uhr im Ersten eingeschaltet werden. Zum anderen kann die Sendung zeitgleich zur TV-Ausstrahlung in der sendereigenen Mediathek angesehen werden. Daf\u00fcr muss der kostenlose <a href=\"https:\/\/www.ardmediathek.de\/live\" rel=\"nofollow noopener\" target=\"_blank\" class=\"underline \">Livestream<\/a> online abgerufen werden.\n  <\/p>\n<p>            \u201eMaischberger\u201c: Wiederholung im TV und in der Mediathek<\/p>\n<p class=\"mb-6 text-xs md:text-m lg:text-l font-serif group-[.font-sans]:font-sans \">\n    Falls Sie am heutigen Abend keine Zeit oder M\u00f6glichkeit haben sollten, \u201eMaischberger\u201c anzusehen, gibt es gute Nachrichten. Jede neue Folge l\u00e4uft n\u00e4mlich in der Regel mehrmals erneut im Fernsehen. Das sind alle Sendetermine der neuen Ausgabe von \u201eMaischberger\u201c im \u00dcberblick:\n  <\/p>\n<ul rel=\"\" class=\"[&amp;&gt;li]:relative list-none  [&amp;&gt;li]:pl-[1.2em] [&amp;&gt;li]:marker:text-[0] [&amp;&gt;li]:relative [&amp;&gt;li]:before:absolute [&amp;&gt;li]:before:w-3 [&amp;&gt;li]:before:h-3 [&amp;&gt;li]:before:bg-brand [&amp;&gt;li]:before:left-0 [&amp;&gt;li]:before:top-[8px] [&amp;&gt;li]:before:rounded-full  my-5\">\n<li class=\" mb-3 text-xs md:text-m lg:text-l\">Dienstag, 19. Mai 2026, 22.50 Uhr, Das Erste<\/li>\n<li class=\" mb-3 text-xs md:text-m lg:text-l\">Mittwoch, 20. Mai 2026, 1.50 Uhr, Das Erste<\/li>\n<li class=\" mb-3 text-xs md:text-m lg:text-l\">Mittwoch, 20. Mai 2026, 20.30 Uhr, tagesschau24<\/li>\n<\/ul>\n<p class=\"mb-6 text-xs md:text-m lg:text-l font-serif group-[.font-sans]:font-sans \">\n    F\u00fcr diejenigen, die nicht auf die TV-Wiederholungen zur\u00fcckgreifen k\u00f6nnen oder wollen, bietet die <a href=\"https:\/\/www.ardmediathek.de\/sendung\/maischberger\/Y3JpZDovL2Rhc2Vyc3RlLmRlL21lbnNjaGVuIGJlaSBtYWlzY2hiZXJnZXI\" rel=\"nofollow noopener\" target=\"_blank\" class=\"underline \">ARD-Mediathek<\/a> eine weitere Option an. Nachdem die neuen Folgen im Fernsehen gelaufen sind, werden sie dort hinterlegt und k\u00f6nnen dann f\u00fcr einen begrenzten Zeitraum sowohl zeit- als auch ortsunabh\u00e4ngig abgerufen werden.\n  <\/p>\n<p>            Talkshow \u201eMaischberger\u201c: Sendetermine der n\u00e4chsten Folgen<\/p>\n<p class=\"mb-6 text-xs md:text-m lg:text-l font-serif group-[.font-sans]:font-sans \">\n    Die heutige Ausgabe von \u201eMaischberger\u201c ist die erste, die in dieser Woche ausgestrahlt wird. Bereits einen Tag sp\u00e4ter ist die Talkshow jedoch erneut mit einer neuen Folge im TV zu sehen. Das sind die n\u00e4chsten sechs Sendetermine von \u201eMaischberger\u201c im \u00dcberblick:\n  <\/p>\n<ul rel=\"\" class=\"[&amp;&gt;li]:relative list-none  [&amp;&gt;li]:pl-[1.2em] [&amp;&gt;li]:marker:text-[0] [&amp;&gt;li]:relative [&amp;&gt;li]:before:absolute [&amp;&gt;li]:before:w-3 [&amp;&gt;li]:before:h-3 [&amp;&gt;li]:before:bg-brand [&amp;&gt;li]:before:left-0 [&amp;&gt;li]:before:top-[8px] [&amp;&gt;li]:before:rounded-full  my-5\">\n<li class=\" mb-3 text-xs md:text-m lg:text-l\">Folge 944: Mittwoch, 20. Mai 2026, 23.35 Uhr, Das Erste<\/li>\n<li class=\" mb-3 text-xs md:text-m lg:text-l\">Folge 945: Dienstag, 2. Juni 2026, 22.50 Uhr, Das Erste<\/li>\n<li class=\" mb-3 text-xs md:text-m lg:text-l\">Folge 946: Mittwoch, 3. Juni 2026, 22.50 Uhr, Das Erste<\/li>\n<li class=\" mb-3 text-xs md:text-m lg:text-l\">Folge 947: Montag, 8. Juni 2026, 23.05 Uhr, Das Erste<\/li>\n<li class=\" mb-3 text-xs md:text-m lg:text-l\">Folge 948: Dienstag, 9. Juni 2026, 22.50 Uhr, Das Erste<\/li>\n<li class=\" mb-3 text-xs md:text-m lg:text-l\">Folge 949: Mittwoch, 10. Juni 2026, 22.50 Uhr, Das Erste<\/li>\n<\/ul>\n","protected":false},"excerpt":{"rendered":"Bei \u201eMaischberger\u201c diskutiert die namensgebende Moderatorin Sandra Maischberger mit verschiedenen G\u00e4sten \u00fcber aktuelle Themen aus Deutschland und der&hellip;\n","protected":false},"author":2,"featured_media":893795,"comment_status":"","ping_status":"","sticky":false,"template":"","format":"standard","meta":{"footnotes":"","_share_on_mastodon":"0"},"categories":[1773],"tags":[223,1180,31,29,214,30,39193,15213,471,1780,184,3638,684,215,20096],"class_list":["post-1031424","post","type-post","status-publish","format-standard","has-post-thumbnail","category-serien","tag-ard","tag-bundestag","tag-cdu","tag-deutschland","tag-entertainment","tag-germany","tag-ralf-stegner","tag-sandra-maischberger","tag-serien","tag-series","tag-spd","tag-talkshow","tag-tv","tag-unterhaltung","tag-veronika-grimm"],"share_on_mastodon":{"url":"https:\/\/pubeurope.com\/@de\/116602763259571966","error":""},"_links":{"self":[{"href":"https:\/\/www.europesays.com\/de\/wp-json\/wp\/v2\/posts\/1031424","targetHints":{"allow":["GET"]}}],"collection":[{"href":"https:\/\/www.europesays.com\/de\/wp-json\/wp\/v2\/posts"}],"about":[{"href":"https:\/\/www.europesays.com\/de\/wp-json\/wp\/v2\/types\/post"}],"author":[{"embeddable":true,"href":"https:\/\/www.europesays.com\/de\/wp-json\/wp\/v2\/users\/2"}],"replies":[{"embeddable":true,"href":"https:\/\/www.europesays.com\/de\/wp-json\/wp\/v2\/comments?post=1031424"}],"version-history":[{"count":0,"href":"https:\/\/www.europesays.com\/de\/wp-json\/wp\/v2\/posts\/1031424\/revisions"}],"wp:featuredmedia":[{"embeddable":true,"href":"https:\/\/www.europesays.com\/de\/wp-json\/wp\/v2\/media\/893795"}],"wp:attachment":[{"href":"https:\/\/www.europesays.com\/de\/wp-json\/wp\/v2\/media?parent=1031424"}],"wp:term":[{"taxonomy":"category","embeddable":true,"href":"https:\/\/www.europesays.com\/de\/wp-json\/wp\/v2\/categories?post=1031424"},{"taxonomy":"post_tag","embeddable":true,"href":"https:\/\/www.europesays.com\/de\/wp-json\/wp\/v2\/tags?post=1031424"}],"curies":[{"name":"wp","href":"https:\/\/api.w.org\/{rel}","templated":true}]}}