{"id":1031780,"date":"2026-05-19T22:16:15","date_gmt":"2026-05-19T22:16:15","guid":{"rendered":"https:\/\/www.europesays.com\/de\/1031780\/"},"modified":"2026-05-19T22:16:15","modified_gmt":"2026-05-19T22:16:15","slug":"blitz-debakel-und-trainer-raetsel-ausgerechnet-vor-heim-wm-der-bittere-absturz-des-deutschen-eishockeys","status":"publish","type":"post","link":"https:\/\/www.europesays.com\/de\/1031780\/","title":{"rendered":"Blitz-Debakel und Trainer-R\u00e4tsel: Ausgerechnet vor Heim-WM: Der bittere Absturz des deutschen Eishockeys"},"content":{"rendered":"<p>Blitz-Debakel und Trainer-R\u00e4tselAusgerechnet vor Heim-WM: Der bittere Absturz des deutschen Eishockeys<\/p>\n<p>19.05.2026, 14:30 Uhr <\/p>\n<p>Artikel anh\u00f6ren(04:16 min)<\/p>\n<p><img decoding=\"async\" class=\"Image_img__fQCi0 Image_Img_16_9__4BLfH widget-picture-inline_maximizable__t_E7h\" loading=\"eager\" fetchpriority=\"high\" src=\"https:\/\/www.europesays.com\/de\/wp-content\/uploads\/2026\/05\/Im-eigenen-Ueberzahlspiel-ein-Gegentor-Deutschland-hat-viele-Probleme-bei-der-WM-in-der-Schweiz.webp\" alt=\"Im-eigenen-Ueberzahlspiel-ein-Gegentor-Deutschland-hat-viele-Probleme-bei-der-WM-in-der-Schweiz\"\/>Im eigenen \u00dcberzahlspiel ein Gegentor: Deutschland hat viele Probleme bei der WM in der Schweiz. TeilenFolgen auf:<a href=\"https:\/\/www.whatsapp.com\/channel\/0029Va5cdVJD8SDp5YZgYF01\" title=\"Auf WhatsApp folgen\" target=\"_blank\" rel=\"nofollow noopener\"><img decoding=\"async\" src=\"https:\/\/www.n-tv.de\/socialIcons\/whatsapp.svg\" alt=\"whatsapp\" class=\"ArticleShare_icon__FsrC2\"\/><\/a><a href=\"https:\/\/www.google.com\/preferences\/source?q=n-tv.de\" title=\"ntv als bevorzugte Quelle auf Google hinzuf\u00fcgen\" target=\"_blank\" rel=\"nofollow noopener\"><img decoding=\"async\" src=\"https:\/\/www.n-tv.de\/socialIcons\/google.svg\" alt=\"whatsapp\" class=\"ArticleShare_icon__FsrC2\"\/><\/a><\/p>\n<p class=\"Typography_text-m__XI0da Typography_weight-bold__uT6mq storyline_lead_text_leadtext__q_wg8\">Drei Jahre nach dem Silbercoup bei der Weltmeisterschaft hat das DEB-Team einen neuen Tiefpunkt erreicht. Die historische Pleite gegen die Schweiz wirft viele Fragen auf.<\/p>\n<p class=\"Typography_text-default__P3otY Typography_weight-normal__pqUbH storyline_paragraph_p__qSR5N\">Am Tag nach dem historischen Debakel wollte niemand zur\u00fcck ins Stadion. Nach einer Mannschaftssitzung am Mittag im Hotel in Regensdorf suchten die deutschen Nationalspieler das Weite, das Training wurde gestrichen. &#8222;Es schadet nicht, jetzt mal einen Tag vom Eishockey wegzukommen, mal durch die Stadt zu laufen&#8220;, sagte Verteidiger Kai Wissmann nach der 1:6-Klatsche gegen die Schweiz. &#8222;Wir m\u00fcssen einfach mal die K\u00f6pfe freibekommen&#8220;, erg\u00e4nzte St\u00fcrmer Frederik Tiffels.<\/p>\n<p class=\"Typography_text-default__P3otY Typography_weight-normal__pqUbH storyline_paragraph_p__qSR5N\">Drei Jahre nach dem Silbercoup von Tampere ist das deutsche Team in Z\u00fcrich an einem neuen Tiefpunkt angekommen. Die h\u00f6chste WM-Pleite gegen den Nachbarn seit 89 Jahren, erstmals sieben WM-Niederlagen in Serie seit 1994\/95: Ausgerechnet im Jahr vor der Heim-Weltmeisterschaft ist jegliche Euphorie im deutschen Eishockey verflogen &#8211; und mit ihr die anf\u00e4ngliche Begeisterung um Bundestrainer Harold Kreis.<\/p>\n<p>Drittes unbefriedigendes Turnier in Folge droht<\/p>\n<p class=\"Typography_text-default__P3otY Typography_weight-normal__pqUbH storyline_paragraph_p__qSR5N\">Noch hat der 67-J\u00e4hrige zumindest die theoretische Chance, mit seiner Mannschaft das erkl\u00e4rte Ziel Viertelfinale zu erreichen. Daf\u00fcr m\u00fcsste sie aber am Mittwoch (20.20 Uhr\/ProSieben und MagentaTV) gegen Olympiasieger und Titelverteidiger USA eine Siegesserie starten. &#8222;Wir m\u00fcssen es als Do-or-die-Spiel sehen&#8220;, sagte Kapit\u00e4n Moritz Seider. Alles oder nichts hei\u00dft es vor allem f\u00fcr Kreis und seinen Job.<\/p>\n<p class=\"Typography_text-default__P3otY Typography_weight-normal__pqUbH storyline_paragraph_p__qSR5N\">\u00dcber die Zukunft des Deutsch-Kanadiers, der im Dezember seinen Vertrag extra f\u00fcr die Heim-WM um ein Jahr verl\u00e4ngert hatte, wird nach dem Turnier entschieden. Dabei spielt ausgerechnet die Weltmeisterschaft in Mannheim und D\u00fcsseldorf eine wichtige Rolle &#8211; und die Frage: Kann Kreis noch ein Werbetr\u00e4ger daf\u00fcr sein?<\/p>\n<p class=\"Typography_text-default__P3otY Typography_weight-normal__pqUbH storyline_paragraph_p__qSR5N\">In Z\u00fcrich macht es bislang nicht den Eindruck. Ganz anders als bei seiner ersten WM 2023, als er aktiv coachte und wesentlich zum sensationellen Finaleinzug beitrug, wirkt Kreis zunehmend passiv und ratlos. Es droht wie vor einem Jahr das Vorrunden-Aus und nach der Olympia-Entt\u00e4uschung von Mailand mit allen NHL-Stars um Leon Draisaitl das dritte unbefriedigende Turnier in Folge.<\/p>\n<p> &#8222;Drei Minuten 30 haben uns das Spiel gekostet&#8220;<\/p>\n<p class=\"Typography_text-default__P3otY Typography_weight-normal__pqUbH storyline_paragraph_p__qSR5N\">&#8222;Ich glaube, die Mannschaft macht alles, was sie kann, um erfolgreiches Eishockey zu spielen&#8220;, behauptete Kreis nach der Schweiz-Klatsche, die viele Fragen aufwarf. Wie war der totale Einbruch im zweiten Drittel nach gutem Start m\u00f6glich? &#8222;Drei Minuten 30 haben uns das Spiel gekostet&#8220;, sagte Seider mit Blick auf die ersten drei Gegentore, &#8222;dann sind wir schnell kollabiert.&#8220;<\/p>\n<p class=\"Typography_text-default__P3otY Typography_weight-normal__pqUbH storyline_paragraph_p__qSR5N\">DEB-Sportvorstand Christian K\u00fcnast stellte bei MagentaTV erschrocken fest: &#8222;Wenn eine kleine Sache nicht passt, dann bricht gleich das Kartenhaus zusammen.&#8220; Er glaube nicht, dass &#8222;irgendwelche Art von Training irgendwas bewirken kann&#8220;. Die Baustellen sind so zahlreich, dass man den \u00dcberblick verliert. &#8222;Wir m\u00fcssen einfach alles besser machen&#8220;, sagte Tiffels nach seinem 100. L\u00e4nderspiel, &#8222;ob es das Powerplay oder das Unterzahlspiel ist, der Aufbau, die Passqualit\u00e4t.&#8220;<\/p>\n<p>Wo ist der Killerinstinkt?<\/p>\n<p class=\"Typography_text-default__P3otY Typography_weight-normal__pqUbH storyline_paragraph_p__qSR5N\">Nach nur zwei Toren in 180 WM-Minuten, keinem einzigen eigenen Treffer, aber einem Gegentor in 18 Minuten Powerplay, schon f\u00fcnf Gegentreffern in Unterzahl, somit einer Ausbeute von 0:6 in den &#8222;Special Teams&#8220; stellt sich auch die Frage nach der Qualit\u00e4t und dem Personal. &#8222;Es fehlen nat\u00fcrlich einige Topspieler mit viel Qualit\u00e4t&#8220;, sagte Tiffels mit Blick auf die zahlreichen prominenten Absagen. Seider vermisst vor allem eines: &#8222;Dieser Killerinstinkt, der muss kommen.&#8220;<\/p>\n<p class=\"Typography_text-default__P3otY Typography_weight-normal__pqUbH storyline_paragraph_p__qSR5N\">Defensive Rollen im Sturm sind doppelt besetzt, echte Torj\u00e4ger und kreative Angreifer dagegen rar. Den K\u00f6lner Dominik Bokk vor dem WM-Start aus Z\u00fcrich wieder nach Hause zu schicken und den Schwenninger Alexander Karachun nach der Generalprobe zu streichen &#8211; und somit auf zwei der vier besten deutschen Torsch\u00fctzen der DEL-Saison zu verzichten, f\u00e4llt dem Bundestrainer jetzt auf die F\u00fc\u00dfe. <\/p>\n<p class=\"Typography_text-s__wu_cm Typography_weight-normal__pqUbH Typography_color-darkgrey__sZEnP article-detail-footer_source__KslPc\">Quelle: ntv.de, tno\/sid<\/p>\n","protected":false},"excerpt":{"rendered":"Blitz-Debakel und Trainer-R\u00e4tselAusgerechnet vor Heim-WM: Der bittere Absturz des deutschen Eishockeys 19.05.2026, 14:30 Uhr Artikel anh\u00f6ren(04:16 min) Im&hellip;\n","protected":false},"author":2,"featured_media":1031781,"comment_status":"","ping_status":"","sticky":false,"template":"","format":"standard","meta":{"footnotes":"","_share_on_mastodon":"0"},"categories":[5],"tags":[331,332,3364,29,2100,30,13,14,15,7935,12,265],"class_list":["post-1031780","post","type-post","status-publish","format-standard","has-post-thumbnail","category-nachrichten","tag-aktuelle-nachrichten","tag-aktuelle-news","tag-de","tag-deutschland","tag-eishockey","tag-germany","tag-headlines","tag-nachrichten","tag-news","tag-nhl","tag-schlagzeilen","tag-sport"],"share_on_mastodon":{"url":"https:\/\/pubeurope.com\/@de\/116603557925681957","error":""},"_links":{"self":[{"href":"https:\/\/www.europesays.com\/de\/wp-json\/wp\/v2\/posts\/1031780","targetHints":{"allow":["GET"]}}],"collection":[{"href":"https:\/\/www.europesays.com\/de\/wp-json\/wp\/v2\/posts"}],"about":[{"href":"https:\/\/www.europesays.com\/de\/wp-json\/wp\/v2\/types\/post"}],"author":[{"embeddable":true,"href":"https:\/\/www.europesays.com\/de\/wp-json\/wp\/v2\/users\/2"}],"replies":[{"embeddable":true,"href":"https:\/\/www.europesays.com\/de\/wp-json\/wp\/v2\/comments?post=1031780"}],"version-history":[{"count":0,"href":"https:\/\/www.europesays.com\/de\/wp-json\/wp\/v2\/posts\/1031780\/revisions"}],"wp:featuredmedia":[{"embeddable":true,"href":"https:\/\/www.europesays.com\/de\/wp-json\/wp\/v2\/media\/1031781"}],"wp:attachment":[{"href":"https:\/\/www.europesays.com\/de\/wp-json\/wp\/v2\/media?parent=1031780"}],"wp:term":[{"taxonomy":"category","embeddable":true,"href":"https:\/\/www.europesays.com\/de\/wp-json\/wp\/v2\/categories?post=1031780"},{"taxonomy":"post_tag","embeddable":true,"href":"https:\/\/www.europesays.com\/de\/wp-json\/wp\/v2\/tags?post=1031780"}],"curies":[{"name":"wp","href":"https:\/\/api.w.org\/{rel}","templated":true}]}}