{"id":1031906,"date":"2026-05-19T23:26:53","date_gmt":"2026-05-19T23:26:53","guid":{"rendered":"https:\/\/www.europesays.com\/de\/1031906\/"},"modified":"2026-05-19T23:26:53","modified_gmt":"2026-05-19T23:26:53","slug":"vorfall-am-samstag-schuesse-auf-transporter-in-bielefeld-tatverdaechtiger-frei","status":"publish","type":"post","link":"https:\/\/www.europesays.com\/de\/1031906\/","title":{"rendered":"Vorfall am Samstag: Sch\u00fcsse auf Transporter in Bielefeld \u2013 Tatverd\u00e4chtiger frei"},"content":{"rendered":"<p class=\"paragraph article__item\">Nach Sch\u00fcssen auf einen Transporter in <a class=\"rtr-entity\" href=\"https:\/\/www.zeit.de\/thema\/bielefeld\" rel=\"nofollow noopener\" target=\"_blank\">Bielefeld<\/a> ist auch der zweite Tatverd\u00e4chtige wieder auf freiem Fu\u00df. Der 21-J\u00e4hrige aus Spenge im Kreis Herford habe f\u00fcr die Zeit der Schussabgabe ein Alibi, teilten die Ermittlungsbeh\u00f6rden mit. Bei seiner Festnahme am Sonntag hatte er gegen\u00fcber der Polizei noch keine Angaben gemacht. Bei der Vorf\u00fchrung beim Haftrichter hatte er dann laut Mitteilung einen anderen Aufenthaltsort genannt, der sich bei der \u00dcberpr\u00fcfung als richtig herausgestellt habe.\u00a0\n<\/p>\n<p>Aktuelles<\/p>\n<p>                <a href=\"https:\/\/www.zeit.de\/gesellschaft\/zeitgeschehen\/2026-05\/leipzig-auto-innenstadt-amokfahrt-tote-verletzte-polizei-sachsen-faq\" data-ct-label=\"Leipzig: Was \u00fcber die mutma\u00dfliche Amokfahrt in Leipzig bekannt ist\" data-uuid=\"543da285-996a-434c-8b94-98d1558c974a\" rel=\"nofollow noopener\" target=\"_blank\"><\/p>\n<p>        Z+ (abopflichtiger Inhalt);<\/p>\n<p>    Leipzig:<br \/>\n                        Was \u00fcber die mutma\u00dfliche Amokfahrt in Leipzig bekannt ist<\/p>\n<p>                <\/a><\/p>\n<p>                <a href=\"https:\/\/www.zeit.de\/gesellschaft\/zeitgeschehen\/2026-05\/leipzig-tatverdaechtiger-polizei-bekannt-tote\" data-ct-label=\"Mutma\u00dfliche Amokfahrt in Leipzig: Tatverd\u00e4chtiger von Leipzig war der Polizei bekannt\" data-uuid=\"49c20c17-8f04-4fda-95a1-abafa1dd4dda\" rel=\"nofollow noopener\" target=\"_blank\"><\/p>\n<p>                        Mutma\u00dfliche Amokfahrt in Leipzig:<br \/>\n                        Tatverd\u00e4chtiger von Leipzig war der Polizei bekannt<\/p>\n<p>                <\/a><\/p>\n<p>                <a href=\"https:\/\/www.zeit.de\/politik\/deutschland\/2026-04\/messerangriff-essen-berufskolleg-bundesanwaltschaft-anklage-gxe\" data-ct-label=\"Attacke gegen Lehrerin in Essen: Anklage wegen versuchten Mordes gegen mutma\u00dflichen Messerangreifer\" data-uuid=\"1c8cba48-b69f-4033-bdf0-c0ba9cfb47fd\" rel=\"nofollow noopener\" target=\"_blank\"><\/p>\n<p>                        Attacke gegen Lehrerin in Essen:<br \/>\n                        Anklage wegen versuchten Mordes gegen mutma\u00dflichen Messerangreifer<\/p>\n<p>                <\/a><\/p>\n<p class=\"paragraph article__item\">Unter Tatverdacht geraten war der Mann aus Spenge, weil an ihn zum Tatzeitpunkt ein Auto mit Wuppertaler Kennzeichen vermietet war. Dieses Fahrzeug hatte den Ort nach der Schussabgabe verlassen.\u00a0\n<\/p>\n<p>        Erste Fahndung zun\u00e4chst ohne Erfolg        <\/p>\n<p class=\"paragraph article__item\">Am sp\u00e4ten Samstagabend hatten Anwohner die Sch\u00fcsse auf dem Parkplatz eines Supermarktes gemeldet. Zwei Autos, darunter der Transporter, auf den geschossen wurde, waren davongefahren. Kurz darauf habe ein Mann einen Verletzten mit einer Schusswunde im Kopfbereich in ein Krankenhaus gebracht, hatte die <a class=\"rtr-entity\" href=\"https:\/\/www.zeit.de\/thema\/polizei\" rel=\"nofollow noopener\" target=\"_blank\">Polizei<\/a> am Wochenende mitgeteilt. Der Mann war schwer verletzt, Lebensgefahr bestand aber nicht.\u00a0\n<\/p>\n<p class=\"paragraph article__item\">Eine erste Fahndung nach den T\u00e4tern verlief zun\u00e4chst ohne Erfolg. Die Polizei richtete eine Mordkommission ein und ermittelte am n\u00e4chsten Morgen zwei Tatverd\u00e4chtige. Einer von beiden kam bereits kurz nach seiner vorl\u00e4ufigen Festnahme wieder frei. Der Zweite wurde jetzt aus der Untersuchungshaft entlassen.\n<\/p>\n<p class=\"paragraph article__item\">\u00a9 dpa-infocom, dpa:260519-930-100740\/2<\/p>\n","protected":false},"excerpt":{"rendered":"Nach Sch\u00fcssen auf einen Transporter in Bielefeld ist auch der zweite Tatverd\u00e4chtige wieder auf freiem Fu\u00df. Der 21-J\u00e4hrige&hellip;\n","protected":false},"author":2,"featured_media":1031907,"comment_status":"","ping_status":"","sticky":false,"template":"","format":"standard","meta":{"footnotes":"","_share_on_mastodon":"0"},"categories":[1841],"tags":[513,1605,3364,29,7830,980,30,26267,15,1209,121,34551,55150,3603,221402],"class_list":["post-1031906","post","type-post","status-publish","format-standard","has-post-thumbnail","category-bielefeld","tag-auto","tag-bielefeld","tag-de","tag-deutschland","tag-erfolg","tag-festnahme","tag-germany","tag-kreis-herford","tag-news","tag-nordrhein-westfalen","tag-polizei","tag-schussabgabe","tag-spenge","tag-transporter","tag-vorfall-am-samstag"],"share_on_mastodon":{"url":"https:\/\/pubeurope.com\/@de\/116603836587175449","error":""},"_links":{"self":[{"href":"https:\/\/www.europesays.com\/de\/wp-json\/wp\/v2\/posts\/1031906","targetHints":{"allow":["GET"]}}],"collection":[{"href":"https:\/\/www.europesays.com\/de\/wp-json\/wp\/v2\/posts"}],"about":[{"href":"https:\/\/www.europesays.com\/de\/wp-json\/wp\/v2\/types\/post"}],"author":[{"embeddable":true,"href":"https:\/\/www.europesays.com\/de\/wp-json\/wp\/v2\/users\/2"}],"replies":[{"embeddable":true,"href":"https:\/\/www.europesays.com\/de\/wp-json\/wp\/v2\/comments?post=1031906"}],"version-history":[{"count":0,"href":"https:\/\/www.europesays.com\/de\/wp-json\/wp\/v2\/posts\/1031906\/revisions"}],"wp:featuredmedia":[{"embeddable":true,"href":"https:\/\/www.europesays.com\/de\/wp-json\/wp\/v2\/media\/1031907"}],"wp:attachment":[{"href":"https:\/\/www.europesays.com\/de\/wp-json\/wp\/v2\/media?parent=1031906"}],"wp:term":[{"taxonomy":"category","embeddable":true,"href":"https:\/\/www.europesays.com\/de\/wp-json\/wp\/v2\/categories?post=1031906"},{"taxonomy":"post_tag","embeddable":true,"href":"https:\/\/www.europesays.com\/de\/wp-json\/wp\/v2\/tags?post=1031906"}],"curies":[{"name":"wp","href":"https:\/\/api.w.org\/{rel}","templated":true}]}}