{"id":1032002,"date":"2026-05-20T00:23:20","date_gmt":"2026-05-20T00:23:20","guid":{"rendered":"https:\/\/www.europesays.com\/de\/1032002\/"},"modified":"2026-05-20T00:23:20","modified_gmt":"2026-05-20T00:23:20","slug":"fanparty-fuer-dara-mega-party-in-sofia-fuer-esc-siegerin-dara-unterhaltung","status":"publish","type":"post","link":"https:\/\/www.europesays.com\/de\/1032002\/","title":{"rendered":"Fanparty f\u00fcr Dara: Mega-Party in Sofia f\u00fcr ESC-Siegerin Dara &#8211; Unterhaltung"},"content":{"rendered":"<p>Die Fans skandierten immer wieder &#8222;Dara!&#8220;, &#8222;Dara!&#8220;, bis die S\u00e4ngerin im exzentrischen Outfit auf die B\u00fchne kam. &#8222;Mein Traum war, es zu schaffen, Menschen zu vereinigen und euch alle hier zusammen zu sehen&#8220;, sagte Dara. Sie k\u00fcndigte f\u00fcr dieses Jahr ein Konzert in der gro\u00dfen Arena 8888 Sofia an &#8211; dies ist die Halle, in der der ESC (Eurovision Song Contest) im n\u00e4chsten Jahr in Sofia ausgetragen werden k\u00f6nnte.<\/p>\n","protected":false},"excerpt":{"rendered":"Die Fans skandierten immer wieder &#8222;Dara!&#8220;, &#8222;Dara!&#8220;, bis die S\u00e4ngerin im exzentrischen Outfit auf die B\u00fchne kam. &#8222;Mein&hellip;\n","protected":false},"author":2,"featured_media":1032003,"comment_status":"","ping_status":"","sticky":false,"template":"","format":"standard","meta":{"footnotes":"","_share_on_mastodon":"0"},"categories":[1772],"tags":[28206,29,214,4629,30,2549,62,1779,810,142726,1433,215],"class_list":["post-1032002","post","type-post","status-publish","format-standard","has-post-thumbnail","category-musik","tag-bulgarien","tag-deutschland","tag-entertainment","tag-esc","tag-germany","tag-leute","tag-medien","tag-music","tag-musik","tag-nopw","tag-oesterreich","tag-unterhaltung"],"share_on_mastodon":{"url":"https:\/\/pubeurope.com\/@de\/116604056886530855","error":""},"_links":{"self":[{"href":"https:\/\/www.europesays.com\/de\/wp-json\/wp\/v2\/posts\/1032002","targetHints":{"allow":["GET"]}}],"collection":[{"href":"https:\/\/www.europesays.com\/de\/wp-json\/wp\/v2\/posts"}],"about":[{"href":"https:\/\/www.europesays.com\/de\/wp-json\/wp\/v2\/types\/post"}],"author":[{"embeddable":true,"href":"https:\/\/www.europesays.com\/de\/wp-json\/wp\/v2\/users\/2"}],"replies":[{"embeddable":true,"href":"https:\/\/www.europesays.com\/de\/wp-json\/wp\/v2\/comments?post=1032002"}],"version-history":[{"count":0,"href":"https:\/\/www.europesays.com\/de\/wp-json\/wp\/v2\/posts\/1032002\/revisions"}],"wp:featuredmedia":[{"embeddable":true,"href":"https:\/\/www.europesays.com\/de\/wp-json\/wp\/v2\/media\/1032003"}],"wp:attachment":[{"href":"https:\/\/www.europesays.com\/de\/wp-json\/wp\/v2\/media?parent=1032002"}],"wp:term":[{"taxonomy":"category","embeddable":true,"href":"https:\/\/www.europesays.com\/de\/wp-json\/wp\/v2\/categories?post=1032002"},{"taxonomy":"post_tag","embeddable":true,"href":"https:\/\/www.europesays.com\/de\/wp-json\/wp\/v2\/tags?post=1032002"}],"curies":[{"name":"wp","href":"https:\/\/api.w.org\/{rel}","templated":true}]}}