{"id":1032145,"date":"2026-05-20T01:42:19","date_gmt":"2026-05-20T01:42:19","guid":{"rendered":"https:\/\/www.europesays.com\/de\/1032145\/"},"modified":"2026-05-20T01:42:19","modified_gmt":"2026-05-20T01:42:19","slug":"maischberger-i-kloeckner-kontert-habeck-davon-geht-gesellschaft-nicht-unter","status":"publish","type":"post","link":"https:\/\/www.europesays.com\/de\/1032145\/","title":{"rendered":"Maischberger I Kl\u00f6ckner kontert Habeck: Davon geht Gesellschaft nicht unter"},"content":{"rendered":"<p>Debatte um Regenbogenflagge <\/p>\n<p>Kl\u00f6ckner rechnet bei &#8222;Maischberger&#8220; mit Habeck ab<\/p>\n<p>20.05.2026 &#8211; 02:07 UhrLesedauer: 4 Min.<\/p>\n<p><a href=\"#focus-0\" class=\"transition-colors duration-200 block text-current relative\" data-sctrack=\"FocusGalleryImage.Reference\"><img fetchpriority=\"high\" data-testid=\"Opener.Image\"   loading=\"eager\" src=\"https:\/\/www.europesays.com\/de\/wp-content\/uploads\/2026\/05\/v-l-julia-kloeckner-cdu-bundestagspraesidentin-ger-berlin-studio-zu-gast-bei-maischberger-politische.jpeg\" alt=\"imago images 0857063934\" title=\"imago images 0857063934\" width=\"4000\" height=\"2250\" class=\"bg-[url:var(--lqipURL)] bg-cover bg-center flex h-full w-full max-w-full\" style=\"--lqipURL:url('https:\/\/images.t-online.de\/2026\/05\/v34phIkNMS97\/0x209:4000x2250\/fit-in\/150x0\/filters:blur(25)\/v-l-julia-kloeckner-cdu-bundestagspraesidentin-ger-berlin-studio-zu-gast-bei-maischberger-politische-talkshow-tv-format-mit-moderatorin-sandra-maischberger-das-erste-aus-adlershof-am-studio-20-19-mai-2026-v-l-julia-kloeckner-cdu-bundestag-president-ger-berlin-studio-guest-on-maischberger-political-talk-show-tv-format-with-presenter-sandra-maischberger-das-erste-from-adlershof-am-studio-20-may-19-2026-copyright-hmbxmedia-uwexkoch.jpg')\" decoding=\"async\"\/><img loading=\"lazy\" src=\"https:\/\/www.t-online.de\/s\/paper\/_next\/static\/media\/zoom-in.f7dae02f.svg\" alt=\"Vergr\u00f6\u00dfern des Bildes\" title=\"Vergr\u00f6\u00dfern des Bildes\" class=\"block h-[calc(var(--height)_\/_16_*_1rem)] w-[calc(var(--width)_\/_16_*_1rem)] max-w-none absolute bottom-8 right-8 rounded-4 bg-snow p-8\" style=\"--width:32;--height:32\" decoding=\"async\"\/><\/a><\/p>\n<p>Julia Kl\u00f6ckner bei &#8222;Maischberger&#8220;: (Quelle: IMAGO\/Uwe Koch\/imago)<\/p>\n<p><img loading=\"lazy\" src=\"https:\/\/www.t-online.de\/s\/paper\/_next\/static\/media\/audio-volume.6689034c.svg\" alt=\"\" title=\"\" class=\"block h-[calc(var(--height)_\/_16_*_1rem)] w-[calc(var(--width)_\/_16_*_1rem)] max-w-none group-hover:brightness-0 group-hover:invert\" style=\"--width:16;--height:16\" decoding=\"async\"\/>Vorlesen<\/p>\n<p>Aktuelle Zeit:0:00Gesamtdauer:0:00<\/p>\n<p>1x<\/p>\n<p class=\"text-center\">Jetzt neu bei t-online:<\/p>\n<p class=\"text-center\">Schriftgr\u00f6\u00dfe anpassen!<\/p>\n<p><img loading=\"lazy\" src=\"https:\/\/www.t-online.de\/s\/paper\/_next\/static\/media\/font-sizes.32942e33.svg\" alt=\"\" title=\"\" class=\"block h-[calc(var(--height)_\/_16_*_1rem)] w-[calc(var(--width)_\/_16_*_1rem)] max-w-none group-hover:hidden group-aria-expanded:hidden\" style=\"--width:16;--height:16\" decoding=\"async\"\/><img loading=\"lazy\" src=\"https:\/\/www.t-online.de\/s\/paper\/_next\/static\/media\/font-sizes-dark-mode.e382645c.svg\" alt=\"\" title=\"\" class=\"block h-[calc(var(--height)_\/_16_*_1rem)] w-[calc(var(--width)_\/_16_*_1rem)] max-w-none hidden group-hover:block group-aria-expanded:block\" style=\"--width:16;--height:16\" decoding=\"async\"\/><img loading=\"lazy\" src=\"https:\/\/www.t-online.de\/s\/paper\/_next\/static\/media\/sharing-menu-icon.1eb71368.svg\" alt=\"\" title=\"\" class=\"block h-[calc(var(--height)_\/_16_*_1rem)] w-[calc(var(--width)_\/_16_*_1rem)] max-w-none group-hover:brightness-0 group-hover:invert\" style=\"--width:16;--height:16\" decoding=\"async\"\/>Artikel teilen<\/p>\n<p class=\"font-bold text-18 leading-17 user-text-lg:text-22 user-text-xl:text-24\">Julia Kl\u00f6ckner verteidigt bei &#8222;Maischberger&#8220; ihre Haltung zur Regenbogenflagge \u2013 und weist Habeck zurecht. Ralf Stegner warnt vor einer Minderheitsregierung.<\/p>\n<p class=\"text-18 leading-17 user-text-lg:text-22 user-text-xl:text-24\">Bundestagspr\u00e4sidentin <a class=\"transition-colors duration-200 cursor-pointer text-inherit no-underline text-salemsfur md:hover:text-magenta md:hover:border-magenta md:focus:text-magenta border-current border-b border-solid break-words\" data-tracking=\"{&quot;action&quot;:&quot;click&quot;,&quot;category&quot;:&quot;intextLink&quot;,&quot;label&quot;:&quot;\/themen\/julia-kloeckner\/&quot;}\" href=\"https:\/\/www.t-online.de\/themen\/julia-kloeckner\/\" data-sctrack=\"BodyAnchor\" rel=\"nofollow noopener\" target=\"_blank\">Julia Kl\u00f6ckner<\/a> (CDU) bekr\u00e4ftigt ihre Entscheidung, die Regenbogenflagge nicht am <a class=\"transition-colors duration-200 cursor-pointer text-inherit no-underline text-salemsfur md:hover:text-magenta md:hover:border-magenta md:focus:text-magenta border-current border-b border-solid break-words\" data-tracking=\"{&quot;action&quot;:&quot;click&quot;,&quot;category&quot;:&quot;intextLink&quot;,&quot;label&quot;:&quot;\/themen\/christopher-street-day\/&quot;}\" href=\"https:\/\/www.t-online.de\/themen\/christopher-street-day\/\" data-sctrack=\"BodyAnchor\" rel=\"nofollow noopener\" target=\"_blank\">Christopher Street Day<\/a> (CSD) auf dem Reichstag zu hissen. Eine gewisse politische Neutralit\u00e4t des Parlaments werde auch durch Symbole gewahrt, &#8222;die f\u00fcr das gesamte deutsche Volk stehen&#8220;, wie die Bundesflagge, sagte Kl\u00f6ckner am Dienstagabend in der ARD-Sendung &#8222;Maischberger&#8220;. &#8222;Wenn es einzelne gesellschaftliche Bewegungen gibt, ist die Frage: Muss sich der Deutsche Bundestag die dann auch noch auf dem Geb\u00e4ude zu eigen machen?&#8220;, sagte sie.<\/p>\n<ul class=\"text-18 leading-17 block pl-24 *:pb-16 *:before:inline-block *:before:size-8 *:before:bg-magenta *:before:-ml-[20px] *:before:mb-2 *:before:mr-12 *:before:mt-0\">\n<li><strong class=\"font-bold\">Julia Kl\u00f6ckner<\/strong> (CDU), Bundestagspr\u00e4sidentin<\/li>\n<li><strong class=\"font-bold\">Ralf Stegner<\/strong> (SPD), Bundestagsabgeordneter<\/li>\n<li><strong class=\"font-bold\">Veronika Grimm<\/strong>, Wirtschaftsweise<\/li>\n<li><strong class=\"font-bold\">Christoph Schwennicke<\/strong>, t-online-Politikchef<\/li>\n<li><strong class=\"font-bold\">Theo Koll<\/strong>, Journalist und Moderator<\/li>\n<li><strong class=\"font-bold\">Victoria Reichelt<\/strong>, ZDF-Journalistin<\/li>\n<\/ul>\n<p class=\"text-18 leading-17 user-text-lg:text-22 user-text-xl:text-24\">Kl\u00f6ckner hatte im ersten Jahr im Amt mit ihrer Entscheidung zum CSD f\u00fcr Aufsehen gesorgt, die Regenbogenflagge aber j\u00fcngst am 17. Mai zum Internationalen Tag gegen Homo-, Bi-, Inter- und Transfeindlichkeit \u00fcber dem Parlament hissen lassen. Dieser Anlass habe einen parlamentarischen Bezug, bekr\u00e4ftigte sie bei &#8222;Maischberger&#8220;. Als die Moderatorin die Kritik des ehemaligen Bundeswirtschaftsministers <a class=\"transition-colors duration-200 cursor-pointer text-inherit no-underline text-salemsfur md:hover:text-magenta md:hover:border-magenta md:focus:text-magenta border-current border-b border-solid break-words\" data-tracking=\"{&quot;action&quot;:&quot;click&quot;,&quot;category&quot;:&quot;intextLink&quot;,&quot;label&quot;:&quot;\/themen\/robert-habeck\/&quot;}\" href=\"https:\/\/www.t-online.de\/themen\/robert-habeck\/\" data-sctrack=\"BodyAnchor\" rel=\"nofollow noopener\" target=\"_blank\">Robert Habeck<\/a> (B\u00fcndnis 90\/Die Gr\u00fcnen) dazu ansprach, wurde Kl\u00f6ckner deutlich.<\/p>\n<p>Kl\u00f6ckner weist Habeck zurecht<\/p>\n<p class=\"text-18 leading-17 user-text-lg:text-22 user-text-xl:text-24\">Habeck hatte im August 2025 kritisiert, Kl\u00f6ckner spalte mit ihrer Entscheidung die Gesellschaft. Damals wollte sich die CDU-Politikerin dazu nicht \u00e4u\u00dfern. &#8222;Das muss ich nicht kommentieren. Er ist kein Parlamentarier mehr&#8220;, sagte Kl\u00f6ckner auch jetzt in der Sendung. Dann aber schwenkte sie doch um. An Habecks Zitaten zeige sich auch, woran die Gesellschaft kranke, dass n\u00e4mlich anderslautende Meinungen sofort &#8222;moralisierend abgetan&#8220; w\u00fcrden. &#8222;Aber das ist weder demokratiegef\u00e4hrdend noch geht die Gesellschaft unter&#8220;, sagte Kl\u00f6ckner. &#8222;Wir m\u00fcssen wieder lernen, dass der Andere auch mal recht haben oder eine andere Meinung haben kann.&#8220;<\/p>\n<p>Empfohlener externer Inhalt<img loading=\"lazy\" src=\"https:\/\/www.t-online.de\/s\/paper\/_next\/static\/media\/twitter.03437b71.svg\" alt=\"X\" title=\"X\" class=\"block h-[calc(var(--height)_\/_16_*_1rem)] w-[calc(var(--width)_\/_16_*_1rem)] max-w-none undefined\" style=\"--height:24\" decoding=\"async\"\/>X<\/p>\n<p class=\"text-14 leading-15\">Wir ben\u00f6tigen Ihre Einwilligung, um den von unserer Redaktion eingebundenen X-Inhalt anzuzeigen. Sie k\u00f6nnen diesen (und damit auch alle weiteren X-Inhalte auf t-online.de) mit einem Klick anzeigen lassen und auch wieder deaktivieren.<\/p>\n<p>X-Inhalte immer anzeigen<\/p>\n<p>Ich bin damit einverstanden, dass mir externe Inhalte angezeigt werden. Damit k\u00f6nnen personenbezogene Daten an Drittplattformen \u00fcbermittelt werden. <a target=\"_blank\" class=\"transition-colors duration-200 cursor-pointer text-inherit no-underline text-magenta\" href=\"https:\/\/www.t-online.de\/datenschutz\/id_88397036\/index#17-externe-inhalte\" rel=\"nofollow noopener\">Mehr dazu in unseren Datenschutzhinweisen<\/a>.<\/p>\n<p class=\"text-18 leading-17 user-text-lg:text-22 user-text-xl:text-24\">Die Bundestagspr\u00e4sidentin wies im Gespr\u00e4ch mit <a class=\"transition-colors duration-200 cursor-pointer text-inherit no-underline text-salemsfur md:hover:text-magenta md:hover:border-magenta md:focus:text-magenta border-current border-b border-solid break-words\" data-tracking=\"{&quot;action&quot;:&quot;click&quot;,&quot;category&quot;:&quot;intextLink&quot;,&quot;label&quot;:&quot;\/themen\/sandra-maischberger\/&quot;}\" href=\"https:\/\/www.t-online.de\/themen\/sandra-maischberger\/\" data-sctrack=\"BodyAnchor\" rel=\"nofollow noopener\" target=\"_blank\">Sandra Maischberger<\/a> zudem Vorw\u00fcrfe zur\u00fcck, sie w\u00fcrde Abgeordnete von <a class=\"transition-colors duration-200 cursor-pointer text-inherit no-underline text-salemsfur md:hover:text-magenta md:hover:border-magenta md:focus:text-magenta border-current border-b border-solid break-words\" data-tracking=\"{&quot;action&quot;:&quot;click&quot;,&quot;category&quot;:&quot;intextLink&quot;,&quot;label&quot;:&quot;\/themen\/alternative-fuer-deutschland\/&quot;}\" href=\"https:\/\/www.t-online.de\/themen\/alternative-fuer-deutschland\/\" data-sctrack=\"BodyAnchor\" rel=\"nofollow noopener\" target=\"_blank\">AfD<\/a> oder Linkspartei ungerechtfertigt mit Ordnungsrufen ins Visier nehmen, Politiker ihrer eigenen Fraktion oder der <a class=\"transition-colors duration-200 cursor-pointer text-inherit no-underline text-salemsfur md:hover:text-magenta md:hover:border-magenta md:focus:text-magenta border-current border-b border-solid break-words\" data-tracking=\"{&quot;action&quot;:&quot;click&quot;,&quot;category&quot;:&quot;intextLink&quot;,&quot;label&quot;:&quot;\/themen\/spd\/&quot;}\" href=\"https:\/\/www.t-online.de\/themen\/spd\/\" data-sctrack=\"BodyAnchor\" rel=\"nofollow noopener\" target=\"_blank\">SPD<\/a> hingegen verschonen. Kl\u00f6ckner sagte: Hochgeschaukeltes Verhalten im Parlament diene oft weniger der Debatte vor Ort, sondern sei mehr Selbstzweck f\u00fcr die eigene TikTok-Anh\u00e4ngerschaft.<\/p>\n<p class=\"text-18 leading-17 user-text-lg:text-22 user-text-xl:text-24\">Auf Maischbergers Frage, ob die Koalition die gesamte Legislaturperiode halten werde, entgegnete Kl\u00f6ckner zwar: &#8222;Es gibt immer \u00dcberraschungen.&#8220; Sie warf zugleich aber den Medien vor, sich bei der Berichterstattung auf negative Aspekte zu konzentrieren. Eine Minderheitsregierung lehnte die nach dem Bundespr\u00e4sidenten zweith\u00f6chste Repr\u00e4sentantin des Staates strikt ab. Deutschland m\u00fcsse ein verl\u00e4sslicher Partner in Europa sein. In einer Minderheitsregierung wisse man hingegen nie, wie etwas ausgehe.<\/p>\n","protected":false},"excerpt":{"rendered":"Debatte um Regenbogenflagge Kl\u00f6ckner rechnet bei &#8222;Maischberger&#8220; mit Habeck ab 20.05.2026 &#8211; 02:07 UhrLesedauer: 4 Min. Julia Kl\u00f6ckner&hellip;\n","protected":false},"author":2,"featured_media":1032146,"comment_status":"","ping_status":"","sticky":false,"template":"","format":"standard","meta":{"footnotes":"","_share_on_mastodon":"0"},"categories":[1773],"tags":[44399,1217,326,186,223,1180,21,31,92616,30485,29,214,30,28296,127412,39193,1178,15213,471,1780,184,226,221455,215,20096,221456,1448],"class_list":["post-1032145","post","type-post","status-publish","format-standard","has-post-thumbnail","category-serien","tag-regenbogenflagge","tag-1217","tag-326","tag-afd","tag-ard","tag-bundestag","tag-buendnis-90-die-gruenen","tag-cdu","tag-christoph-schwennicke","tag-christopher-street-day","tag-deutschland","tag-entertainment","tag-germany","tag-julia-kloeckner","tag-minderheitsregierung","tag-ralf-stegner","tag-robert-habeck","tag-sandra-maischberger","tag-serien","tag-series","tag-spd","tag-t-online","tag-theo-koll","tag-unterhaltung","tag-veronika-grimm","tag-victoria-reichelt","tag-zdf"],"share_on_mastodon":{"url":"https:\/\/pubeurope.com\/@de\/116604368000518992","error":""},"_links":{"self":[{"href":"https:\/\/www.europesays.com\/de\/wp-json\/wp\/v2\/posts\/1032145","targetHints":{"allow":["GET"]}}],"collection":[{"href":"https:\/\/www.europesays.com\/de\/wp-json\/wp\/v2\/posts"}],"about":[{"href":"https:\/\/www.europesays.com\/de\/wp-json\/wp\/v2\/types\/post"}],"author":[{"embeddable":true,"href":"https:\/\/www.europesays.com\/de\/wp-json\/wp\/v2\/users\/2"}],"replies":[{"embeddable":true,"href":"https:\/\/www.europesays.com\/de\/wp-json\/wp\/v2\/comments?post=1032145"}],"version-history":[{"count":0,"href":"https:\/\/www.europesays.com\/de\/wp-json\/wp\/v2\/posts\/1032145\/revisions"}],"wp:featuredmedia":[{"embeddable":true,"href":"https:\/\/www.europesays.com\/de\/wp-json\/wp\/v2\/media\/1032146"}],"wp:attachment":[{"href":"https:\/\/www.europesays.com\/de\/wp-json\/wp\/v2\/media?parent=1032145"}],"wp:term":[{"taxonomy":"category","embeddable":true,"href":"https:\/\/www.europesays.com\/de\/wp-json\/wp\/v2\/categories?post=1032145"},{"taxonomy":"post_tag","embeddable":true,"href":"https:\/\/www.europesays.com\/de\/wp-json\/wp\/v2\/tags?post=1032145"}],"curies":[{"name":"wp","href":"https:\/\/api.w.org\/{rel}","templated":true}]}}