{"id":1032216,"date":"2026-05-20T02:24:19","date_gmt":"2026-05-20T02:24:19","guid":{"rendered":"https:\/\/www.europesays.com\/de\/1032216\/"},"modified":"2026-05-20T02:24:19","modified_gmt":"2026-05-20T02:24:19","slug":"wegen-neuer-eu-regeln-gegen-greenwashing-hersteller-fuerchten-massive-vernichtung-brauchbarer-produkte","status":"publish","type":"post","link":"https:\/\/www.europesays.com\/de\/1032216\/","title":{"rendered":"Wegen neuer EU-Regeln gegen \u00abGreenwashing\u00bb: Hersteller f\u00fcrchten massive Vernichtung brauchbarer Produkte"},"content":{"rendered":"<p>Neue EU-Regeln gegen sogenanntes Greenwashing k\u00f6nnten ab Herbst Millionen Alltagsprodukte in Europa unverk\u00e4uflich machen. Dar\u00fcber <a href=\"https:\/\/www.bild.de\/politik\/eu-irrsinn-um-greenwashing-landen-millionen-shampoo-flaschen-bald-im-muell-6a0b1bde37d84a6d6ae9c0a7\" rel=\"nofollow noopener\" target=\"_blank\">berichtet die Bild<\/a> unter Berufung auf ein internes Memo des deutschen Markenverbands. Betroffen w\u00e4ren unter anderem Shampoo, Waschmittel, Kaffee, Babynahrung und haltbare Lebensmittel, obwohl Inhalt und Qualit\u00e4t der Produkte unver\u00e4ndert bleiben.<\/p>\n<p>                <img src=\"https:\/\/www.europesays.com\/de\/wp-content\/uploads\/2026\/05\/619548765_highres-1024x628.jpg\" alt=\"BARBARA GINDL \/ KEYSTONE\" itemprop=\"contentUrl\" class=\"story-img story-img--landscape\" loading=\"lazy\" decoding=\"async\"\/><\/p>\n<p>                                                    ABD0042_20240710 &#8211; ENNS &#8211; \u00d6STERREICH: ++ THEMENBILD ++ Projekt Zukunftsbild: Die modernste Kunststoff-Sortieranlage Europas steht in Enns (Ober\u00f6sterreich)<br \/>\n                                                                            <\/p>\n<p>                                        BARBARA GINDL \/ KEYSTONE<\/p>\n<p>Hintergrund ist die neue EU-Richtlinie \u00abEmpowering Consumers for the Green Transition\u00bb, mit der Br\u00fcssel strengere Vorgaben f\u00fcr Umwelt- und Nachhaltigkeitswerbung einf\u00fchren will. Ab dem 27. September 2026 m\u00fcssen Unternehmen Begriffe wie \u00abumweltfreundlich\u00bb oder \u00abklimaneutral\u00bb deutlich genauer belegen. Auch Nachhaltigkeitssiegel werden st\u00e4rker reguliert. Produkte mit \u00e4lteren Verpackungen k\u00f6nnten dadurch rechtlich angreifbar werden, obwohl sie bislang vollst\u00e4ndig den geltenden Vorschriften entsprachen.<\/p>\n<p>\n                 _e(&#8218;Werbung&#8216;, &#8218;weltwoche&#8216;); ?&gt;\n            <\/p>\n<p>Der Markenverband warnt vor erheblichen Folgen f\u00fcr Handel und Industrie. Viele Waren w\u00fcrden Monate oder sogar Jahre im Voraus produziert, verpackt und eingelagert. Millionen bereits hergestellter Verpackungen m\u00fcssten deshalb m\u00f6glicherweise vernichtet, \u00fcberklebt oder neu produziert werden. Verbandschef Patrick Kammerer sagte zur Bild: \u00abAm Ende k\u00f6nnten v\u00f6llig brauchbare Produkte im M\u00fcll landen \u2013 nur weil sich Regeln auf der Verpackung \u00e4ndern.\u00bb Der zus\u00e4tzliche Aufwand und die Kosten seien enorm.<\/p>\n<p>Besonders brisant ist der Zeitdruck. Laut dem Bericht verlangen einzelne Handelsketten bereits ab Juni neue Verpackungen \u2013 also noch vor Inkrafttreten der eigentlichen Vorschriften. Zwar habe die EU-Kommission nationale Beh\u00f6rden aufgefordert, die neuen Regeln \u00abmit Augenmass\u00bb umzusetzen. Branchenvertreter bezweifeln jedoch, dass dies in der Praxis ausreichen wird.<\/p>\n","protected":false},"excerpt":{"rendered":"Neue EU-Regeln gegen sogenanntes Greenwashing k\u00f6nnten ab Herbst Millionen Alltagsprodukte in Europa unverk\u00e4uflich machen. Dar\u00fcber berichtet die Bild&hellip;\n","protected":false},"author":2,"featured_media":1032217,"comment_status":"","ping_status":"","sticky":false,"template":"","format":"standard","meta":{"footnotes":"","_share_on_mastodon":"0"},"categories":[3933],"tags":[331,332,548,663,158,3934,3935,1014,13,54,4507,14,15,12,383,55],"class_list":["post-1032216","post","type-post","status-publish","format-standard","has-post-thumbnail","category-eu","tag-aktuelle-nachrichten","tag-aktuelle-news","tag-eu","tag-europa","tag-europaeische-union","tag-europe","tag-european-union","tag-gesetzgebung","tag-headlines","tag-industrie","tag-nachhaltigkeit","tag-nachrichten","tag-news","tag-schlagzeilen","tag-umwelt","tag-wirtschaft"],"share_on_mastodon":{"url":"https:\/\/pubeurope.com\/@de\/116604533953021829","error":""},"_links":{"self":[{"href":"https:\/\/www.europesays.com\/de\/wp-json\/wp\/v2\/posts\/1032216","targetHints":{"allow":["GET"]}}],"collection":[{"href":"https:\/\/www.europesays.com\/de\/wp-json\/wp\/v2\/posts"}],"about":[{"href":"https:\/\/www.europesays.com\/de\/wp-json\/wp\/v2\/types\/post"}],"author":[{"embeddable":true,"href":"https:\/\/www.europesays.com\/de\/wp-json\/wp\/v2\/users\/2"}],"replies":[{"embeddable":true,"href":"https:\/\/www.europesays.com\/de\/wp-json\/wp\/v2\/comments?post=1032216"}],"version-history":[{"count":0,"href":"https:\/\/www.europesays.com\/de\/wp-json\/wp\/v2\/posts\/1032216\/revisions"}],"wp:featuredmedia":[{"embeddable":true,"href":"https:\/\/www.europesays.com\/de\/wp-json\/wp\/v2\/media\/1032217"}],"wp:attachment":[{"href":"https:\/\/www.europesays.com\/de\/wp-json\/wp\/v2\/media?parent=1032216"}],"wp:term":[{"taxonomy":"category","embeddable":true,"href":"https:\/\/www.europesays.com\/de\/wp-json\/wp\/v2\/categories?post=1032216"},{"taxonomy":"post_tag","embeddable":true,"href":"https:\/\/www.europesays.com\/de\/wp-json\/wp\/v2\/tags?post=1032216"}],"curies":[{"name":"wp","href":"https:\/\/api.w.org\/{rel}","templated":true}]}}