{"id":1032310,"date":"2026-05-20T03:17:14","date_gmt":"2026-05-20T03:17:14","guid":{"rendered":"https:\/\/www.europesays.com\/de\/1032310\/"},"modified":"2026-05-20T03:17:14","modified_gmt":"2026-05-20T03:17:14","slug":"us-praesident-us-justizministerium-untersagt-pruefung-von-trumps-steuererklaerung","status":"publish","type":"post","link":"https:\/\/www.europesays.com\/de\/1032310\/","title":{"rendered":"US-Pr\u00e4sident: US-Justizministerium untersagt Pr\u00fcfung von Trumps Steuererkl\u00e4rung"},"content":{"rendered":"<p class=\"paragraph article__item\">US-Pr\u00e4sident <a class=\"rtr-entity\" href=\"https:\/\/www.zeit.de\/thema\/donald-trump\" rel=\"nofollow noopener\" target=\"_blank\">Donald Trump<\/a> hat im Gegenzug f\u00fcr die Beilegung seiner 10-Milliarden-Dollar-Klage gegen die Steuerbeh\u00f6rde IRS weitere umfangreiche Zugest\u00e4ndnisse erhalten. Als Teil einer Vergleichsvereinbarung sei es den Vereinigten Staaten \u00bbf\u00fcr immer untersagt und verwehrt\u00ab, Steuererkl\u00e4rungen Trumps, seiner S\u00f6hne sowie Steuerangelegenheiten der Trump Organization zu pr\u00fcfen oder strafrechtlich zu verfolgen, <a href=\"https:\/\/www.justice.gov\/opa\/media\/1441216\/dl\" target=\"_blank\" rel=\"nofollow noopener\">hie\u00df es in einer kurzen Mitteilung<\/a>, die das Justizministerium auf seiner Internetseite ver\u00f6ffentlichte.\n<\/p>\n<p class=\"paragraph article__item\">Laut Justizminister Todd Blanche ist dieser neue Zusatz Teil einer am Montag verk\u00fcndeten Einigung zwischen Trump und der Steuerbeh\u00f6rde. Trump hatte diese auf eine Milliardensumme verklagt, weil ein Mitarbeiter seine <a class=\"rtr-entity\" href=\"https:\/\/www.zeit.de\/thema\/steuererklaerung\" rel=\"nofollow noopener\" target=\"_blank\">Steuererkl\u00e4rungen<\/a> an Medien durchgestochen hatte.\u00a0\n<\/p>\n<p class=\"paragraph article__item\">Ebenfalls als Teil der Vereinbarung wurde ein umstrittener Entsch\u00e4digungsfonds f\u00fcr angebliche Opfer einer politisch instrumentalisierten Justiz unter dem fr\u00fcheren Pr\u00e4sidenten Joe Biden geschaffen. Blanche wollte bei einer Befragung im Kongress am Dienstag nicht ausschlie\u00dfen, dass auch verurteilte Straft\u00e4ter, die beim Sturm auf das Kapitol Polizisten angegriffen hatten, <a href=\"https:\/\/www.zeit.de\/politik\/ausland\/2026-05\/usa-justizministerium-fonds-donald-trump-klage-steuerbehoerde\" target=\"_blank\" rel=\"nofollow noopener\">f\u00fcr Auszahlungen aus dem 1,776 Milliarden Dollar schweren Fonds in Betracht kommen<\/a>.\n<\/p>\n<p class=\"paragraph article__item\">Trump selbst soll im Zuge der Einigung kein Geld erhalten, wohl aber eine formale Entschuldigung, wie das <a class=\"rtr-entity\" href=\"https:\/\/www.zeit.de\/thema\/justizministerium\" rel=\"nofollow noopener\" target=\"_blank\">Justizministerium<\/a> mitteilte.\n<\/p>\n<p>US-Praesident<\/p>\n<p>            Donald Trump        <\/p>\n<p>                <a href=\"https:\/\/www.zeit.de\/politik\/ausland\/2026-05\/amtsfaehigkeit-donald-trump-brief-mediziner-debatte\" data-ct-label=\"Amtsf\u00e4higkeit von Donald Trump: Darf man Trump aus der Ferne diagnostizieren?\" data-uuid=\"6635fe37-63ef-4eb8-bbc0-a0483c78b645\" rel=\"nofollow noopener\" target=\"_blank\"><\/p>\n<p>        Z+ (abopflichtiger Inhalt);<\/p>\n<p>    Amtsf\u00e4higkeit von Donald Trump:<br \/>\n                        Darf man Trump aus der Ferne diagnostizieren?<\/p>\n<p>                <\/a><\/p>\n<p>                <a href=\"https:\/\/www.zeit.de\/politik\/ausland\/2026-05\/waffenlieferung-taiwan-donald-trump-usa-china\" data-ct-label=\"Taiwan: Und dann spricht er doch \u00fcber Taiwan \" data-uuid=\"1f610868-c0a7-4e3c-8890-81c4d7eb03a8\" rel=\"nofollow noopener\" target=\"_blank\"><\/p>\n<p>        Z+ (abopflichtiger Inhalt);<\/p>\n<p>    Taiwan:<br \/>\n                        Und dann spricht er doch \u00fcber Taiwan <\/p>\n<p>                <\/a><\/p>\n<p>                <a href=\"https:\/\/www.zeit.de\/2026\/22\/usa-sanktionen-internationaler-strafgerichtshof-trump-executive\" data-ct-label=\"US-Sanktionen gegen den IStGH: Wann wehrt sich die EU gegen Donald Trump?\" data-uuid=\"a258ef05-e39d-4def-a376-f7d5c9578649\" rel=\"nofollow noopener\" target=\"_blank\"><\/p>\n<p>        Z+ (abopflichtiger Inhalt);<\/p>\n<p>    US-Sanktionen gegen den IStGH:<br \/>\n                        Wann wehrt sich die EU gegen Donald Trump?<\/p>\n<p>                <\/a><\/p>\n","protected":false},"excerpt":{"rendered":"US-Pr\u00e4sident Donald Trump hat im Gegenzug f\u00fcr die Beilegung seiner 10-Milliarden-Dollar-Klage gegen die Steuerbeh\u00f6rde IRS weitere umfangreiche Zugest\u00e4ndnisse&hellip;\n","protected":false},"author":2,"featured_media":1032311,"comment_status":"","ping_status":"","sticky":false,"template":"","format":"standard","meta":{"footnotes":"","_share_on_mastodon":"0"},"categories":[5],"tags":[106,13,10627,65245,1293,56703,14,15,16,12,22637,10630,82976,10,8,9,11,99674,4144,64],"class_list":["post-1032310","post","type-post","status-publish","format-standard","has-post-thumbnail","category-nachrichten","tag-donald-trump","tag-headlines","tag-irs","tag-justizminister","tag-justizministerium","tag-justizministerium-der-vereinigten-staaten","tag-nachrichten","tag-news","tag-politik","tag-schlagzeilen","tag-steuer","tag-steuererklaerung","tag-todd-blanche","tag-top-news","tag-top-meldungen","tag-topmeldungen","tag-topnews","tag-trump-organization","tag-us-praesident","tag-usa"],"share_on_mastodon":{"url":"https:\/\/pubeurope.com\/@de\/116604740837075667","error":""},"_links":{"self":[{"href":"https:\/\/www.europesays.com\/de\/wp-json\/wp\/v2\/posts\/1032310","targetHints":{"allow":["GET"]}}],"collection":[{"href":"https:\/\/www.europesays.com\/de\/wp-json\/wp\/v2\/posts"}],"about":[{"href":"https:\/\/www.europesays.com\/de\/wp-json\/wp\/v2\/types\/post"}],"author":[{"embeddable":true,"href":"https:\/\/www.europesays.com\/de\/wp-json\/wp\/v2\/users\/2"}],"replies":[{"embeddable":true,"href":"https:\/\/www.europesays.com\/de\/wp-json\/wp\/v2\/comments?post=1032310"}],"version-history":[{"count":0,"href":"https:\/\/www.europesays.com\/de\/wp-json\/wp\/v2\/posts\/1032310\/revisions"}],"wp:featuredmedia":[{"embeddable":true,"href":"https:\/\/www.europesays.com\/de\/wp-json\/wp\/v2\/media\/1032311"}],"wp:attachment":[{"href":"https:\/\/www.europesays.com\/de\/wp-json\/wp\/v2\/media?parent=1032310"}],"wp:term":[{"taxonomy":"category","embeddable":true,"href":"https:\/\/www.europesays.com\/de\/wp-json\/wp\/v2\/categories?post=1032310"},{"taxonomy":"post_tag","embeddable":true,"href":"https:\/\/www.europesays.com\/de\/wp-json\/wp\/v2\/tags?post=1032310"}],"curies":[{"name":"wp","href":"https:\/\/api.w.org\/{rel}","templated":true}]}}