{"id":1032338,"date":"2026-05-20T03:33:55","date_gmt":"2026-05-20T03:33:55","guid":{"rendered":"https:\/\/www.europesays.com\/de\/1032338\/"},"modified":"2026-05-20T03:33:55","modified_gmt":"2026-05-20T03:33:55","slug":"schuesse-auf-transporter-in-bielefeld-tatverdaechtiger-aus-spenge-frei","status":"publish","type":"post","link":"https:\/\/www.europesays.com\/de\/1032338\/","title":{"rendered":"Sch\u00fcsse auf Transporter in Bielefeld: Tatverd\u00e4chtiger aus Spenge frei"},"content":{"rendered":"<p>Bez\u00fcglich der Sch\u00fcsse auf einem Parkplatz in Bielefeld hat einer der Tatverd\u00e4chtigen ein Alibi. Er wurde aus der Untersuchungshaft entlassen. Die Ermittlungen laufen.<\/p>\n<p>Bielefeld (dpa) &#8211; Nach Sch\u00fcssen auf einen Transporter in Bielefeld ist auch der zweite Tatverd\u00e4chtige wieder auf freiem Fu\u00df. Der 21-J\u00e4hrige aus Spenge im Kreis Herford habe f\u00fcr die Zeit der Schussabgabe ein Alibi, teilten die Ermittlungsbeh\u00f6rden mit. Bei seiner Festnahme am Sonntag hatte er gegen\u00fcber der Polizei noch keine Angaben gemacht. Bei der Vorf\u00fchrung beim Haftrichter hatte er dann laut Mitteilung einen anderen Aufenthaltsort genannt, der sich bei der \u00dcberpr\u00fcfung als richtig herausgestellt habe. <\/p>\n<p class=\"contextmenu caption\">Erste Fahndung zun\u00e4chst ohne Erfolg<\/p>\n<p>Unter Tatverdacht geraten war der Mann aus Spenge, weil an ihn zum Tatzeitpunkt ein Auto mit Wuppertaler Kennzeichen vermietet war. Dieses Fahrzeug hatte den Ort nach der Schussabgabe verlassen. <\/p>\n<p>Am sp\u00e4ten Samstagabend hatten Anwohner die Sch\u00fcsse auf dem Parkplatz eines Supermarktes gemeldet. Zwei Autos, darunter der Transporter, auf den geschossen wurde, waren davongefahren. Kurz darauf habe ein Mann einen Verletzten mit einer Schusswunde im Kopfbereich in ein Krankenhaus gebracht, hatte die Polizei am Wochenende mitgeteilt. Der Mann war schwer verletzt, Lebensgefahr bestand aber nicht. <\/p>\n<p>Eine erste Fahndung nach den T\u00e4tern verlief zun\u00e4chst ohne Erfolg. Die Polizei richtete eine Mordkommission ein und ermittelte am n\u00e4chsten Morgen zwei Tatverd\u00e4chtige. Einer von beiden kam bereits kurz nach seiner vorl\u00e4ufigen Festnahme wieder frei. Der Zweite wurde jetzt aus der Untersuchungshaft entlassen.<\/p>\n<p>Texte und Fotos von die-glocke.de sind urheberrechtlich gesch\u00fctzt.<br \/>\n            Weiterverwendung nur mit Genehmigung der Chefredaktion.<\/p>\n","protected":false},"excerpt":{"rendered":"Bez\u00fcglich der Sch\u00fcsse auf einem Parkplatz in Bielefeld hat einer der Tatverd\u00e4chtigen ein Alibi. Er wurde aus der&hellip;\n","protected":false},"author":2,"featured_media":1032339,"comment_status":"","ping_status":"","sticky":false,"template":"","format":"standard","meta":{"footnotes":"","_share_on_mastodon":"0"},"categories":[1841],"tags":[1605,3364,29,30,1209,121,2688,55150,3603],"class_list":["post-1032338","post","type-post","status-publish","format-standard","has-post-thumbnail","category-bielefeld","tag-bielefeld","tag-de","tag-deutschland","tag-germany","tag-nordrhein-westfalen","tag-polizei","tag-schuesse","tag-spenge","tag-transporter"],"share_on_mastodon":{"url":"https:\/\/pubeurope.com\/@de\/116604807829753503","error":""},"_links":{"self":[{"href":"https:\/\/www.europesays.com\/de\/wp-json\/wp\/v2\/posts\/1032338","targetHints":{"allow":["GET"]}}],"collection":[{"href":"https:\/\/www.europesays.com\/de\/wp-json\/wp\/v2\/posts"}],"about":[{"href":"https:\/\/www.europesays.com\/de\/wp-json\/wp\/v2\/types\/post"}],"author":[{"embeddable":true,"href":"https:\/\/www.europesays.com\/de\/wp-json\/wp\/v2\/users\/2"}],"replies":[{"embeddable":true,"href":"https:\/\/www.europesays.com\/de\/wp-json\/wp\/v2\/comments?post=1032338"}],"version-history":[{"count":0,"href":"https:\/\/www.europesays.com\/de\/wp-json\/wp\/v2\/posts\/1032338\/revisions"}],"wp:featuredmedia":[{"embeddable":true,"href":"https:\/\/www.europesays.com\/de\/wp-json\/wp\/v2\/media\/1032339"}],"wp:attachment":[{"href":"https:\/\/www.europesays.com\/de\/wp-json\/wp\/v2\/media?parent=1032338"}],"wp:term":[{"taxonomy":"category","embeddable":true,"href":"https:\/\/www.europesays.com\/de\/wp-json\/wp\/v2\/categories?post=1032338"},{"taxonomy":"post_tag","embeddable":true,"href":"https:\/\/www.europesays.com\/de\/wp-json\/wp\/v2\/tags?post=1032338"}],"curies":[{"name":"wp","href":"https:\/\/api.w.org\/{rel}","templated":true}]}}